{"id":141092,"date":"2025-12-09T13:16:13","date_gmt":"2025-12-09T13:16:13","guid":{"rendered":"https:\/\/www.europesays.com\/pl\/141092\/"},"modified":"2025-12-09T13:16:13","modified_gmt":"2025-12-09T13:16:13","slug":"poznanskie-lotnisko-bedzie-sie-rozbudowywac-tak-ma-wygladac","status":"publish","type":"post","link":"https:\/\/www.europesays.com\/pl\/141092\/","title":{"rendered":"Pozna\u0144skie lotnisko b\u0119dzie si\u0119 rozbudowywa\u0107. Tak ma wygl\u0105da\u0107"},"content":{"rendered":"<p>    Nowy wygl\u0105d zyska hala Check-in.<\/p>\n<p>Jest przetarg na opracowanie dokumentacji projektowej wraz z uzyskaniem decyzji umo\u017cliwiaj\u0105cych wykonanie prac budowlanych w zakresie rozbudowy hali check-in terminala pasa\u017cerskiego pozna\u0144skiego lotniska. Je\u015bli wszystko p\u00f3jdzie zgodnie z planem, prace projektowe i uzyskiwanie niezb\u0119dnych pozwole\u0144 powinny potrwa\u0107 do ko\u0144ca sezonu letniego 2026 roku. W\u00f3wczas sama inwestycja mia\u0142aby ruszy\u0107 pod koniec przysz\u0142ego roku i potrwa\u0107 kilka miesi\u0119cy. Lotnisko chcia\u0142oby, aby prace zako\u0144czono przed letnim szczytem sezonu, a wi\u0119c jeszcze wiosn\u0105. <\/p>\n<p><a href=\"https:\/\/epoznan.pl\/adsysClick?id=20722\" target=\"_blank\" rel=\"nofollow noopener\">Nie czekaj! Korzystanie z piec\u00f3w niespe\u0142niaj\u0105cych norm zagro\u017cone jest grzywn\u0105! Wymie\u0144 piec i otrzymaj nawet 35 000 z\u0142. We\u017a udzia\u0142 w programie Kawka Bis. Nab\u00f3r od 2 stycznia.<\/a><\/p>\n<p>REKLAMA<\/p>\n<p>Rzecznik \u0141awicy, Marcin Weso\u0142ek, w rozmowie z &#8222;G\u0142osem Wielkopolskim&#8221; przyzna\u0142, \u017ce po rozbudowie hala b\u0119dzie dwukrotnie wi\u0119ksza, a by\u0107 mo\u017ce pojawi\u0105 si\u0119 na niej stanowiska do samodzielnej odprawy. Rozbudowa ma sprawi\u0107, \u017ce w hali check-in pasa\u017cerowie nie b\u0119d\u0105 musieli si\u0119 t\u0142oczy\u0107 przy nadawaniu baga\u017cu. <\/p>\n<p>Ile b\u0119dzie kosztowa\u0107 inwestycja? Tego jeszcze nie wiadomo. Port lotniczy zap\u0142aci za ni\u0105 z w\u0142asnych \u015brodk\u00f3w. Firmy zainteresowane udzia\u0142em w przetargu mog\u0105 si\u0119 zg\u0142asza\u0107 do 12 grudnia. Na wizualizacjach wida\u0107 za\u0142o\u017cenia programu funkcjonalno-u\u017cytkowego przygotowane pod k\u0105tem rozbudowy. <\/p>\n","protected":false},"excerpt":{"rendered":"Nowy wygl\u0105d zyska hala Check-in. Jest przetarg na opracowanie dokumentacji projektowej wraz z uzyskaniem decyzji umo\u017cliwiaj\u0105cych wykonanie prac&hellip;\n","protected":false},"author":2,"featured_media":141093,"comment_status":"","ping_status":"","sticky":false,"template":"","format":"standard","meta":{"footnotes":""},"categories":[16],"tags":[113,112,3511,28854,42,38,40,39,41,10547,28855],"class_list":{"0":"post-141092","1":"post","2":"type-post","3":"status-publish","4":"format-standard","5":"has-post-thumbnail","7":"category-biznes","8":"tag-biznes","9":"tag-business","10":"tag-inwestycje","11":"tag-lotnisko-lawica","12":"tag-pl","13":"tag-poland","14":"tag-polish","15":"tag-polska","16":"tag-polski","17":"tag-port-lotniczy","18":"tag-rozbudowa-check-in"},"share_on_mastodon":{"url":"https:\/\/pubeurope.com\/@pl\/115689801927556334","error":""},"_links":{"self":[{"href":"https:\/\/www.europesays.com\/pl\/wp-json\/wp\/v2\/posts\/141092","targetHints":{"allow":["GET"]}}],"collection":[{"href":"https:\/\/www.europesays.com\/pl\/wp-json\/wp\/v2\/posts"}],"about":[{"href":"https:\/\/www.europesays.com\/pl\/wp-json\/wp\/v2\/types\/post"}],"author":[{"embeddable":true,"href":"https:\/\/www.europesays.com\/pl\/wp-json\/wp\/v2\/users\/2"}],"replies":[{"embeddable":true,"href":"https:\/\/www.europesays.com\/pl\/wp-json\/wp\/v2\/comments?post=141092"}],"version-history":[{"count":0,"href":"https:\/\/www.europesays.com\/pl\/wp-json\/wp\/v2\/posts\/141092\/revisions"}],"wp:featuredmedia":[{"embeddable":true,"href":"https:\/\/www.europesays.com\/pl\/wp-json\/wp\/v2\/media\/141093"}],"wp:attachment":[{"href":"https:\/\/www.europesays.com\/pl\/wp-json\/wp\/v2\/media?parent=141092"}],"wp:term":[{"taxonomy":"category","embeddable":true,"href":"https:\/\/www.europesays.com\/pl\/wp-json\/wp\/v2\/categories?post=141092"},{"taxonomy":"post_tag","embeddable":true,"href":"https:\/\/www.europesays.com\/pl\/wp-json\/wp\/v2\/tags?post=141092"}],"curies":[{"name":"wp","href":"https:\/\/api.w.org\/{rel}","templated":true}]}}