{"id":141096,"date":"2025-12-09T13:18:11","date_gmt":"2025-12-09T13:18:11","guid":{"rendered":"https:\/\/www.europesays.com\/pl\/141096\/"},"modified":"2025-12-09T13:18:11","modified_gmt":"2025-12-09T13:18:11","slug":"zla-wiadomosc-dla-jaroslawa-kaczynskiego-nawrocki-urasta-do-rangi-lidera","status":"publish","type":"post","link":"https:\/\/www.europesays.com\/pl\/141096\/","title":{"rendered":"Z\u0142a wiadomo\u015b\u0107 dla Jaros\u0142awa Kaczy\u0144skiego. &#8222;Nawrocki urasta do rangi lidera&#8221;"},"content":{"rendered":"<p>Dr hab. Bart\u0142omiej Biskup uwa\u017ca, \u017ce Karol Nawrocki nie przekracza granic kompetencji prezydenta, ale na pewno wychodzi poza pewne zwyczaje.<\/p>\n<p>\u2014 Jako nowa g\u0142owa pa\u0144stwa chce zaznaczy\u0107 swoj\u0105 podmiotowo\u015b\u0107. Chce ustali\u0107 nowe, twardsze zasady wsp\u00f3\u0142pracy, inne ni\u017c te, kt\u00f3re proponowa\u0142 Andrzej Duda. Oczywi\u015bcie \u017ar\u00f3d\u0142o tkwi te\u017c w relacjach rz\u0105d-prezydent, kt\u00f3re s\u0105 skomplikowane i wpisuj\u0105 si\u0119 w rywalizacj\u0119 polaryzacyjn\u0105 mi\u0119dzy centrolewic\u0105 i centroprawic\u0105, m\u00f3wi\u0105c w du\u017cym uproszczeniu \u2014 stwierdza politolog z Uniwersytetu Warszawskiego.<\/p>\n<p>Dodaje, \u017ce jednocze\u015bnie chodzi o porozumienie i jego brak. \u2014 Konflikt jest korzystny, bo cementuje elektoraty i pozwala pokaza\u0107 ostry przekaz. Rz\u0105d r\u00f3wnie\u017c odpowiada w mocnym tonie, podkre\u015blaj\u0105c, \u017ce b\u0119dzie dzia\u0142a\u0142 samodzielnie. I st\u0105d bierze si\u0119 ca\u0142e to zamieszanie \u2014 ocenia.<\/p>\n<p class=\"ods-c-paragraph \">Przypomnijmy, \u017ce Andrzej Duda w ci\u0105gu 10 lat prezydentury zawetowa\u0142 19 ustaw, Karol Nawrocki ustanowi\u0142 rekord liczby wet zg\u0142oszonych na samym pocz\u0105tku sprawowania urz\u0119du, bo jest ich 17. <a href=\"https:\/\/wiadomosci.onet.pl\/kraj\/karol-nawrocki-nazwany-wetomatem-zdecydowana-odpowiedz-prezydenta\/ts81zex\" id=\"b3e63c54-14d3-4748-a228-0d366a13a28d\" rel=\"nofollow noopener\" target=\"_blank\">Koalicja Obywatelska ju\u017c nazwa\u0142a prezydenta uszczypliwie &#8222;wetomatem&#8221;<\/a>.<\/p>\n<p class=\"ods-c-paragraph \">\u2014 Weto to najsilniejsza bro\u0144 prezydenta wobec parlamentu i rz\u0105du. Mo\u017cna by sobie wyobrazi\u0107 inne sposoby rozwi\u0105zywania spor\u00f3w, np. poprzez robocze kontakty mi\u0119dzy Kancelari\u0105 Prezydenta a premierem. Na pewno by\u0142oby to lepsze ni\u017c takie &#8222;machanie szabelkami&#8221;. Tylko pytanie, czy obie strony tego chc\u0105 \u2014 m\u00f3wi dr hab. Bart\u0142omiej Biskup.<\/p>\n<p><img decoding=\"async\" src=\"https:\/\/www.europesays.com\/pl\/wp-content\/uploads\/2025\/12\/aA0k9lBaHR0cHM6Ly9vY2RuLmV1L3B1bHNjbXMvTURBXy9mZjg0NDYxZDFmMmJjZmQzMDlmZmZjMDQ2ZTBjODZkMC5qcGeRlQLNB.jpeg\" height=\"626\" width=\"940\" alt=\"Prezydent Karol Nawrocki\" loading=\"lazy\" class=\"ods-c-image__img ods-c-image__img--viewport-width\"\/><\/p>\n<p>Prezydent Karol NawrockiMarysia Zawada\/REPORTER \/ East News<\/p>\n<p class=\"ods-c-paragraph \">Dopytywany o to, jak dalej mo\u017ce uk\u0142ada\u0107 si\u0119 wsp\u00f3\u0142praca rz\u0105du i prezydenta ocenia, \u017ce &#8222;b\u0119dzie na ostrzu no\u017ca&#8221;. \u2014 Obie strony b\u0119d\u0105 gra\u0142y na polaryzacj\u0119, pokazanie, kto jest silniejszy, kto ma wi\u0119ksz\u0105 sprawczo\u015b\u0107. \u015awiadcz\u0105 o tym m.in. s\u0142ynne filmiki Donalda Tuska i wyst\u0105pienia prezydenta, kt\u00f3ry t\u0142umaczy r\u00f3\u017cne sprawy, ale te\u017c troch\u0119 docina premierowi \u2014 m\u00f3wi ekspert.<\/p>\n<p class=\"ods-c-paragraph \">Dodaje, \u017ce ucierpi na tym pa\u0144stwo \u2014 tu rozm\u00f3wca Onetu wskazuje <a href=\"https:\/\/wiadomosci.onet.pl\/tylko-w-onecie\/ujawniamy-wplywy-antoniego-macierewicza-powodem-wojny-o-awanse-w-sluzbach\/bqcww2c\" id=\"fd80fdda-6826-4534-921c-cfcf800cc146\" rel=\"nofollow noopener\" target=\"_blank\">problem z awansami w s\u0142u\u017cbach specjalnych<\/a> czy z porozumieniem w sprawie nominacji ambasadorskich, a co za tym idzie brak przedstawicieli Polski za granic\u0105.<\/p>\n<p class=\"ods-c-paragraph \">\u2014 Na d\u0142u\u017csz\u0105 met\u0119 jest to dysfunkcjonalne. My\u015bl\u0119, \u017ce w pewnym momencie nast\u0105pi przynajmniej jakie\u015b ma\u0142e porozumienie bez kamer i reflektor\u00f3w. To k\u0142opot dla Sejmu i koalicji, bo musi uwa\u017ca\u0107 na ustawy, procedowa\u0107 je inaczej albo pr\u00f3bowa\u0107 co\u015b uzgadnia\u0107 z prezydentem. Koalicja twierdzi, \u017ce nie musi, ale chodzi o skuteczno\u015b\u0107. Z kolei prezydent nie mo\u017ce zbyt cz\u0119sto wetowa\u0107, bo pojawi si\u0119 zarzut blokowania dzia\u0142a\u0144 rz\u0105du \u2014 zaznacza dr hab. Bart\u0142omiej Biskup.<\/p>\n<p class=\"ods-c-paragraph \">Politolog wskazuje, \u017ce fina\u0142em sporu b\u0119d\u0105 wybory parlamentarne w 2027 r. \u2014 Ta sytuacja z punktu widzenia du\u017cych ugrupowa\u0144 politycznych musi by\u0107 napi\u0119ta, \u017ceby zach\u0119ci\u0107 Polak\u00f3w do p\u00f3j\u015bcia do urn \u2014 m\u00f3wi. Przy okazji zwraca uwag\u0119 na sonda\u017ce. \u2014 Notowania rz\u0105du troch\u0119 si\u0119 poprawi\u0142y. KO zyskuje, ale kosztem Polski 2050. PiS troch\u0119 traci, przede wszystkim na rzecz Grzegorza Brauna czy Konfederacji. Ten sp\u00f3r dzisiaj najbardziej dzia\u0142a w\u0142a\u015bnie na korzy\u015b\u0107 Konfederacji i Konfederacja Korony Polski. To nieoczywisty beneficjent tego uk\u0142adu \u2014 ocenia.<\/p>\n<p class=\"ods-c-paragraph \"><a href=\"https:\/\/wiadomosci.onet.pl\/kraj\/koalicja-obywatelska-znow-liderem-sondazu-tusk-ma-powody-do-radosci\/pzqlkfq\" id=\"39e8857b-1d37-4f15-a6f7-ca0b28b1c3c9\" rel=\"nofollow noopener\" target=\"_blank\">Z najnowszego sonda\u017cu partyjnego IBRiS dla Polsat News wynika, \u017ce KO cieszy si\u0119 poparciem 30,9 proc. ankietowanych<\/a>. Na drugim miejscu jest PiS z 25,5 proc. Podium zamyka Konfederacja z 13,6 proc. Dalej s\u0105 Lewica, kt\u00f3r\u0105 popiera 8,2 proc. respondent\u00f3w i Konfederacja Korony Polskiej (7,1 proc.). Poza parlamentem znalaz\u0142yby si\u0119 PSL (4 proc. poparcia), Partia Razem (3,6 proc.) i Polska 2050 (1,5 proc.). Z kolei 5,7 proc. ankietowanych nie wie, na kogo by zag\u0142osowa\u0142o.<\/p>\n<p class=\"ods-c-paragraph \">Ekspert dopytywany o to, gdzie w tym wszystkim jest Jaros\u0142aw Kaczy\u0144ski, wyja\u015bnia, \u017ce prezes PiS jest teraz zaj\u0119ty przede wszystkim polityk\u0105 parlamentarn\u0105. \u2014 Nawrocki urasta do rangi lidera tego obozu, troch\u0119 chc\u0105c nie chc\u0105c, bo ma po prostu wi\u0119ksze narz\u0119dzia. Jaros\u0142aw Kaczy\u0144ski jest w tej chwili rozgrywaj\u0105cym w parlamencie i w swojej partii, dbaj\u0105cym o sta\u0142y elektorat, ale przestaje by\u0107 pierwszoplanow\u0105 postaci\u0105 w obecnym uk\u0142adzie politycznym \u2014 zauwa\u017ca politolog.<\/p>\n","protected":false},"excerpt":{"rendered":"Dr hab. Bart\u0142omiej Biskup uwa\u017ca, \u017ce Karol Nawrocki nie przekracza granic kompetencji prezydenta, ale na pewno wychodzi poza&hellip;\n","protected":false},"author":2,"featured_media":140420,"comment_status":"","ping_status":"","sticky":false,"template":"","format":"standard","meta":{"footnotes":""},"categories":[12],"tags":[56,32,33,36,37,27,43,7210,49,34,35,28,31,48,25,46,42,38,40,39,41,380,47,29,30,26],"class_list":{"0":"post-141096","1":"post","2":"type-post","3":"status-publish","4":"format-standard","5":"has-post-thumbnail","7":"category-polska","8":"tag-article_premium","9":"tag-breaking-news","10":"tag-breakingnews","11":"tag-featured-news","12":"tag-featurednews","13":"tag-headlines","14":"tag-karol_nawrocki","15":"tag-koalicja_obywatelska","16":"tag-kraj","17":"tag-latest-news","18":"tag-latestnews","19":"tag-naglowki","20":"tag-najwazniejsze-artykuly","21":"tag-nat_styl","22":"tag-news","23":"tag-omp","24":"tag-pl","25":"tag-poland","26":"tag-polish","27":"tag-polska","28":"tag-polski","29":"tag-rzad","30":"tag-screening_general","31":"tag-top-stories","32":"tag-topstories","33":"tag-wiadomosci"},"share_on_mastodon":{"url":"https:\/\/pubeurope.com\/@pl\/115689810070748726","error":""},"_links":{"self":[{"href":"https:\/\/www.europesays.com\/pl\/wp-json\/wp\/v2\/posts\/141096","targetHints":{"allow":["GET"]}}],"collection":[{"href":"https:\/\/www.europesays.com\/pl\/wp-json\/wp\/v2\/posts"}],"about":[{"href":"https:\/\/www.europesays.com\/pl\/wp-json\/wp\/v2\/types\/post"}],"author":[{"embeddable":true,"href":"https:\/\/www.europesays.com\/pl\/wp-json\/wp\/v2\/users\/2"}],"replies":[{"embeddable":true,"href":"https:\/\/www.europesays.com\/pl\/wp-json\/wp\/v2\/comments?post=141096"}],"version-history":[{"count":0,"href":"https:\/\/www.europesays.com\/pl\/wp-json\/wp\/v2\/posts\/141096\/revisions"}],"wp:featuredmedia":[{"embeddable":true,"href":"https:\/\/www.europesays.com\/pl\/wp-json\/wp\/v2\/media\/140420"}],"wp:attachment":[{"href":"https:\/\/www.europesays.com\/pl\/wp-json\/wp\/v2\/media?parent=141096"}],"wp:term":[{"taxonomy":"category","embeddable":true,"href":"https:\/\/www.europesays.com\/pl\/wp-json\/wp\/v2\/categories?post=141096"},{"taxonomy":"post_tag","embeddable":true,"href":"https:\/\/www.europesays.com\/pl\/wp-json\/wp\/v2\/tags?post=141096"}],"curies":[{"name":"wp","href":"https:\/\/api.w.org\/{rel}","templated":true}]}}