{"id":141103,"date":"2025-12-09T13:22:12","date_gmt":"2025-12-09T13:22:12","guid":{"rendered":"https:\/\/www.europesays.com\/pl\/141103\/"},"modified":"2025-12-09T13:22:12","modified_gmt":"2025-12-09T13:22:12","slug":"perfect-dark-moglo-zostac-uratowane-przez-wydawce-gta-6-teraz-wydawca-przenosi-tworcow-do-siebie","status":"publish","type":"post","link":"https:\/\/www.europesays.com\/pl\/141103\/","title":{"rendered":"Perfect Dark mog\u0142o zosta\u0107 uratowane przez wydawc\u0119 GTA 6. Teraz wydawca przenosi tw\u00f3rc\u00f3w do siebie"},"content":{"rendered":"<p>Po skasowaniu rebootu Perfect Dark i zamkni\u0119ciu studia The Initiative wielu zastanawia\u0142o si\u0119, co stanie si\u0119 z zespo\u0142em odpowiedzialnym za projekt.<\/p>\n<p>Okazuje si\u0119, \u017ce w pewnym sensie cz\u0119\u015b\u0107 jego kluczowych tw\u00f3rc\u00f3w trafi\u0142a pod skrzyd\u0142a Take-Two. Cho\u0107 rozmowy mi\u0119dzy <a href=\"https:\/\/www.ppe.pl\/news\/381401\/perfect-dark-mogl-przetrwac-wydawca-gta-6-chcial-przejac-gre-ale-pojawily-sie-problemy.html\" target=\"_blank\" rel=\"noopener nofollow\">Take-Two a Microsoftem o przej\u0119ciu Perfect Dark i kontynuacji prac nad gr\u0105 zako\u0144czy\u0142y si\u0119 fiaskiem<\/a>, wydawca wyci\u0105gn\u0105\u0142 z negocjacji co\u015b innego &#8211; pozyska\u0142 najwa\u017cniejsze osoby kieruj\u0105ce wcze\u015bniej The Initiative.<\/p>\n<p>    Dalsza cz\u0119\u015b\u0107 tekstu pod wideo<\/p>\n<p>Darrell Gallagher, by\u0142y szef The Initiative, oraz Brian Horton, re\u017cyser Perfect Dark, og\u0142osili w\u0142a\u015bnie powstanie nowego studia pod mark\u0105 2K Games. Gallagher potwierdzi\u0142 na LinkedIn, \u017ce obejmuje stanowisko SVP i Studio Head, a jego zadaniem b\u0119dzie zbudowanie zupe\u0142nie nowego zespo\u0142u i poprowadzenie ambitnego projektu.<\/p>\n<p>        <img loading=\"lazy\" decoding=\"async\" src=\"https:\/\/www.europesays.com\/pl\/wp-content\/uploads\/2025\/12\/1765221429_173_B32963402.414688363;dc_trk_aid=607216972;dc_trk_cid=228291445;ord=[timestamp];dc_lat=;dc_rdid=;tag_f.gif\" attributionsrc=\"\" border=\"0\" height=\"1\" width=\"1\" alt=\"Advertisement\"\/><\/p>\n<p>Horton do\u0142\u0105czy\u0142 jako wiceprezes i szef dzia\u0142u kreatywnego. Obaj maj\u0105 za sob\u0105 bogat\u0105 karier\u0119, obejmuj\u0105c\u0105 m.in. prac\u0119 w Activision, Crystal Dynamics, Infinity Ward czy Insomniac.<\/p>\n<p>Nowe studio 2K nie b\u0119dzie oczywi\u015bcie tworzy\u0107 Perfect Dark, poniewa\u017c Microsoft i Take-Two nie doszli do porozumienia w sprawie praw do marki. Jednak bior\u0105c pod uwag\u0119 do\u015bwiadczenia Gallaghera i Hortona, nie jest wykluczone, \u017ce nowy projekt b\u0119dzie czerpa\u0142 z pomys\u0142\u00f3w, kt\u00f3re powsta\u0142y podczas prac nad rebootem. Dla wielu fan\u00f3w mo\u017ce to by\u0107 jedyna szansa, by zobaczy\u0107 ducha tamtej gry w innej formie.<\/p>\n<p>                                <img loading=\"lazy\" decoding=\"async\" width=\"584\" height=\"795\" alt=\"Perfect Dark mog\u0142o zosta\u0107 uratowane przez wydawc\u0119 GTA 6. Teraz wydawca przenosi tw\u00f3rc\u00f3w do siebie\" data-placeholder=\"data:image\/png;base64,iVBORw0KGgoAAAANSUhEUgAAAAEAAAABCAQAAAC1HAwCAAAAC0lEQVR42mO89B8AAqkB05ycXjIAAAAASUVORK5CYII=\" class=\"lazy\" src=\"data:image\/png;base64,iVBORw0KGgoAAAANSUhEUgAAAAEAAAABCAQAAAC1HAwCAAAAC0lEQVR42mO89B8AAqkB05ycXjIAAAAASUVORK5CYII=\" data-src=\"https:\/\/www.europesays.com\/pl\/wp-content\/uploads\/2025\/12\/041554afca93a8bc62e7.png\"\/><\/p>\n<p>    <img decoding=\"async\" src=\"https:\/\/www.ppe.pl\/build\/client\/images\/icons\/resize-icon.e1e9c338.svg\" class=\"resize-icon__icon\" alt=\"resize icon\"\/><\/p>\n<p>Ca\u0142a sytuacja jest kolejnym echem ogromnych zmian w strukturze Xbox Game Studios po lipcowych zwolnieniach obejmuj\u0105cych 9 tys. os\u00f3b.<\/p>\n","protected":false},"excerpt":{"rendered":"Po skasowaniu rebootu Perfect Dark i zamkni\u0119ciu studia The Initiative wielu zastanawia\u0142o si\u0119, co stanie si\u0119 z zespo\u0142em&hellip;\n","protected":false},"author":2,"featured_media":141104,"comment_status":"","ping_status":"","sticky":false,"template":"","format":"standard","meta":{"footnotes":""},"categories":[20],"tags":[120,118,119,42,38,40,39,41,116,114,115,121,117],"class_list":{"0":"post-141103","1":"post","2":"type-post","3":"status-publish","4":"format-standard","5":"has-post-thumbnail","7":"category-nauka-i-technika","8":"tag-nauka","9":"tag-nauka-i-technika","10":"tag-naukatechnika","11":"tag-pl","12":"tag-poland","13":"tag-polish","14":"tag-polska","15":"tag-polski","16":"tag-science","17":"tag-science-and-technology","18":"tag-sciencetechnology","19":"tag-technika","20":"tag-technology"},"share_on_mastodon":{"url":"https:\/\/pubeurope.com\/@pl\/115689826041121440","error":""},"_links":{"self":[{"href":"https:\/\/www.europesays.com\/pl\/wp-json\/wp\/v2\/posts\/141103","targetHints":{"allow":["GET"]}}],"collection":[{"href":"https:\/\/www.europesays.com\/pl\/wp-json\/wp\/v2\/posts"}],"about":[{"href":"https:\/\/www.europesays.com\/pl\/wp-json\/wp\/v2\/types\/post"}],"author":[{"embeddable":true,"href":"https:\/\/www.europesays.com\/pl\/wp-json\/wp\/v2\/users\/2"}],"replies":[{"embeddable":true,"href":"https:\/\/www.europesays.com\/pl\/wp-json\/wp\/v2\/comments?post=141103"}],"version-history":[{"count":0,"href":"https:\/\/www.europesays.com\/pl\/wp-json\/wp\/v2\/posts\/141103\/revisions"}],"wp:featuredmedia":[{"embeddable":true,"href":"https:\/\/www.europesays.com\/pl\/wp-json\/wp\/v2\/media\/141104"}],"wp:attachment":[{"href":"https:\/\/www.europesays.com\/pl\/wp-json\/wp\/v2\/media?parent=141103"}],"wp:term":[{"taxonomy":"category","embeddable":true,"href":"https:\/\/www.europesays.com\/pl\/wp-json\/wp\/v2\/categories?post=141103"},{"taxonomy":"post_tag","embeddable":true,"href":"https:\/\/www.europesays.com\/pl\/wp-json\/wp\/v2\/tags?post=141103"}],"curies":[{"name":"wp","href":"https:\/\/api.w.org\/{rel}","templated":true}]}}