{"id":141119,"date":"2025-12-09T13:30:21","date_gmt":"2025-12-09T13:30:21","guid":{"rendered":"https:\/\/www.europesays.com\/pl\/141119\/"},"modified":"2025-12-09T13:30:21","modified_gmt":"2025-12-09T13:30:21","slug":"moje-najwieksze-rozczarowania-podroznicze-tego-roku-chyba-nie-wroce","status":"publish","type":"post","link":"https:\/\/www.europesays.com\/pl\/141119\/","title":{"rendered":"Moje najwi\u0119ksze rozczarowania podr\u00f3\u017cnicze tego roku. Chyba nie wr\u00f3c\u0119"},"content":{"rendered":"<p class=\"ods-c-paragraph \">\u017byjemy w epoce, w kt\u00f3rej podr\u00f3\u017cowanie sta\u0142o si\u0119 polowaniem na kadry. Zanim wyruszymy w podr\u00f3\u017c, ogl\u0105damy konkretne miejsce co najmniej kilka razy na TikToku czy Instagramie. Idealizujemy sobie dan\u0105 atrakcj\u0119, a potem l\u0105dujemy na miejscu i okazuje si\u0119, \u017ce filtr nie dzia\u0142a na \u017cywo. Mimo \u017ce podr\u00f3\u017cowa\u0142am ju\u017c do wielu kraj\u00f3w w swoim \u017cyciu, to&#8230; tym razem sama da\u0142am si\u0119 z\u0142apa\u0107 w t\u0119 pu\u0142apk\u0119.<\/p>\n<p> Jakie by\u0142y pierwsze rozczarowania podr\u00f3\u017cnicze autorki? <\/p>\n<p> Czemu Monako nie spe\u0142ni\u0142o oczekiwa\u0144 autorki? <\/p>\n<p> Co autorka s\u0105dzi o skrzy\u017cowaniu Shibuya? <\/p>\n<p> Dlaczego Pa\u0142ac Buckingham zaskoczy\u0142 autork\u0119? <\/p>\n<p>  Monako. Luksus z nut\u0105&#8230; festynu?<\/p>\n<p class=\"ods-c-paragraph \">Pierwszym miejscem, kt\u00f3re mnie negatywnie zaskoczy\u0142o, jest Ksi\u0119stwo Monako. W wyobra\u017ani: Grace Kelly, kasyna, jachty miliarder\u00f3w i wszechobecna elegancja. Jeden z najbogatszych kraj\u00f3w \u015bwiata mia\u0142 onie\u015bmiela\u0107.<\/p>\n<p class=\"ods-c-paragraph \">Rzeczywisto\u015b\u0107? By\u0142o czysto, miejscami ca\u0142kiem elegancko, jednak&#8230; uderzy\u0142a mnie pewna &#8222;prza\u015bno\u015b\u0107&#8221; tego miejsca. Spaceruj\u0105c po deszczowym porcie, zamiast wyrafinowanej atmosfery, natkn\u0119\u0142am si\u0119 na kolorowe, nieco tandetne karuzele, kt\u00f3re wygl\u0105da\u0142y jak wyj\u0119te z powiatowego festynu, a nie ze stolicy luksusu.<\/p>\n<p>   <img decoding=\"async\" src=\"https:\/\/www.europesays.com\/pl\/wp-content\/uploads\/2025\/12\/2G0k9lBaHR0cHM6Ly9vY2RuLmV1L3B1bHNjbXMvTURBXy8yMzNkMzNiODU1M2ZmZDYxOGZjZTBiMDZiNDgwMDhlMC5qcGeSlQMAA.jpeg\" height=\"529\" width=\"940\" alt=\"Monako w listopadzie 2025 r.\" loading=\"lazy\" class=\"ods-c-image__img ods-c-image__img--viewport-width\"\/><\/p>\n<p>Monako w listopadzie 2025 r.Karolina Walczowska \/ Onet<\/p>\n<p class=\"ods-c-paragraph \">Drugim szokiem by\u0142 s\u0142ynny tor Formu\u0142y 1. W telewizji wygl\u0105da na profesjonalny obiekt sportowy. Na \u017cywo? To po prostu&#8230; normalna droga. Asfalt, pasy, kraw\u0119\u017cniki. Gdyby nie informacja przewodniczki, \u017c\u0119 p\u0119dz\u0105 t\u0119dy bolidy, w og\u00f3le bym nie zauwa\u017cy\u0142a, \u017ce st\u0105pam po legendzie motorsportu. Monako okaza\u0142o si\u0119 \u0142adne, ale dziwnie jarmarczne.<\/p>\n<p><img decoding=\"async\" src=\"https:\/\/www.europesays.com\/pl\/wp-content\/uploads\/2025\/12\/xaXk9lBaHR0cHM6Ly9vY2RuLmV1L3B1bHNjbXMvTURBXy9mMWNhMzgzNDMxYjJjZjdhMjkyNTBlYzI1NjBhZGE5OS5qcGeSlQMAA.jpeg\" height=\"529\" width=\"940\" alt=\"Monako w listopadzie 2025 r.\" loading=\"lazy\" class=\"ods-c-image__img ods-c-image__img--viewport-width\"\/><\/p>\n<p>Monako w listopadzie 2025 r.Karolina Walczowska \/ Onet<\/p>\n<p> Tokio i skrzy\u017cowanie Shibuya. Walka o \u017cycie zamiast fotki<\/p>\n<p class=\"ods-c-paragraph \">O tym miejscu nawet nie marzy\u0142am \u2014 Japonia wydawa\u0142a mi si\u0119 bardzo odleg\u0142ym krajem. Kiedy stan\u0119\u0142am w kwietniu przy najs\u0142ynniejszym skrzy\u017cowaniu \u015bwiata, mia\u0142am ciarki. W ko\u0144cu ka\u017cdy zna filmy, na kt\u00f3rych ludzie p\u0142ynnie przechodz\u0105 przez pasy w neonowym \u015bwietle, tworz\u0105c hipnotyzuj\u0105cy taniec t\u0142umu.<\/p>\n<p class=\"ods-c-paragraph \">Na miejscu czar pryska w sekund\u0119. Kiedy zapala si\u0119 zielone \u015bwiat\u0142o, nie ma mowy o magii \u2014 jest za to totalny chaos. Wszyscy chodz\u0105, jak chc\u0105, wpadaj\u0105 na siebie, tury\u015bci z kijami do selfie blokuj\u0105 drog\u0119 lokalsom spiesz\u0105cym si\u0119 do pracy. Zrobienie &#8222;kultowego&#8221; zdj\u0119cia z poziomu ulicy jest moim zdaniem niemo\u017cliwe&#8230;<\/p>\n<p>   <img decoding=\"async\" src=\"https:\/\/www.europesays.com\/pl\/wp-content\/uploads\/2025\/12\/a7nk9lBaHR0cHM6Ly9vY2RuLmV1L3B1bHNjbXMvTURBXy9iZTExYjgzNzU5ZjU5Yzc2NjcxMjQ3MjcwNzkwZWRlMS5qcGeSlQMAA.jpeg\" height=\"529\" width=\"940\" alt=\"Skrzy\u017cowanie Shibuya w Tokio jest najbardziej ruchliwym przej\u015bciem dla pieszych na \u015bwiecie, kwiecie\u0144 2025 r.\" loading=\"lazy\" class=\"ods-c-image__img ods-c-image__img--viewport-width\"\/><\/p>\n<p>Skrzy\u017cowanie Shibuya w Tokio jest najbardziej ruchliwym przej\u015bciem dla pieszych na \u015bwiecie, kwiecie\u0144 2025 r.Karolina Walczowska \/ Onet<\/p>\n<p class=\"ods-c-paragraph \">Rada? To miejsce wygl\u0105da dobrze tylko z g\u00f3ry (np. z kawiarni Starbucks czy tarasu widokowego), gdzie dystans pozwala dostrzec wz\u00f3r w tym chaosie. Z do\u0142u to po prostu zat\u0142oczone, m\u0119cz\u0105ce skrzy\u017cowanie.<\/p>\n<p><img decoding=\"async\" src=\"https:\/\/www.europesays.com\/pl\/wp-content\/uploads\/2025\/12\/Hvfk9lBaHR0cHM6Ly9vY2RuLmV1L3B1bHNjbXMvTURBXy8yZTgwYzA3YTMzMTUzZjRhYmQ4NTk2YTRiMDNjNWFmZi5qcGeSlQMAA.jpeg\" height=\"529\" width=\"940\" alt=\"Widok na skrzy\u017cowanie ze Starbucksa, kwiecie\u0144 2025 r.\" loading=\"lazy\" class=\"ods-c-image__img ods-c-image__img--viewport-width\"\/><\/p>\n<p>Widok na skrzy\u017cowanie ze Starbucksa, kwiecie\u0144 2025 r.Karolina Walczowska \/ Onet<\/p>\n<p> Londyn i Pa\u0142ac Buckingham<\/p>\n<p class=\"ods-c-paragraph \">Do Wielkiej Brytanii trafi\u0142am w tym roku po raz pierwszy w \u017cyciu. We wrze\u015bniu by\u0142am na kr\u00f3tkim kursie j\u0119zyka angielskiego w Oksfordzie, ale te\u017c odwiedzi\u0142am dwa razy na kilka godzin Londyn. Nie spodziewa\u0142am si\u0119, \u017ce znalezienie Pa\u0142acu Buckingham oka\u017ce si\u0119 dla mnie zagadk\u0105 stulecia. <\/p>\n<p><img decoding=\"async\" src=\"https:\/\/www.europesays.com\/pl\/wp-content\/uploads\/2025\/12\/15Rk9lBaHR0cHM6Ly9vY2RuLmV1L3B1bHNjbXMvTURBXy8wZDM5MWI2ZDlmMThlY2YyMzk4YjU3ODMxNWJiNTNiNi5qcGeSlQMAA.jpeg\" height=\"529\" width=\"940\" alt=\"Pa\u0142ac Buckingham w Londynie we wrze\u015bniu 2025 r.\" loading=\"lazy\" class=\"ods-c-image__img ods-c-image__img--viewport-width\"\/><\/p>\n<p>Pa\u0142ac Buckingham w Londynie we wrze\u015bniu 2025 r.Karolina Walczowska \/ Onet<\/p>\n<p class=\"ods-c-paragraph \">Mimo \u017ce obrazek tego\u017c przybytku wy\u015bwietla\u0142 mi si\u0119 niejednokrotnie w mediach spo\u0142eczno\u015bciowych oraz pojawia\u0142 si\u0119 w programach telewizyjnych, filmach i serialach, to na miejscu prawie go&#8230; omin\u0119\u0142am.<\/p>\n<p><img decoding=\"async\" src=\"https:\/\/www.europesays.com\/pl\/wp-content\/uploads\/2025\/12\/Mikk9lBaHR0cHM6Ly9vY2RuLmV1L3B1bHNjbXMvTURBXy85N2JhY2JiMThmZmFmNGIzNzY5NzhhZTgzNzUzNDhiOS5qcGeSlQMAA.jpeg\" height=\"529\" width=\"940\" alt=\"Pa\u0142ac Buckingham w Londynie we wrze\u015bniu 2025 r.\" loading=\"lazy\" class=\"ods-c-image__img ods-c-image__img--viewport-width\"\/><\/p>\n<p>Pa\u0142ac Buckingham w Londynie we wrze\u015bniu 2025 r.Karolina Walczowska \/ Onet<\/p>\n<p class=\"ods-c-paragraph \">Moj\u0105 uwag\u0119 zwr\u00f3ci\u0142 gigantyczny t\u0142um czekaj\u0105cy na zmian\u0119 warty. Gdyby nie te tysi\u0105ce ludzi i policja konna, prawdopodobnie przesz\u0142abym obok, my\u015bl\u0105c, \u017ce to po prostu du\u017cy, zadbany obiekt albo bogatsza kamienica. Budynek jest elegancki, ale&#8230; zwyczajny. <\/p>\n<p class=\"ods-c-paragraph \">Inn\u0105 spraw\u0105 jest, \u017ce obecno\u015b\u0107 takiej liczby turyst\u00f3w mnie zupe\u0142nie przyt\u0142oczy\u0142a i uciek\u0142am do pobliskiej parku. Niemniej spodziewa\u0142am si\u0119 wi\u0119kszej pompy.<\/p>\n<p>Oczekiwania kontra rzeczywisto\u015b\u0107   <\/p>\n<p class=\"ods-c-paragraph \">Czy Monako faktycznie jest prza\u015bne, a pa\u0142ac trzeba omija\u0107? Te miejsca absolutnie nie skrad\u0142y mojego serca, a nawet mnie rozczarowa\u0142y. Z drugiej strony czuj\u0119, \u017ce tak si\u0119 sta\u0142o z powodu wysokich oczekiwa\u0144, kt\u00f3re mia\u0142am przez media.<\/p>\n<p class=\"ods-c-paragraph \">Algorytmy karmi\u0105 nas zdj\u0119ciami robionymi o 6 rano, w idealnym, z\u0142otym s\u0142o\u0144cu, szerokok\u0105tnym obiektywem, kt\u00f3ry magicznie ukrywa kosze na \u015bmieci i remonty elewacji. Nasz m\u00f3zg nie\u015bwiadomie rejestruje te obrazy jako &#8222;norm\u0119&#8221;. Kiedy wi\u0119c przyje\u017cd\u017camy na miejsce o 14 w pochmurny wtorek, czujemy si\u0119 oszukani, bo rzeczywisto\u015b\u0107 nie dorasta do wersji wykreowanej przez filtry.<\/p>\n<p class=\"ods-c-paragraph \">Jak nie da\u0107 si\u0119 nabra\u0107 nast\u0119pnym razem? Nie grzeba\u0107 za du\u017co na Instagramie i TikToku, a na miejscu&#8230; pozwoli\u0107 sobie si\u0119 zgubi\u0107. Po prostu na chwil\u0119 zignorowa\u0107 nawigacj\u0119 w telefonie i list\u0119 atrakcji, kt\u00f3re &#8222;trzeba zobaczy\u0107&#8221;. Szybko mo\u017ce okaza\u0107 si\u0119, \u017ce nie tylko trafimy na urokliw\u0105 uliczk\u0119, ciekawy mural czy restauracj\u0119 z przemi\u0142ym kelnerem, ale tak\u017ce poznamy ciekawych ludzi i prze\u017cyjemy niezapomnian\u0105 przygod\u0119.<\/p>\n<p class=\"ods-c-paragraph \">Nie mam pewno\u015bci, czy wr\u00f3c\u0119 w te konkretne lokalizacje \u2014 cho\u0107 do Londynu i Tokio w przysz\u0142o\u015bci bardzo bym chcia\u0142a&#8230; a wy? Byli\u015bcie w miejscach, w kt\u00f3rych rzeczywisto\u015b\u0107 rozmin\u0119\u0142a si\u0119 z oczekiwaniami? Dajcie zna\u0107, jakie s\u0105 wasze do\u015bwiadczenia. Czekam na wiadomo\u015bci pod adresem: karolina.walczowska@redakcjaonet.pl<\/p>\n","protected":false},"excerpt":{"rendered":"\u017byjemy w epoce, w kt\u00f3rej podr\u00f3\u017cowanie sta\u0142o si\u0119 polowaniem na kadry. Zanim wyruszymy w podr\u00f3\u017c, ogl\u0105damy konkretne miejsce&hellip;\n","protected":false},"author":2,"featured_media":141120,"comment_status":"","ping_status":"","sticky":false,"template":"","format":"standard","meta":{"footnotes":""},"categories":[16],"tags":[210,113,112,2857,8504,706,21549,2782,8752,1154,946,48,46,10536,23643,42,38,40,39,41,47,14166,243],"class_list":{"0":"post-141119","1":"post","2":"type-post","3":"status-publish","4":"format-standard","5":"has-post-thumbnail","7":"category-biznes","8":"tag-aktualnosci","9":"tag-biznes","10":"tag-business","11":"tag-formula_1","12":"tag-instagram","13":"tag-japonia","14":"tag-jezyk_angielski","15":"tag-londyn","16":"tag-luksus","17":"tag-media_spolecznosciowe","18":"tag-monako","19":"tag-nat_styl","20":"tag-omp","21":"tag-palac_buckingham","22":"tag-palac","23":"tag-pl","24":"tag-poland","25":"tag-polish","26":"tag-polska","27":"tag-polski","28":"tag-screening_general","29":"tag-tiktok","30":"tag-tokio"},"share_on_mastodon":{"url":"https:\/\/pubeurope.com\/@pl\/115689857368697892","error":""},"_links":{"self":[{"href":"https:\/\/www.europesays.com\/pl\/wp-json\/wp\/v2\/posts\/141119","targetHints":{"allow":["GET"]}}],"collection":[{"href":"https:\/\/www.europesays.com\/pl\/wp-json\/wp\/v2\/posts"}],"about":[{"href":"https:\/\/www.europesays.com\/pl\/wp-json\/wp\/v2\/types\/post"}],"author":[{"embeddable":true,"href":"https:\/\/www.europesays.com\/pl\/wp-json\/wp\/v2\/users\/2"}],"replies":[{"embeddable":true,"href":"https:\/\/www.europesays.com\/pl\/wp-json\/wp\/v2\/comments?post=141119"}],"version-history":[{"count":0,"href":"https:\/\/www.europesays.com\/pl\/wp-json\/wp\/v2\/posts\/141119\/revisions"}],"wp:featuredmedia":[{"embeddable":true,"href":"https:\/\/www.europesays.com\/pl\/wp-json\/wp\/v2\/media\/141120"}],"wp:attachment":[{"href":"https:\/\/www.europesays.com\/pl\/wp-json\/wp\/v2\/media?parent=141119"}],"wp:term":[{"taxonomy":"category","embeddable":true,"href":"https:\/\/www.europesays.com\/pl\/wp-json\/wp\/v2\/categories?post=141119"},{"taxonomy":"post_tag","embeddable":true,"href":"https:\/\/www.europesays.com\/pl\/wp-json\/wp\/v2\/tags?post=141119"}],"curies":[{"name":"wp","href":"https:\/\/api.w.org\/{rel}","templated":true}]}}