{"id":141121,"date":"2025-12-09T13:31:13","date_gmt":"2025-12-09T13:31:13","guid":{"rendered":"https:\/\/www.europesays.com\/pl\/141121\/"},"modified":"2025-12-09T13:31:13","modified_gmt":"2025-12-09T13:31:13","slug":"rosyjscy-piloci-katapultowali-sie-w-hangarze-rezim-chcial-to-ukryc-tvp-info","status":"publish","type":"post","link":"https:\/\/www.europesays.com\/pl\/141121\/","title":{"rendered":"Rosyjscy piloci katapultowali si\u0119 w hangarze. Re\u017cim chcia\u0142 to ukry\u0107 &#8211; TVP Info"},"content":{"rendered":"<ol>\n<li><a href=\"https:\/\/news.google.com\/rss\/articles\/CBMiyAFBVV95cUxQaDZnTTc2ZmVwdzVTcFp6ZENqeVd3aW5xbFNJbVFSQzNPRWZoaWRGQ0RURW9kNzlPTC1nWHMtTVZrdFlpN1hBd05XeXAzcU1zWm5HX2pDeUcyOExoS3JwM2dIMXhiX3dwQmMzZjlDeTZNX1pTY2NGa29URHR3TTZMZ0x4UXdackVhV2MtbDNwQWo3ZTIzdWFRdUM2Mi1reUJvNVdMQzduTy05ckl1TW8wOU9kdzRCWXk2Q1dXODdaZVJ1eU1mbHFrZg?oc=5\" target=\"_blank\" rel=\"nofollow noopener\">Rosyjscy piloci katapultowali si\u0119 w hangarze. Re\u017cim chcia\u0142 to ukry\u0107<\/a>&nbsp;&nbsp;TVP Info<\/li>\n<li><a href=\"https:\/\/news.google.com\/rss\/articles\/CBMixAFBVV95cUxQTFUzdzdCb0tZdmRJWTh4akQzamhqcTVNQmMwcWdqcHozajRkcll6TEVpUUdUSEd4U0t2S3BJZ2djMktHRFdSS3k3WW4xTm4wQXVvdzdtYWtDZFFYdGZVMkRNRzJiVkVsSWZhb0JhaGdUVjhiMUxyMFVKSDl1SXg1UVEtdV9wdjE2LVdFNGJCTU9Ob19aV3BVZWRjZWVaanF6TTFjaDJXSmllQTNDTF9oTDIyMWttdTRzUTRXLXVsS2xxZ196?oc=5\" target=\"_blank\" rel=\"nofollow noopener\">Rosjanie katapultowani w hangarze. Uderzyli w dach i zgin\u0119li<\/a>&nbsp;&nbsp;RMF24<\/li>\n<li><a href=\"https:\/\/news.google.com\/rss\/articles\/CBMitgFBVV95cUxQZzlTelFlUDNrOHFzQS1CWWRjbkxzMUFYejNwV2JSTmtYUjQ0djFfSk1PNnR5cm9zaXhGd2hCMHlUMEhKRm5qd1h0WWcybkktMFJOeVJLX1ROUk5WS19QdUNhTmVxZTd3eU12aVhPWE8xcWVhczhiSU1ZOTdHVXJkdUEtamFqSlpnWDVNRGdnb3dUVkpleHc2cFdnS283WjlHNVNra0JDTTMzZVc0NVBqNmlySmtLUQ?oc=5\" target=\"_blank\" rel=\"nofollow noopener\">Tragiczny wypadek. Piloci katapultowani w hangarze<\/a>&nbsp;&nbsp;Defence24<\/li>\n<li><a href=\"https:\/\/news.google.com\/rss\/articles\/CBMiugFBVV95cUxOZUpfQnJ4bDc4cWN3N0h2QzZxd00zSGxRakNZaVpMQ2dpaFFKUUVYUEluQ25rUlFSX0hsck1jRmNkWk1KLUtPSVRLTEZZWGx5TDFfRENBSTluQ0F1dDZvYnRiRmZtUGRfQlQxczhoZlZUZGQzZ0JWY1M4SmVHajNwX1Y3YmE2cmRKMEpUZlJjQXQwS2poYk4zVHdQSW9IemxKcXYxNVhOWjAwV2J4WWhfbzQ2WWpIU2JtWmc?oc=5\" target=\"_blank\" rel=\"nofollow noopener\">Szokuj\u0105cy wypadek rosyjskiego bombowca. A\u017c ci\u0119\u017cko uwierzy\u0107, co zabi\u0142o za\u0142og\u0119<\/a>&nbsp;&nbsp;Fakt<\/li>\n<li><a href=\"https:\/\/news.google.com\/rss\/articles\/CBMimAFBVV95cUxNT0paTXRGanhHekNhY3BvYVFuODFKS1RCRkRTX1UwbWk3LV8zTkNydDFBTVlRZ2xIVklNOEJ2MXotSUVpeXF4bVRGVlZabzJCNG9rcVB3VzRqMGR3OEVyMm5femlUaDdTWXdraFBxdnJMaDVXUGJJb0VWdlNVdU5mNS0tRXBWZE16aVlFSThibnY3LUpEWEdlNg?oc=5\" target=\"_blank\" rel=\"nofollow noopener\">Rosyjscy piloci katapultowali si\u0119 wewn\u0105trz hangaru. Nie prze\u017cyli<\/a>&nbsp;&nbsp;Belsat<\/li>\n<\/ol>\n","protected":false},"excerpt":{"rendered":"Rosyjscy piloci katapultowali si\u0119 w hangarze. Re\u017cim chcia\u0142 to ukry\u0107&nbsp;&nbsp;TVP Info Rosjanie katapultowani w hangarze. Uderzyli w dach&hellip;\n","protected":false},"author":2,"featured_media":141122,"comment_status":"","ping_status":"","sticky":false,"template":"","format":"standard","meta":{"footnotes":""},"categories":[14],"tags":[32,33,27,34,35,28,31,25,40,41,80,29,30,26,82,83,84],"class_list":{"0":"post-141121","1":"post","2":"type-post","3":"status-publish","4":"format-standard","5":"has-post-thumbnail","7":"category-swiat","8":"tag-breaking-news","9":"tag-breakingnews","10":"tag-headlines","11":"tag-latest-news","12":"tag-latestnews","13":"tag-naglowki","14":"tag-najwazniejsze-artykuly","15":"tag-news","16":"tag-polish","17":"tag-polski","18":"tag-swiat","19":"tag-top-stories","20":"tag-topstories","21":"tag-wiadomosci","22":"tag-world","23":"tag-world-news","24":"tag-worldnews"},"share_on_mastodon":{"url":"https:\/\/pubeurope.com\/@pl\/115689861003432472","error":""},"_links":{"self":[{"href":"https:\/\/www.europesays.com\/pl\/wp-json\/wp\/v2\/posts\/141121","targetHints":{"allow":["GET"]}}],"collection":[{"href":"https:\/\/www.europesays.com\/pl\/wp-json\/wp\/v2\/posts"}],"about":[{"href":"https:\/\/www.europesays.com\/pl\/wp-json\/wp\/v2\/types\/post"}],"author":[{"embeddable":true,"href":"https:\/\/www.europesays.com\/pl\/wp-json\/wp\/v2\/users\/2"}],"replies":[{"embeddable":true,"href":"https:\/\/www.europesays.com\/pl\/wp-json\/wp\/v2\/comments?post=141121"}],"version-history":[{"count":0,"href":"https:\/\/www.europesays.com\/pl\/wp-json\/wp\/v2\/posts\/141121\/revisions"}],"wp:featuredmedia":[{"embeddable":true,"href":"https:\/\/www.europesays.com\/pl\/wp-json\/wp\/v2\/media\/141122"}],"wp:attachment":[{"href":"https:\/\/www.europesays.com\/pl\/wp-json\/wp\/v2\/media?parent=141121"}],"wp:term":[{"taxonomy":"category","embeddable":true,"href":"https:\/\/www.europesays.com\/pl\/wp-json\/wp\/v2\/categories?post=141121"},{"taxonomy":"post_tag","embeddable":true,"href":"https:\/\/www.europesays.com\/pl\/wp-json\/wp\/v2\/tags?post=141121"}],"curies":[{"name":"wp","href":"https:\/\/api.w.org\/{rel}","templated":true}]}}