{"id":141131,"date":"2025-12-09T13:36:12","date_gmt":"2025-12-09T13:36:12","guid":{"rendered":"https:\/\/www.europesays.com\/pl\/141131\/"},"modified":"2025-12-09T13:36:12","modified_gmt":"2025-12-09T13:36:12","slug":"apple-udostepnilo-ios-26-2-rc2","status":"publish","type":"post","link":"https:\/\/www.europesays.com\/pl\/141131\/","title":{"rendered":"Apple udost\u0119pni\u0142o iOS 26.2 RC2"},"content":{"rendered":"<p>Czekamy na finalna wersj\u0119 iOS 26.2, tymczasem Apple udost\u0119pni\u0142o drug\u0105, poprawion\u0105 wersj\u0119 RC (Release Candidate) tej aktualizacji.<\/p>\n<p>Co si\u0119 zmieni\u0142o?<\/p>\n<p>iOS 26.2 RC2<\/p>\n<p>Udost\u0119pnianie drugiej wersji RC to rzadko\u015b\u0107, wi\u0119c skoro Cupertino zdecydowa\u0142o si\u0119 to zrobi\u0107, to znaczy, \u017ce poprzednia wersja zawiera\u0142a jeszcze jakie\u015b znacz\u0105ce b\u0142\u0119dy, kt\u00f3re uniemo\u017cliwi\u0142y udost\u0119pnienie jej wszystkim u\u017cytkownikom jako wersja finalna.<\/p>\n<p>RC2 jest oznaczony numerem 23C54, podczas gdy pierwsza wersja Release Candidate iOS 26.2 by\u0142y oznaczona\u00a0numerem 23C52.<\/p>\n<p>Wygl\u0105da na to, \u017ce finalna wersja iOS 26.2 pojawi si\u0119 najwcze\u015bniej jutro wieczorem.<\/p>\n<p>Tymczasem sprawd\u017acie najwa\u017cniejsze nowo\u015bci w iOS 26.2:<\/p>\n<ul>\n<li>t\u0142umaczenia na \u017cywo z AirPods w Unii Europejskiej (funkcja\u00a0Live Translation)<\/li>\n<li>koniec z synchronizacj\u0105 sieci WiFi mi\u0119dzy iPhonem a Apple Watchem w Unii Europejskiej<\/li>\n<li>nowa\u00a0funkcjonalno\u015b\u0107\u00a0AirDrop \u2013 aktywuje AirDrop pomi\u0119dzy osobami spoza kontakt\u00f3w na 30 dni<\/li>\n<li>suwak Liquid Glass na ekranie blokady \u2013\u00a0pozwala dostosowa\u0107 stopie\u0144 przezroczysto\u015bci zegara<\/li>\n<li>ulepszenia\u00a0funkcjonalno\u015bci Wynik snu<\/li>\n<\/ul>\n<ul>\n<li>alarmy w Przypomnieniach<\/li>\n<li>mo\u017cliwo\u015bci wy\u0142\u0105czenia opcji przypi\u0119tej konwersacji w aplikacji Wiadomo\u015bci dla CarPlay<\/li>\n<li>miganie ekranu przy alertach<\/li>\n<li>nowe animacje \u201cliquid drop\u201d<\/li>\n<li>\u201eUlepszone alerty bezpiecze\u0144stwa\u201d<\/li>\n<\/ul>\n<p>List\u0119 wszystkich najwa\u017cniejszych nowo\u015bci w iOS 26.2 znajdziecie <a href=\"https:\/\/thinkapple.pl\/2025\/12\/07\/ios-26-2-nowosci-iphone\/\" rel=\"nofollow noopener\" target=\"_blank\">TUTAJ<\/a>.<\/p>\n<p><a href=\"https:\/\/lantre.pl\/apple-santa-week?utm_source=thinkapple&amp;utm_medium=banner&amp;utm_campaign=ID0244202512\" target=\"_blank\" rel=\"nofollow noopener\"><\/p>\n<p>Apple na prezent? Odkryj \u015bwi\u0105teczn\u0105 ofert\u0119 Lantre<\/p>\n<p><\/a><a class=\"size-desktop\" href=\"https:\/\/lantre.pl\/apple-santa-week?utm_source=thinkapple&amp;utm_medium=banner&amp;utm_campaign=ID0244202512\" target=\"_blank\" rel=\"nofollow noopener\"><img decoding=\"async\" src=\"https:\/\/www.europesays.com\/pl\/wp-content\/uploads\/2025\/12\/800x400-thinkapple-Lantre-Santa-Week-04-12-2025.jpg\" \/><\/a><\/p>\n<p>Apple udost\u0119pni\u0142o iOS 26.2 RC2 was last modified:  grudzie\u0144 8th, 2025 by Tomek Czech<\/p>\n<p>Pod\u0142\u0105cz si\u0119 do nas na <a href=\"https:\/\/twitter.com\/thinkapple_pl\" rel=\"nofollow noopener\" target=\"_blank\">Twitterze<\/a> lub <a href=\"https:\/\/www.facebook.com\/ThinkApplePL\" rel=\"nofollow noopener\" target=\"_blank\">Facebooku<\/a>, \u017ceby nie przegapi\u0107 \u017cadnych informacji ze \u015bwiata Apple.<\/p>\n<p><script async src=\"https:\/\/platform.twitter.com\/widgets.js\" charset=\"utf-8\"><\/script><\/p>\n","protected":false},"excerpt":{"rendered":"Czekamy na finalna wersj\u0119 iOS 26.2, tymczasem Apple udost\u0119pni\u0142o drug\u0105, poprawion\u0105 wersj\u0119 RC (Release Candidate) tej aktualizacji. Co&hellip;\n","protected":false},"author":2,"featured_media":4222,"comment_status":"","ping_status":"","sticky":false,"template":"","format":"standard","meta":{"footnotes":""},"categories":[20],"tags":[2126,22138,22139,28156,28157,22140,22141,22142,22143,22144,22145,22146,22147,22148,28859,28158,28860,22149,28159,28160,120,118,119,42,38,40,39,41,116,114,115,121,117],"class_list":{"0":"post-141131","1":"post","2":"type-post","3":"status-publish","4":"format-standard","5":"has-post-thumbnail","7":"category-nauka-i-technika","8":"tag-ios-26","9":"tag-ios-26-2","10":"tag-ios-26-2-beta-1","11":"tag-ios-26-2-beta-2","12":"tag-ios-26-2-beta-3","13":"tag-ios-26-2-co-nowego","14":"tag-ios-26-2-iphone","15":"tag-ios-26-2-liquid-glass","16":"tag-ios-26-2-lista-nowosci","17":"tag-ios-26-2-lista-zmian","18":"tag-ios-26-2-nowe-funkcje","19":"tag-ios-26-2-nowosci","20":"tag-ios-26-2-public-beta","21":"tag-ios-26-2-publiczna-beta","22":"tag-ios-26-2-rc-2","23":"tag-ios-26-2-release-candidate","24":"tag-ios-26-2-release-candidate-2","25":"tag-ios-26-2-wszystkie-nowosci","26":"tag-ios-26-2-beta-4","27":"tag-ios-26-2-rc","28":"tag-nauka","29":"tag-nauka-i-technika","30":"tag-naukatechnika","31":"tag-pl","32":"tag-poland","33":"tag-polish","34":"tag-polska","35":"tag-polski","36":"tag-science","37":"tag-science-and-technology","38":"tag-sciencetechnology","39":"tag-technika","40":"tag-technology"},"share_on_mastodon":{"url":"","error":"Validation failed: Text character limit of 500 exceeded"},"_links":{"self":[{"href":"https:\/\/www.europesays.com\/pl\/wp-json\/wp\/v2\/posts\/141131","targetHints":{"allow":["GET"]}}],"collection":[{"href":"https:\/\/www.europesays.com\/pl\/wp-json\/wp\/v2\/posts"}],"about":[{"href":"https:\/\/www.europesays.com\/pl\/wp-json\/wp\/v2\/types\/post"}],"author":[{"embeddable":true,"href":"https:\/\/www.europesays.com\/pl\/wp-json\/wp\/v2\/users\/2"}],"replies":[{"embeddable":true,"href":"https:\/\/www.europesays.com\/pl\/wp-json\/wp\/v2\/comments?post=141131"}],"version-history":[{"count":0,"href":"https:\/\/www.europesays.com\/pl\/wp-json\/wp\/v2\/posts\/141131\/revisions"}],"wp:featuredmedia":[{"embeddable":true,"href":"https:\/\/www.europesays.com\/pl\/wp-json\/wp\/v2\/media\/4222"}],"wp:attachment":[{"href":"https:\/\/www.europesays.com\/pl\/wp-json\/wp\/v2\/media?parent=141131"}],"wp:term":[{"taxonomy":"category","embeddable":true,"href":"https:\/\/www.europesays.com\/pl\/wp-json\/wp\/v2\/categories?post=141131"},{"taxonomy":"post_tag","embeddable":true,"href":"https:\/\/www.europesays.com\/pl\/wp-json\/wp\/v2\/tags?post=141131"}],"curies":[{"name":"wp","href":"https:\/\/api.w.org\/{rel}","templated":true}]}}