{"id":141134,"date":"2025-12-09T13:38:06","date_gmt":"2025-12-09T13:38:06","guid":{"rendered":"https:\/\/www.europesays.com\/pl\/141134\/"},"modified":"2025-12-09T13:38:06","modified_gmt":"2025-12-09T13:38:06","slug":"wielka-brytania-ma-uwolnic-miliardy-i-dac-je-ukrainie","status":"publish","type":"post","link":"https:\/\/www.europesays.com\/pl\/141134\/","title":{"rendered":"Wielka Brytania ma &#8222;uwolni\u0107&#8221; miliardy i da\u0107 je Ukrainie"},"content":{"rendered":"<p data-section=\"detail-body\">Cytowany przez dziennik urz\u0119dnik wysokiego szczebla wyrazi\u0142 optymizm, \u017ce podpisanie umowy jest ju\u017c bliskie i zostanie og\u0142oszone jeszcze w tym lub w nast\u0119pnym tygodniu.<\/p>\n<p class=\"article_p\" data-section=\"detail-body\">Uwolnienie zamro\u017conych pa\u0144stwowych rosyjskich aktyw\u00f3w by\u0142o tematem rozmowy przyw\u00f3dc\u00f3w Wielkiej Brytanii, Ukrainy, Francji i Niemiec w poniedzia\u0142ek w Londynie. Podczas spotkania politycy om\u00f3wili tak\u017ce spraw\u0119 ameryka\u0144skiej propozycji planu pokojowego.<\/p>\n<p class=\"article_p\" data-section=\"detail-body\">Wed\u0142ug &#8222;Timesa&#8221; uwolnienie rosyjskich \u015brodk\u00f3w &#8222;postrzegane jest jako kluczowy instrument nacisku dla Europy i Ukrainy w rozmowach pokojowych prowadzonych przez prezydenta USA Donalda Trumpa&#8221;. &#8222;Zapewni\u0142oby to realne \u017ar\u00f3d\u0142o finansowania dzia\u0142a\u0144 wojennych Ukrainy przez kolejne dwa lata, zwi\u0119kszaj\u0105c presj\u0119 na Moskw\u0119 w czasie, gdy europejscy liderzy obawiaj\u0105 si\u0119, \u017ce przyw\u00f3dca Rosji W\u0142adimir Putin zyskuje przewag\u0119&#8221; \u2014 czytamy na \u0142amach gazety.<\/p>\n<p class=\"article_p\" data-section=\"detail-body\">Dziennik zauwa\u017cy\u0142, \u017ce pieni\u0105dze te s\u0105 r\u00f3wnie\u017c &#8222;uwa\u017cane za jeden z niewielu atut\u00f3w, jakimi dysponuj\u0105 Europejczycy w negocjacjach pokojowych, mog\u0105cych zapobiec narzuceniu Ukrainie jakiegokolwiek porozumienia przez Waszyngton&#8221;.<\/p>\n<p>            Czytaj tak\u017ce w BUSINESS INSIDER<\/p>\n<p class=\"article_p\" data-section=\"detail-body\">W poniedzia\u0142ek przyw\u00f3dcy siedmiu pa\u0144stw UE, w tym premier Donald Tusk, we wsp\u00f3lnym li\u015bcie do przewodnicz\u0105cych: Rady Europejskiej \u2014 Antonia Costy i Komisji Europejskiej \u2014 Ursuli von der Leyen, zaapelowali o szybkie przyj\u0119cie unijnego mechanizmu wsparcia Ukrainy opartego na po\u017cyczce reparacyjnej.<\/p>\n<p>        Unia te\u017c chce &#8222;uwalnia\u0107&#8221; rosyjskie pieni\u0105dze<\/p>\n<p class=\"article_p\" data-section=\"detail-body\">Zgodnie z propozycj\u0105 KE, zamro\u017cone od 2022 r. aktywa rosyjskiego banku centralnego maj\u0105 zosta\u0107 wykorzystane do sfinansowania po\u017cyczki dla Ukrainy, kt\u00f3ra ma odda\u0107 pieni\u0105dze, gdy Rosja wyp\u0142aci jej odszkodowanie za straty wojenne.<\/p>\n<p class=\"article_p\" data-section=\"detail-body\">Propozycja u\u017cycia rosyjskich aktyw\u00f3w nie wymaga zgody wszystkich 27 kraj\u00f3w UE, lecz wi\u0119kszo\u015bci kwalifikowanej, kt\u00f3r\u0105 tworzy 15 pa\u0144stw cz\u0142onkowskich z 65 proc. ludno\u015bci Unii. Belgia nie wyra\u017ca zgody na takie rozwi\u0105zanie z obawy, \u017ce b\u0119dzie musia\u0142a sama wyp\u0142aci\u0107 pieni\u0105dze Rosji, je\u015bli ta pozwie j\u0105 i wygra w s\u0105dzie.<\/p>\n","protected":false},"excerpt":{"rendered":"Cytowany przez dziennik urz\u0119dnik wysokiego szczebla wyrazi\u0142 optymizm, \u017ce podpisanie umowy jest ju\u017c bliskie i zostanie og\u0142oszone jeszcze&hellip;\n","protected":false},"author":2,"featured_media":141135,"comment_status":"","ping_status":"","sticky":false,"template":"","format":"standard","meta":{"footnotes":""},"categories":[14],"tags":[32,33,27,34,35,28,31,25,40,41,80,29,30,26,82,83,84],"class_list":{"0":"post-141134","1":"post","2":"type-post","3":"status-publish","4":"format-standard","5":"has-post-thumbnail","7":"category-swiat","8":"tag-breaking-news","9":"tag-breakingnews","10":"tag-headlines","11":"tag-latest-news","12":"tag-latestnews","13":"tag-naglowki","14":"tag-najwazniejsze-artykuly","15":"tag-news","16":"tag-polish","17":"tag-polski","18":"tag-swiat","19":"tag-top-stories","20":"tag-topstories","21":"tag-wiadomosci","22":"tag-world","23":"tag-world-news","24":"tag-worldnews"},"share_on_mastodon":{"url":"https:\/\/pubeurope.com\/@pl\/115689889038715435","error":""},"_links":{"self":[{"href":"https:\/\/www.europesays.com\/pl\/wp-json\/wp\/v2\/posts\/141134","targetHints":{"allow":["GET"]}}],"collection":[{"href":"https:\/\/www.europesays.com\/pl\/wp-json\/wp\/v2\/posts"}],"about":[{"href":"https:\/\/www.europesays.com\/pl\/wp-json\/wp\/v2\/types\/post"}],"author":[{"embeddable":true,"href":"https:\/\/www.europesays.com\/pl\/wp-json\/wp\/v2\/users\/2"}],"replies":[{"embeddable":true,"href":"https:\/\/www.europesays.com\/pl\/wp-json\/wp\/v2\/comments?post=141134"}],"version-history":[{"count":0,"href":"https:\/\/www.europesays.com\/pl\/wp-json\/wp\/v2\/posts\/141134\/revisions"}],"wp:featuredmedia":[{"embeddable":true,"href":"https:\/\/www.europesays.com\/pl\/wp-json\/wp\/v2\/media\/141135"}],"wp:attachment":[{"href":"https:\/\/www.europesays.com\/pl\/wp-json\/wp\/v2\/media?parent=141134"}],"wp:term":[{"taxonomy":"category","embeddable":true,"href":"https:\/\/www.europesays.com\/pl\/wp-json\/wp\/v2\/categories?post=141134"},{"taxonomy":"post_tag","embeddable":true,"href":"https:\/\/www.europesays.com\/pl\/wp-json\/wp\/v2\/tags?post=141134"}],"curies":[{"name":"wp","href":"https:\/\/api.w.org\/{rel}","templated":true}]}}