{"id":141142,"date":"2025-12-09T13:42:12","date_gmt":"2025-12-09T13:42:12","guid":{"rendered":"https:\/\/www.europesays.com\/pl\/141142\/"},"modified":"2025-12-09T13:42:12","modified_gmt":"2025-12-09T13:42:12","slug":"irena-santor-zwrocila-sie-do-maryli-rodowicz-bardzo-ja-prosze","status":"publish","type":"post","link":"https:\/\/www.europesays.com\/pl\/141142\/","title":{"rendered":"Irena Santor zwr\u00f3ci\u0142a si\u0119 do Maryli Rodowicz. &#8222;Bardzo j\u0105 prosz\u0119&#8221;"},"content":{"rendered":"<p class=\"ods-c-paragraph \"><a href=\"https:\/\/kultura.onet.pl\/maryla-rodowicz-artystka\" id=\"d7198380-b183-45d6-bd9c-5f832785f315\" rel=\"nofollow noopener\" target=\"_blank\">Maryla Rodowicz<\/a> \u015bwi\u0119towa\u0142a swoje 80. urodziny dok\u0142adnie wczoraj. Dzie\u0144 p\u00f3\u017aniej przypada 91. rocznica urodzin<a href=\"https:\/\/kultura.onet.pl\/irena-santor\" id=\"ff4ee86b-1b75-426d-9af1-baa3c5813d6b\" rel=\"nofollow noopener\" target=\"_blank\"> Ireny Santor<\/a>, uznawanej cz\u0119sto za najczystszy g\u0142os polskiej estrady. Przy okazji wspomnie\u0144 zwi\u0105zanych z Rodowicz, artystka opowiedzia\u0142a o swoim uwielbieniu dla jej talentu i repertuaru.<\/p>\n<p>Dalszy ci\u0105g artyku\u0142u pod materia\u0142em wideo<\/p>\n<p> Jak Irena Santor ocenia wyst\u0119py Maryli Rodowicz? <\/p>\n<p> Co Irena Santor radzi Maryli Rodowicz w kwestii g\u0142osu? <\/p>\n<p> Kiedy Maryla Rodowicz obchodzi\u0142a swoje 80. urodziny? <\/p>\n<p> Jakie wspomnienia ma Irena Santor zwi\u0105zane z Maryl\u0105 Rodowicz? <\/p>\n<p class=\"ods-c-paragraph \">\u2014 \u015apiewa\u0142a piosenk\u0119 przy wt\u00f3rze gitary, a do mnie dotar\u0142y tylko poszczeg\u00f3lne d\u017awi\u0119ki, nie s\u0142ysza\u0142am wyra\u017aniej jej ca\u0142ej. Ale wtedy pomy\u015bla\u0142am, \u017ce to s\u0105 \u0142adne, nowe brzmienia, d\u017awi\u0119ki, kt\u00f3rych nigdy dot\u0105d nie s\u0142ysza\u0142am. Wyda\u0142o mi si\u0119 to bardzo intryguj\u0105ce. A potem dopiero us\u0142ysza\u0142am o niej wtedy, jak odnios\u0142a sukces i wesz\u0142a [do bran\u017cy], \u017ce tak powiem, szerokimi drzwiami \u2014 wspomina\u0142a Santor w <a href=\"https:\/\/kultura.onet.pl\/muzyka\/wywiady-i-artykuly\/symbol-nie-tylko-piosenki-ale-znak-kulturowy-za-co-kochaja-maryle-rodowicz\/8mr4clk\" id=\"154fcea7-40d2-4c31-8645-0fd5ef831d9f\" rel=\"nofollow noopener\" target=\"_blank\">rozmowie z Onetem <\/a>moment, gdy pierwszy raz ujrza\u0142a Rodowicz na estradzie w latach 60.<\/p>\n<blockquote class=\"ods-o-quota\">\n<p class=\"ods-o-quota__paragraph\">Ta zadziorno\u015b\u0107, kt\u00f3r\u0105 wtedy us\u0142ysza\u0142am, jest w niej do tej pory, kiedy \u015bpiewa. Zawsze robi to troch\u0119 inaczej, ni\u017c trzeba, ciekawiej. My, s\u0142uchacze, zawsze czekamy na to, jak tym razem za\u015bpiewa, jak\u0105 inn\u0105 barw\u0119 tym razem znajdzie w swoim g\u0142osie. Jej barwa jest niepowtarzalna<\/p>\n<\/blockquote>\n<p class=\"ods-c-paragraph \">\u2014 doda\u0142a wokalistka.<\/p>\n<p>Irena Santor zwr\u00f3ci\u0142a si\u0119 do Maryli Rodowicz. &#8222;Ona niech tego nie robi&#8221;<\/p>\n<p class=\"ods-c-paragraph \"><a href=\"https:\/\/kultura.onet.pl\/muzyka\/wiadomosci\/irena-santor-konczy-kariere-mialam-konkretny-powod-by-pozegnac-sie-z-estrada\/41cde26\" id=\"56f27581-2f9e-449a-86ff-9eabe175fdf0\" rel=\"nofollow noopener\" target=\"_blank\">Irena Santor, kt\u00f3ra w 2021 r. zako\u0144czy\u0142a karier\u0119 sceniczn\u0105<\/a>, ceni Maryl\u0119 Rodowicz za umiej\u0119tno\u015b\u0107 dotarcia do serc s\u0142uchaczy o r\u00f3\u017cnych gustach i artystycznych wymaganiach.<\/p>\n<blockquote class=\"ods-o-quota\">\n<p class=\"ods-o-quota__paragraph\">To jest ca\u0142a tajemnica, a Maryla zna ten kod. Ma r\u00f3\u017cny, bardzo bogaty i ciekawy repertuar. Jej niezwyk\u0142a osobowo\u015b\u0107 i piosenki s\u0105 nam wszystkim po prostu potrzebne<\/p>\n<\/blockquote>\n<p class=\"ods-c-paragraph \">\u2014 powiedzia\u0142a Santor.<\/p>\n<p class=\"ods-c-paragraph \">Pod koniec rozmowy 91-letnia piosenkarka wyrazi\u0142a nadziej\u0119, \u017ce Maryla Rodowicz jeszcze d\u0142ugo b\u0119dzie wyst\u0119powa\u0107 na scenie \u2014 &#8222;do ko\u0144ca \u015bwiata i jeden dzie\u0144 d\u0142u\u017cej&#8221;. Zdoby\u0142a si\u0119 na wyznanie dotycz\u0105ce w\u0142asnego g\u0142osu i zaapelowa\u0142a do Rodowicz, by nie przesila\u0142a strun g\u0142osowych.<\/p>\n<blockquote class=\"ods-o-quota\">\n<p class=\"ods-o-quota__paragraph\">Niech tylko dba o struny g\u0142osowe, bardzo j\u0105 prosz\u0119. Pope\u0142ni\u0142am ten b\u0142\u0105d, a ona niech tego nie robi. Pan B\u00f3g mi da\u0142, a jak dosta\u0142am, to szafowa\u0142am \u2014 \u015bpiewa\u0142am, jak by\u0142o zimno, jak by\u0142o gor\u0105co, a struny to wytrzymywa\u0142y. Do czasu. I przekazuj\u0119 Maryli, \u017ceby nie pope\u0142ni\u0142a tego b\u0142\u0119du<\/p>\n<\/blockquote>\n<p class=\"ods-c-paragraph \">\u2014 apelowa\u0142a pierwsza dama polskiej piosenki w rozmowie z Onetem.<\/p>\n<p><img decoding=\"async\" src=\"https:\/\/www.europesays.com\/pl\/wp-content\/uploads\/2025\/12\/9MJk9lBaHR0cHM6Ly9vY2RuLmV1L3B1bHNjbXMvTURBXy8yMGFhMjk5NDYyOTY2NGRlNzczNDg1M2UyNzk2YzkyYi5qcGeRlQLNA.jpeg\" height=\"529\" width=\"940\" alt=\"Irena Santor\" loading=\"lazy\" class=\"ods-c-image__img ods-c-image__img--vertical\"\/><\/p>\n<p>Irena SantorJAROSLAW ANTONIAK\/MWMEDIA WARSZAWA \/ MW Media<\/p>\n<p class=\"ods-c-paragraph \">Zobacz te\u017c:<\/p>\n","protected":false},"excerpt":{"rendered":"Maryla Rodowicz \u015bwi\u0119towa\u0142a swoje 80. urodziny dok\u0142adnie wczoraj. Dzie\u0144 p\u00f3\u017aniej przypada 91. rocznica urodzin Ireny Santor, uznawanej cz\u0119sto&hellip;\n","protected":false},"author":2,"featured_media":141143,"comment_status":"","ping_status":"","sticky":false,"template":"","format":"standard","meta":{"footnotes":""},"categories":[22],"tags":[122,28538,22264,1252,919,48,46,42,38,40,39,41,123,47,341,26],"class_list":{"0":"post-141142","1":"post","2":"type-post","3":"status-publish","4":"format-standard","5":"has-post-thumbnail","7":"category-rozrywka","8":"tag-entertainment","9":"tag-irena_santor","10":"tag-maryla_rodowicz","11":"tag-muzyka","12":"tag-najnowsze_wiadomosci_kultura","13":"tag-nat_styl","14":"tag-omp","15":"tag-pl","16":"tag-poland","17":"tag-polish","18":"tag-polska","19":"tag-polski","20":"tag-rozrywka","21":"tag-screening_general","22":"tag-tylko_w_onecie","23":"tag-wiadomosci"},"share_on_mastodon":{"url":"https:\/\/pubeurope.com\/@pl\/115689904334602878","error":""},"_links":{"self":[{"href":"https:\/\/www.europesays.com\/pl\/wp-json\/wp\/v2\/posts\/141142","targetHints":{"allow":["GET"]}}],"collection":[{"href":"https:\/\/www.europesays.com\/pl\/wp-json\/wp\/v2\/posts"}],"about":[{"href":"https:\/\/www.europesays.com\/pl\/wp-json\/wp\/v2\/types\/post"}],"author":[{"embeddable":true,"href":"https:\/\/www.europesays.com\/pl\/wp-json\/wp\/v2\/users\/2"}],"replies":[{"embeddable":true,"href":"https:\/\/www.europesays.com\/pl\/wp-json\/wp\/v2\/comments?post=141142"}],"version-history":[{"count":0,"href":"https:\/\/www.europesays.com\/pl\/wp-json\/wp\/v2\/posts\/141142\/revisions"}],"wp:featuredmedia":[{"embeddable":true,"href":"https:\/\/www.europesays.com\/pl\/wp-json\/wp\/v2\/media\/141143"}],"wp:attachment":[{"href":"https:\/\/www.europesays.com\/pl\/wp-json\/wp\/v2\/media?parent=141142"}],"wp:term":[{"taxonomy":"category","embeddable":true,"href":"https:\/\/www.europesays.com\/pl\/wp-json\/wp\/v2\/categories?post=141142"},{"taxonomy":"post_tag","embeddable":true,"href":"https:\/\/www.europesays.com\/pl\/wp-json\/wp\/v2\/tags?post=141142"}],"curies":[{"name":"wp","href":"https:\/\/api.w.org\/{rel}","templated":true}]}}