{"id":141144,"date":"2025-12-09T13:44:14","date_gmt":"2025-12-09T13:44:14","guid":{"rendered":"https:\/\/www.europesays.com\/pl\/141144\/"},"modified":"2025-12-09T13:44:14","modified_gmt":"2025-12-09T13:44:14","slug":"u-sebastiana-zdiagnozowano-nowotwor-zlosliwy-migdalka-od-tego-czasu-moje-zycie-zmienilo-sie-w-nieustanna-walke","status":"publish","type":"post","link":"https:\/\/www.europesays.com\/pl\/141144\/","title":{"rendered":"U Sebastiana zdiagnozowano nowotw\u00f3r z\u0142o\u015bliwy migda\u0142ka. &#8222;Od tego czasu moje \u017cycie zmieni\u0142o si\u0119 w nieustann\u0105 walk\u0119&#8221;"},"content":{"rendered":"<p>    Sebastian na co dzie\u0144 jest kibicem Lecha Pozna\u0144. Zanim zachorowa\u0142, by\u0142 r\u00f3wnie\u017c wolontariuszem.<\/p>\n<p> &#8211; W lutym 2025 roku zdiagnozowano u mnie nowotw\u00f3r z\u0142o\u015bliwy migda\u0142ka. Od tego czasu moje \u017cycie zamieni\u0142o si\u0119 w nieustaj\u0105c\u0105 walk\u0119 z chorob\u0105.  M\u00f3j stan zdrowia wci\u0105\u017c si\u0119 pogarsza, obecnie ka\u017cdy dzie\u0144 to zmaganie z cierpieniem i b\u00f3lem &#8211; poinformowa\u0142 Sebastian.<\/p>\n<p><a href=\"https:\/\/epoznan.pl\/adsysClick?id=20722\" target=\"_blank\" rel=\"nofollow noopener\">Nie czekaj! Korzystanie z piec\u00f3w niespe\u0142niaj\u0105cych norm zagro\u017cone jest grzywn\u0105! Wymie\u0144 piec i otrzymaj nawet 35 000 z\u0142. We\u017a udzia\u0142 w programie Kawka Bis. Nab\u00f3r od 2 stycznia.<\/a><\/p>\n<p>REKLAMA<\/p>\n<p> Podj\u0119te przez niego dotychczasowe leczenie nie przynios\u0142o oczekiwanego rezultatu. Przeszed\u0142 tracheotomi\u0119, jest zmuszony tak\u017ce od\u017cywia\u0107 si\u0119 pozajelitowo (PEG).  Pogarszaj\u0105cy si\u0119 stan zdrowia pozbawi\u0142 Sebastiana mo\u017cliwo\u015bci pracy zarobkowej. <\/p>\n<p>W walce z nowotworem doszed\u0142 do etapu, w kt\u00f3rym ponoszone przez niego koszty terapii przeros\u0142y jego mo\u017cliwo\u015bci finansowe.<\/p>\n<p> &#8211; Obecnie przyjmuj\u0119 wlewy witaminowe, kt\u00f3re wzmacniaj\u0105 m\u00f3j organizm i przygotowuj\u0105 do czekaj\u0105cej mnie operacji usuni\u0119cia guz\u00f3w w gardle. Zwracam si\u0119 do Was z pro\u015bb\u0105 o pomoc w sfinansowaniu mojego leczenia i zabiegu operacyjnego.  Dzi\u0119kuj\u0119 za ka\u017cd\u0105 wp\u0142acon\u0105 z\u0142ot\u00f3wk\u0119, kt\u00f3ra daje mi nadziej\u0119 na powr\u00f3t do zdrowia &#8211; Sebastian apeluje do ludzi dobrych serc o pomoc. Kibice Lecha Pozna\u0144 r\u00f3wnie\u017c zaapelowali za po\u015brednictwem social medi\u00f3w o pomoc dla kolegi.<\/p>\n<p>Sebastiana w walce z chorob\u0105 mo\u017cna wesprze\u0107 <a href=\"https:\/\/pomagam.pl\/8a8dry?fbclid=IwY2xjawOkHG9leHRuA2FlbQIxMQBzcnRjBmFwcF9pZBAyMjIwMzkxNzg4MjAwODkyAAEekLkd-tFaqBMdGeW0Xll2n6O4Il3gaHu0pxLuGytb8K2mJgRL9O-pmiTcrTU_aem_gBwzNL32zzYYKsBxXipPBg\" target=\"_blank\" rel=\"nofollow noopener\">tutaj.<\/a> <\/p>\n<p style=\"margin-bottom: 6px;\">Autor: <a href=\"https:\/\/epoznan.pl\/newsListAuthor-Paula Zych\" rel=\"nofollow noopener\" target=\"_blank\">Paula Zych<\/a><\/p>\n<p>Dodano: 08 grudnia 2025 r. godz. 22:23<\/p>\n","protected":false},"excerpt":{"rendered":"Sebastian na co dzie\u0144 jest kibicem Lecha Pozna\u0144. Zanim zachorowa\u0142, by\u0142 r\u00f3wnie\u017c wolontariuszem. &#8211; W lutym 2025 roku&hellip;\n","protected":false},"author":2,"featured_media":141145,"comment_status":"","ping_status":"","sticky":false,"template":"","format":"standard","meta":{"footnotes":""},"categories":[16],"tags":[113,112,532,42,38,40,39,41,7623,28862],"class_list":{"0":"post-141144","1":"post","2":"type-post","3":"status-publish","4":"format-standard","5":"has-post-thumbnail","7":"category-biznes","8":"tag-biznes","9":"tag-business","10":"tag-choroba","11":"tag-pl","12":"tag-poland","13":"tag-polish","14":"tag-polska","15":"tag-polski","16":"tag-pomoc","17":"tag-zrzutka"},"share_on_mastodon":{"url":"https:\/\/pubeurope.com\/@pl\/115689912064753538","error":""},"_links":{"self":[{"href":"https:\/\/www.europesays.com\/pl\/wp-json\/wp\/v2\/posts\/141144","targetHints":{"allow":["GET"]}}],"collection":[{"href":"https:\/\/www.europesays.com\/pl\/wp-json\/wp\/v2\/posts"}],"about":[{"href":"https:\/\/www.europesays.com\/pl\/wp-json\/wp\/v2\/types\/post"}],"author":[{"embeddable":true,"href":"https:\/\/www.europesays.com\/pl\/wp-json\/wp\/v2\/users\/2"}],"replies":[{"embeddable":true,"href":"https:\/\/www.europesays.com\/pl\/wp-json\/wp\/v2\/comments?post=141144"}],"version-history":[{"count":0,"href":"https:\/\/www.europesays.com\/pl\/wp-json\/wp\/v2\/posts\/141144\/revisions"}],"wp:featuredmedia":[{"embeddable":true,"href":"https:\/\/www.europesays.com\/pl\/wp-json\/wp\/v2\/media\/141145"}],"wp:attachment":[{"href":"https:\/\/www.europesays.com\/pl\/wp-json\/wp\/v2\/media?parent=141144"}],"wp:term":[{"taxonomy":"category","embeddable":true,"href":"https:\/\/www.europesays.com\/pl\/wp-json\/wp\/v2\/categories?post=141144"},{"taxonomy":"post_tag","embeddable":true,"href":"https:\/\/www.europesays.com\/pl\/wp-json\/wp\/v2\/tags?post=141144"}],"curies":[{"name":"wp","href":"https:\/\/api.w.org\/{rel}","templated":true}]}}