{"id":141164,"date":"2025-12-09T13:55:13","date_gmt":"2025-12-09T13:55:13","guid":{"rendered":"https:\/\/www.europesays.com\/pl\/141164\/"},"modified":"2025-12-09T13:55:13","modified_gmt":"2025-12-09T13:55:13","slug":"alarm-w-realu-madryt-kylian-mbappe-nie-zagra-z-manchesterem-city","status":"publish","type":"post","link":"https:\/\/www.europesays.com\/pl\/141164\/","title":{"rendered":"Alarm w Realu Madryt. Kylian Mbappe nie zagra z Manchesterem City?"},"content":{"rendered":"\n<p class=\"contentpart contentpart--default contentpart--text\" data-position=\"0\">Przypomnijmy, \u017ce Kylian Mbappe dozna\u0142 kontuzji w ostatnim ligowym meczu z Celt\u0105 Vigo. Wydawa\u0142o si\u0119, \u017ce to nic powa\u017cnego, bo cho\u0107 z\u0142ama\u0142 palec podczas jednego star\u0107, to mia\u0142o to nie mie\u0107 wp\u0142ywu na wyst\u0119p z Manchesterem City.<\/p>\n<p class=\"contentpart contentpart--default contentpart--text\" data-position=\"1\">Okazuje si\u0119, \u017ce pojawi\u0142 si\u0119 inny problem.<\/p>\n<p> <img role=\"presentation\" src=\"https:\/\/std.wpcdn.pl\/images\/adv\/placeholder_wp.svg\" loading=\"lazy\" alt=\"\" decoding=\"async\"\/>  <\/p>\n<p class=\"contentpart contentpart--default contentpart--text\" data-position=\"2\">Co wiemy? Mbappe nie pojawi\u0142 si\u0119 na murawie przy okazji ostatniego treningu przed \u015brodowym starciem w Lidze Mistrz\u00f3w.<\/p>\n<p class=\"contentpart contentpart--default contentpart--text\" data-position=\"3\">Hiszpa\u0144scy dziennikarze (Arancha Rodriguez\u00a0z &#8222;COPE&#8221;) alarmuj\u0105, \u017ce chodzi o problemy mi\u0119\u015bniowe w lewej nodze. Istnieje du\u017ce prawdopodobie\u0144stwo, \u017ce Mbappe nie zagra z Manchesterem City. Na teraz (wtorkowe po\u0142udnie) stoi to pod wielkim znakiem zapytania.<\/p>\n<p class=\"contentpart contentpart--default contentpart--text\" data-position=\"4\">Oczywi\u015bcie by\u0142by to kolejny cios dla &#8222;Kr\u00f3lewskich&#8221;. <a href=\"https:\/\/sportowefakty.wp.pl\/pilka-nozna\/1223931\/potwierdzilo-sie-najgorsze-powazna-kontuzja-w-realu-madryt\" rel=\"nofollow noopener\" target=\"_blank\">Przypomnijmy tylko, \u017ce w meczu z Celt\u0105 powa\u017cnego urazu dozna\u0142 Eder Militao, co eliminuje go z gry na kilka miesi\u0119cy<\/a>. Lista kontuzjowanych jest jednak d\u0142u\u017csza:\u00a0Trent Alexander-Arnold, Ferland Mendy, Dani Carvajal, Dean Huijsen, David Alaba i Eduardo Camavinga.<\/p>\n<p class=\"contentpart contentpart--default contentpart--text\" data-position=\"5\">W przypadku Mbappe strata by\u0142aby o tyle wielka, \u017ce m\u00f3wimy o zdecydowanie najlepszym pi\u0142karzu Realu w sezonie 2025\/26 (26 goli i 4 asysty w 24 meczach).<\/p>\n<p> <img role=\"presentation\" src=\"https:\/\/std.wpcdn.pl\/images\/adv\/placeholder_wp.svg\" loading=\"lazy\" alt=\"\" decoding=\"async\"\/>  <\/p>\n<p class=\"contentpart contentpart--default contentpart--text\" data-position=\"6\">Pocz\u0105tek meczu Real Madryt &#8211; Manchester City w \u015brod\u0119 o godz. 21.<\/p>\n<p>Nasza relacja:<\/p>\n<p> <a href=\"https:\/\/sportowefakty.wp.pl\/pilka-nozna\/relacja-na-zywo\/172751\/real-madryt-man-city-live\" class=\"box\" rel=\"nofollow noopener\" target=\"_blank\">  <\/p>\n<p>10.12.2025 21:00<\/p>\n<p>Liga Mistrz\u00f3w<\/p>\n<p>    <img decoding=\"async\" src=\"https:\/\/www.europesays.com\/pl\/wp-content\/uploads\/2025\/11\/ODE5OC5wYCUkVzlwGgxtMGcPbSpcVWNmMBd1YRpDdzxxDWAwUwA_ajJFLCdbWT8oakEuJEZYen0mVClxVhR-dCZWLnFqQnp0cQ1-.png\" alt=\"Real Madryt\" width=\"48\" height=\"48\" loading=\"lazy\"\/> <\/p>\n<p> Real Madryt <\/p>\n<p>    <img decoding=\"async\" src=\"https:\/\/www.europesays.com\/pl\/wp-content\/uploads\/2025\/12\/Mzk5NS5wYhsKVzhgGgxvDkkPbDpcVWFYHhd0cRpDdQJfDWEgUwA9VBxFLTdbWT0WREEvNEZYe0NbV301A0J7Qg9TKmBqRXVJUwZ3.png\" alt=\"Manchester City\" width=\"48\" height=\"48\" loading=\"lazy\"\/> <\/p>\n<p> Manchester City <\/p>\n<p>   <\/a>  <\/p>\n","protected":false},"excerpt":{"rendered":"Przypomnijmy, \u017ce Kylian Mbappe dozna\u0142 kontuzji w ostatnim ligowym meczu z Celt\u0105 Vigo. Wydawa\u0142o si\u0119, \u017ce to nic&hellip;\n","protected":false},"author":2,"featured_media":141165,"comment_status":"","ping_status":"","sticky":false,"template":"","format":"standard","meta":{"footnotes":""},"categories":[24],"tags":[693,267,575,270,694,1915,269,540,278,42,38,40,39,41,692,17424,127,126],"class_list":{"0":"post-141164","1":"post","2":"type-post","3":"status-publish","4":"format-standard","5":"has-post-thumbnail","7":"category-sport","8":"tag-europejskie-puchary","9":"tag-hiszpania","10":"tag-kylian-mbappe","11":"tag-liga-mistrzow","12":"tag-madryt","13":"tag-manchester-city","14":"tag-pilka-nozna","15":"tag-pilka-nozna-w-hiszpanii","16":"tag-pilka-w-europie","17":"tag-pl","18":"tag-poland","19":"tag-polish","20":"tag-polska","21":"tag-polski","22":"tag-real-madryt","23":"tag-santiago-bernabeu-w-madrycie","24":"tag-sport","25":"tag-sports"},"share_on_mastodon":{"url":"https:\/\/pubeurope.com\/@pl\/115689955704267367","error":""},"_links":{"self":[{"href":"https:\/\/www.europesays.com\/pl\/wp-json\/wp\/v2\/posts\/141164","targetHints":{"allow":["GET"]}}],"collection":[{"href":"https:\/\/www.europesays.com\/pl\/wp-json\/wp\/v2\/posts"}],"about":[{"href":"https:\/\/www.europesays.com\/pl\/wp-json\/wp\/v2\/types\/post"}],"author":[{"embeddable":true,"href":"https:\/\/www.europesays.com\/pl\/wp-json\/wp\/v2\/users\/2"}],"replies":[{"embeddable":true,"href":"https:\/\/www.europesays.com\/pl\/wp-json\/wp\/v2\/comments?post=141164"}],"version-history":[{"count":0,"href":"https:\/\/www.europesays.com\/pl\/wp-json\/wp\/v2\/posts\/141164\/revisions"}],"wp:featuredmedia":[{"embeddable":true,"href":"https:\/\/www.europesays.com\/pl\/wp-json\/wp\/v2\/media\/141165"}],"wp:attachment":[{"href":"https:\/\/www.europesays.com\/pl\/wp-json\/wp\/v2\/media?parent=141164"}],"wp:term":[{"taxonomy":"category","embeddable":true,"href":"https:\/\/www.europesays.com\/pl\/wp-json\/wp\/v2\/categories?post=141164"},{"taxonomy":"post_tag","embeddable":true,"href":"https:\/\/www.europesays.com\/pl\/wp-json\/wp\/v2\/tags?post=141164"}],"curies":[{"name":"wp","href":"https:\/\/api.w.org\/{rel}","templated":true}]}}