{"id":141170,"date":"2025-12-09T13:59:10","date_gmt":"2025-12-09T13:59:10","guid":{"rendered":"https:\/\/www.europesays.com\/pl\/141170\/"},"modified":"2025-12-09T13:59:10","modified_gmt":"2025-12-09T13:59:10","slug":"zalamuje-sie-front-w-ukrainie-rosjanie-weszli-do-centrum-siewierska","status":"publish","type":"post","link":"https:\/\/www.europesays.com\/pl\/141170\/","title":{"rendered":"Za\u0142amuje si\u0119 front w Ukrainie. Rosjanie weszli do centrum Siewierska"},"content":{"rendered":"<p class=\"Paragraph_desktopParagraph__U31Gm\">&#8222;My\u015bl\u0119, \u017ce mogliby (NATO i Europa \u2014 red.) to przekaza\u0107 innym, ale g\u0142\u00f3wnie przekazuj\u0105 Ukrainie. Wsp\u00f3\u0142pracuj\u0105 z Ukrain\u0105 w kwestii dystrybucji broni, pocisk\u00f3w rakietowych itp. Ale nie wydajemy pieni\u0119dzy, tylko po\u015bwi\u0119camy czas na cele humanitarne&#8221; \u2014 m\u00f3wi\u0142 w poniedzia\u0142ek prezydent USA podczas konferencji prasowej. Wed\u0142ug Trumpa sytuacja jest teraz &#8222;wspania\u0142a&#8221;, ale jest jeden problem: &#8222;Umiera wiele os\u00f3b i chcia\u0142bym, \u017ceby to si\u0119 sko\u0144czy\u0142o&#8221; \u2014 powiedzia\u0142.<\/p>\n<p>Front w Ukrainie si\u0119 \u0142amie <\/p>\n<p class=\"Paragraph_desktopParagraph__U31Gm\">Tymczasem Rosjanie metodycznie zmieniaj\u0105 cele atak\u00f3w i prowadz\u0105 ofensywy na ca\u0142ej linii frontu, wiedz\u0105c, \u017ce Ukraina nie ma tylu \u017co\u0142nierzy i sprz\u0119tu wojskowego, by zabezpieczy\u0107 wszystkie odcinki. Pomaga im r\u00f3wnie\u017c chaos na arenie mi\u0119dzynarodowej.<\/p>\n<p class=\"Paragraph_desktopParagraph__U31Gm\">Dyplomatyczne zamieszanie wywo\u0142ywane raz po raz kolejnymi utopijnymi lub katastroficznymi propozycjami pokojowymi sprawia, \u017ce w\u015br\u00f3d armii ukrai\u0144skiej spada nie tylko morale, ale i pewno\u015b\u0107, czy logistyka nie zostanie nagle przerwana. Rosjanie robi\u0105 wszystko, by dostawy broni komplikowa\u0107.<\/p>\n<p class=\"Paragraph_desktopParagraph__U31Gm\">Nowa strategia Kremla to podchodzenie do wielu miast i centr\u00f3w logistycznych na raz, by dronami i ostrza\u0142ami przecina\u0107 szlaki komunikacyjne, a pozosta\u0142ych w cz\u0119\u015bciowym okr\u0105\u017ceniu Ukrai\u0144c\u00f3w wykrwawia\u0107, tym samym uszczuplaj\u0105c i tak ju\u017c przerzedzone oddzia\u0142y.<\/p>\n<ul class=\"OchatFollowUps_wrapper__1ry7X\">\n<li class=\"OchatFollowUps_item__Dhyly OchatFollowUps_itemDesktop__R6aBv\">Jakie miasto zdobyli Rosjanie?<\/li>\n<li class=\"OchatFollowUps_item__Dhyly OchatFollowUps_itemDesktop__R6aBv\">Jakie plany pokojowe s\u0105 omawiane?<\/li>\n<li class=\"OchatFollowUps_item__Dhyly OchatFollowUps_itemDesktop__R6aBv\">Co powiedzia\u0142 prezydent USA o wsparciu dla Ukrainy?<\/li>\n<li class=\"OchatFollowUps_item__Dhyly OchatFollowUps_itemDesktop__R6aBv\">Jakie s\u0105 obecne dzia\u0142ania Rosjan na froncie?<\/li>\n<\/ul>\n<p>Siewiersk na linii frontu <\/p>\n<p class=\"Paragraph_desktopParagraph__U31Gm\">Po trzech latach walk moskiewskim wojskom uda\u0142o si\u0119 wej\u015b\u0107 w granice miasta Siewiersk na dalekim wschodzie Donbasu. To miasto po\u0142o\u017cone na wzg\u00f3rzach i jego zdobycie otwiera\u0142oby Rosjanom mo\u017cliwo\u015b\u0107 kontroli nad brzegami rzeki Siewierski Doniec oraz szlakami komunikacyjnymi wok\u00f3\u0142 Bachmutu, prowadz\u0105cymi do Kramatorska i S\u0142owia\u0144ska.<\/p>\n<p class=\"Paragraph_desktopParagraph__U31Gm\">&#8222;Wr\u00f3g nadal wci\u0105ga swoj\u0105 piechot\u0119 do miasta, a sytuacja na razie nie rozwija si\u0119 najlepiej, gdy\u017c Siewiersk stopniowo wpada w r\u0119ce Rosjan&#8221; \u2014 napisali analitycy DeepState. Rosjanie zajmuj\u0105 tak\u017ce kolejne miejscowo\u015bci w obwodzie zaporoskim, na zach\u00f3d od Orichowa, wzd\u0142u\u017c dawnego koryta rzeki Dniepr, a tak\u017ce domykaj\u0105 pier\u015bcie\u0144 okr\u0105\u017cenia pod Pokrowskim i Myrnohradem. Uda\u0142o im si\u0119 tak\u017ce cz\u0119\u015bciowo zablokowa\u0107 Ukrai\u0144c\u00f3w w pobli\u017cu miejscowo\u015bci Jampil, niedaleko \u0141ymania, gdzie tocz\u0105 si\u0119 teraz zaci\u0119te walki o kontrol\u0119 nad niskim i wysokim brzegiem Siewierskiego Do\u0144ca, czego Rosjanom nie uda\u0142o si\u0119 zrobi\u0107 w 2022 r.<\/p>\n<p class=\"Paragraph_desktopParagraph__U31Gm\">Dzi\u015b kolejna wersja planu pokojowego, kt\u00f3r\u0105 uzgodnili wczoraj przyw\u00f3dcy Ukrainy, Francji, Niemiec i Wielkiej Brytanii ma by\u0107 przedstawiona Donaldowi Trumpowi. Kij\u00f3w nie zgadza si\u0119 na ust\u0119pstwa terytorialne wobec Moskwy, tymczasem wed\u0142ug doniesie\u0144 medialnych USA naciskaj\u0105 na Wo\u0142odymyra Ze\u0142enskiego, by zgodzi\u0142 si\u0119 na pomys\u0142y Amerykan\u00f3w i Rosjan.<\/p>\n","protected":false},"excerpt":{"rendered":"&#8222;My\u015bl\u0119, \u017ce mogliby (NATO i Europa \u2014 red.) to przekaza\u0107 innym, ale g\u0142\u00f3wnie przekazuj\u0105 Ukrainie. Wsp\u00f3\u0142pracuj\u0105 z Ukrain\u0105&hellip;\n","protected":false},"author":2,"featured_media":141171,"comment_status":"","ping_status":"","sticky":false,"template":"","format":"standard","meta":{"footnotes":""},"categories":[14],"tags":[32,33,27,34,35,1816,28,31,53,25,52,68,51,55,40,41,560,47,80,29,30,50,26,82,83,84],"class_list":{"0":"post-141170","1":"post","2":"type-post","3":"status-publish","4":"format-standard","5":"has-post-thumbnail","7":"category-swiat","8":"tag-breaking-news","9":"tag-breakingnews","10":"tag-headlines","11":"tag-latest-news","12":"tag-latestnews","13":"tag-mm","14":"tag-naglowki","15":"tag-najwazniejsze-artykuly","16":"tag-new_header","17":"tag-news","18":"tag-onet3","19":"tag-onet3d","20":"tag-onet3d_2i","21":"tag-phx","22":"tag-polish","23":"tag-polski","24":"tag-postpravda","25":"tag-screening_general","26":"tag-swiat","27":"tag-top-stories","28":"tag-topstories","29":"tag-v2021","30":"tag-wiadomosci","31":"tag-world","32":"tag-world-news","33":"tag-worldnews"},"share_on_mastodon":{"url":"https:\/\/pubeurope.com\/@pl\/115689971118400688","error":""},"_links":{"self":[{"href":"https:\/\/www.europesays.com\/pl\/wp-json\/wp\/v2\/posts\/141170","targetHints":{"allow":["GET"]}}],"collection":[{"href":"https:\/\/www.europesays.com\/pl\/wp-json\/wp\/v2\/posts"}],"about":[{"href":"https:\/\/www.europesays.com\/pl\/wp-json\/wp\/v2\/types\/post"}],"author":[{"embeddable":true,"href":"https:\/\/www.europesays.com\/pl\/wp-json\/wp\/v2\/users\/2"}],"replies":[{"embeddable":true,"href":"https:\/\/www.europesays.com\/pl\/wp-json\/wp\/v2\/comments?post=141170"}],"version-history":[{"count":0,"href":"https:\/\/www.europesays.com\/pl\/wp-json\/wp\/v2\/posts\/141170\/revisions"}],"wp:featuredmedia":[{"embeddable":true,"href":"https:\/\/www.europesays.com\/pl\/wp-json\/wp\/v2\/media\/141171"}],"wp:attachment":[{"href":"https:\/\/www.europesays.com\/pl\/wp-json\/wp\/v2\/media?parent=141170"}],"wp:term":[{"taxonomy":"category","embeddable":true,"href":"https:\/\/www.europesays.com\/pl\/wp-json\/wp\/v2\/categories?post=141170"},{"taxonomy":"post_tag","embeddable":true,"href":"https:\/\/www.europesays.com\/pl\/wp-json\/wp\/v2\/tags?post=141170"}],"curies":[{"name":"wp","href":"https:\/\/api.w.org\/{rel}","templated":true}]}}