{"id":141211,"date":"2025-12-09T14:25:23","date_gmt":"2025-12-09T14:25:23","guid":{"rendered":"https:\/\/www.europesays.com\/pl\/141211\/"},"modified":"2025-12-09T14:25:23","modified_gmt":"2025-12-09T14:25:23","slug":"apple-fitness-debiutuje-w-polsce-znamy-ceny","status":"publish","type":"post","link":"https:\/\/www.europesays.com\/pl\/141211\/","title":{"rendered":"Apple Fitness+ debiutuje w Polsce. Znamy ceny"},"content":{"rendered":"<p class=\"typography ids-typeset-body ids-typeset-body--preset-large link paragraph ids-paragraph ids-paragraph--default\">Apple Fitness+ to platforma, kt\u00f3ra zosta\u0142a zaprezentowana ponad pi\u0119\u0107 lat temu. Mia\u0142o to miejsce we wrze\u015bniu 2020 r. podczas prezentacji nowych <a href=\"https:\/\/geekweek.interia.pl\/marki-i-produkty-iphone,gsbi,2357\" target=\"_self\" rel=\"nofollow noopener\">iPhone<\/a>&#8217;\u00f3w. Premiera odby\u0142a si\u0119 kilka miesi\u0119cy p\u00f3\u017aniej, ale tylko na wybranych rynkach i na li\u015bcie nie by\u0142o Polski. Teraz to ulega zmianie.<\/p>\n<p>Polskie ceny us\u0142ugi Apple Fitness+<\/p>\n<p class=\"typography ids-typeset-body ids-typeset-body--preset-large link paragraph ids-paragraph ids-paragraph--default\">Gigant z Cupertino poinformowa\u0142 dzi\u015b, \u017ce rozszerza dost\u0119pno\u015b\u0107 <a href=\"https:\/\/geekweek.interia.pl\/marki-i-produkty-apple-fitness,gsbi,2382\" target=\"_self\" rel=\"nofollow noopener\">Apple Fitness+<\/a> o 28 nowych rynk\u00f3w. Na li\u015bcie jest tak\u017ce Polska, gdzie na dost\u0119pno\u015b\u0107 musieli\u015bmy poczeka\u0107 kilka lat od uruchomienia. Platforma b\u0119dzie dost\u0119pna w naszym kraju od 15 grudnia br. Ile za ni\u0105 zap\u0142acimy? Polskie ceny prezentuj\u0105 si\u0119 nast\u0119puj\u0105co.<\/p>\n<ul class=\"typography ids-typeset-body ids-typeset-body--preset-large list ids-list ids-list--unordered ids-list--size-large \" datatype=\"disc\">\n<li class=\"ids-list-item\">\n<p>Apple Fitness+ w ramach miesi\u0119cznej subskrypcji &#8211; 19,99 z\u0142otych<\/p>\n<\/li>\n<li class=\"ids-list-item\">\n<p>Apple Fitness+ w planie rocznym &#8211; 159 z\u0142otych<\/p>\n<\/li>\n<\/ul>\n<p><img decoding=\"async\" class=\"ids-image-holder__img\" loading=\"lazy\" alt=\"Grupa os\u00f3b \u0107wicz\u0105cych fitness w studiu, widoczna na ekranach tableta i smartfona, po bokach wy\u015bwietlone wyniki treningu. Na pierwszym planie zestaw s\u0142uchawek bezprzewodowych i smartwatch pokazuj\u0105cy dane o aktywno\u015bci.\" title=\"Apple Fitness+ w Polsce od 15 grudnia.\" width=\"980\" height=\"552\" src=\"https:\/\/www.europesays.com\/pl\/wp-content\/uploads\/2025\/12\/000M1PLPY2DQN16R-C322-F4.webp.webp\"\/><\/p>\n<p>Apple Fitness+ w Polsce od 15 grudnia.Applemateria\u0142y prasowe<\/p>\n<p class=\"typography ids-typeset-body ids-typeset-body--preset-large link paragraph ids-paragraph ids-paragraph--default\">Jak nietrudno zauwa\u017cy\u0107, decyduj\u0105 si\u0119 na roczny plan mo\u017cna zaoszcz\u0119dzi\u0107 oko\u0142o 80 z\u0142otych. Warto doda\u0107, \u017ce dla klient\u00f3w kupuj\u0105cych nowe urz\u0105dzenia Apple przewidziano trzymiesi\u0119czny dost\u0119p do platformy za darmo.<\/p>\n<p>Co to jest Apple Fitness+?<\/p>\n<p class=\"typography ids-typeset-body ids-typeset-body--preset-large link paragraph ids-paragraph ids-paragraph--default\"><a href=\"https:\/\/geekweek.interia.pl\/marki-i-produkty-apple,gsbi,2354\" target=\"_self\" rel=\"nofollow noopener\">Apple<\/a> Fitness+ to platforma, kt\u00f3ra stanowi rozszerzenia dzia\u0142a\u0144 firmy z Cupertino w obszarze zdrowia i dbania o dobr\u0105 kondycj\u0119. Us\u0142uga daje dost\u0119p do spersonalizowanych trening\u00f3w i medytacji, kt\u00f3re trwaj\u0105 od 5 do 45 minut. W\u015br\u00f3d nich s\u0105 ta\u0144ce, joga, treningi si\u0142owe czy pilates.<\/p>\n<blockquote role=\"blockquote\" class=\"quote ids-quote ids-quote--nosurface--short--medium\"><p>Dzi\u0119ki p\u0142ynnej integracji z urz\u0105dzeniami Apple aplikacja Fitness+ pomaga u\u017cytkownikom w utrzymaniu zdrowszego trybu \u017cycia\u00a0komentuje Jay Blahnik, wiceprezes Apple w pionie Fitness Technologies.<\/p><\/blockquote>\n<p class=\"typography ids-typeset-body ids-typeset-body--preset-large link paragraph ids-paragraph ids-paragraph--default\">Oczywi\u015bcie Apple Fitness+ zapewnia g\u0142\u0119bok\u0105 integracj\u0119 z urz\u0105dzeniami firmy. Na przyk\u0142ad dzi\u0119ki zegarkom Apple Watch nie tylko mo\u017cna \u015bledzi\u0107 w\u0142asn\u0105 aktywno\u015b\u0107, ale te\u017c udoskonala\u0107 treningi. Firma pozwala te\u017c na dostosowywanie harmonogram\u00f3w do codziennych potrzeb. Natomiast w po\u0142\u0105czeniu z <a href=\"https:\/\/geekweek.interia.pl\/technologia\/news-test-airpods-pro-3-sluchawki-bezprzewodowe-apple-wynalezione,nId,22422722\" target=\"_self\" rel=\"nofollow noopener\">AirPods Pro 3<\/a> mo\u017cna liczy\u0107 na uzyskiwanie dost\u0119pu do pomiar\u00f3w t\u0119tna, kt\u00f3re s\u0105 wy\u015bwietlane na ekranie iPhone&#8217;a lub innego urz\u0105dzenia.<\/p>\n<p class=\"typography ids-typeset-body ids-typeset-body--preset-large link paragraph ids-paragraph ids-paragraph--default\">W Apple Fitness+ du\u017c\u0105 rol\u0119 odgrywa tak\u017ce muzyka. Dzi\u0119ki integracji z platform\u0105 Apple Music klienci mog\u0105 korzysta\u0107 z r\u00f3\u017cnych inspiracji muzycznych. Teraz firma wprowadza nowy gatunek i jest nim K-Pop.<\/p>\n<p>&#8222;Wydarzenia&#8221;: Hejt, przemoc, wy\u015bmiewanie. Aplikacja ma pom\u00f3c gorzowskim uczniomPolsat News<\/p>\n<p><a class=\"ids-undecorated-link source ids-page-info--source__link\" href=\"https:\/\/www.interia.pl\" rel=\"nofollow noopener\" target=\"_blank\"><img decoding=\"async\" class=\"ids-image-holder__img\" loading=\"lazy\" alt=\"\" title=\"\" height=\"24px\" src=\"https:\/\/www.europesays.com\/pl\/wp-content\/uploads\/2025\/12\/1765115054_874_0009A60QQ5I2TYF7-C202-F4.webp.webp\"\/><\/a><\/p>\n<p>Masz sugestie, uwagi albo widzisz b\u0142\u0105d? Napisz do nas<\/p>\n<p>Zapisz si\u0119 na geekweekowy newsletter i \u0142ap naj\u015bwie\u017csze newsy ze \u015bwiata tech, lifehacki, porady i ciekawostki.<\/p>\n","protected":false},"excerpt":{"rendered":"Apple Fitness+ to platforma, kt\u00f3ra zosta\u0142a zaprezentowana ponad pi\u0119\u0107 lat temu. Mia\u0142o to miejsce we wrze\u015bniu 2020 r.&hellip;\n","protected":false},"author":2,"featured_media":141212,"comment_status":"","ping_status":"","sticky":false,"template":"","format":"standard","meta":{"footnotes":""},"categories":[20],"tags":[120,118,119,42,38,40,39,41,116,114,115,121,117],"class_list":{"0":"post-141211","1":"post","2":"type-post","3":"status-publish","4":"format-standard","5":"has-post-thumbnail","7":"category-nauka-i-technika","8":"tag-nauka","9":"tag-nauka-i-technika","10":"tag-naukatechnika","11":"tag-pl","12":"tag-poland","13":"tag-polish","14":"tag-polska","15":"tag-polski","16":"tag-science","17":"tag-science-and-technology","18":"tag-sciencetechnology","19":"tag-technika","20":"tag-technology"},"share_on_mastodon":{"url":"https:\/\/pubeurope.com\/@pl\/115690073419703807","error":""},"_links":{"self":[{"href":"https:\/\/www.europesays.com\/pl\/wp-json\/wp\/v2\/posts\/141211","targetHints":{"allow":["GET"]}}],"collection":[{"href":"https:\/\/www.europesays.com\/pl\/wp-json\/wp\/v2\/posts"}],"about":[{"href":"https:\/\/www.europesays.com\/pl\/wp-json\/wp\/v2\/types\/post"}],"author":[{"embeddable":true,"href":"https:\/\/www.europesays.com\/pl\/wp-json\/wp\/v2\/users\/2"}],"replies":[{"embeddable":true,"href":"https:\/\/www.europesays.com\/pl\/wp-json\/wp\/v2\/comments?post=141211"}],"version-history":[{"count":0,"href":"https:\/\/www.europesays.com\/pl\/wp-json\/wp\/v2\/posts\/141211\/revisions"}],"wp:featuredmedia":[{"embeddable":true,"href":"https:\/\/www.europesays.com\/pl\/wp-json\/wp\/v2\/media\/141212"}],"wp:attachment":[{"href":"https:\/\/www.europesays.com\/pl\/wp-json\/wp\/v2\/media?parent=141211"}],"wp:term":[{"taxonomy":"category","embeddable":true,"href":"https:\/\/www.europesays.com\/pl\/wp-json\/wp\/v2\/categories?post=141211"},{"taxonomy":"post_tag","embeddable":true,"href":"https:\/\/www.europesays.com\/pl\/wp-json\/wp\/v2\/tags?post=141211"}],"curies":[{"name":"wp","href":"https:\/\/api.w.org\/{rel}","templated":true}]}}