{"id":141247,"date":"2025-12-09T14:50:09","date_gmt":"2025-12-09T14:50:09","guid":{"rendered":"https:\/\/www.europesays.com\/pl\/141247\/"},"modified":"2025-12-09T14:50:09","modified_gmt":"2025-12-09T14:50:09","slug":"wlodzimierz-czarzasty-poinformowal-o-swoim-zdrowiu-pojechalem-na-badania","status":"publish","type":"post","link":"https:\/\/www.europesays.com\/pl\/141247\/","title":{"rendered":"W\u0142odzimierz Czarzasty poinformowa\u0142 o swoim zdrowiu. &#8222;Pojecha\u0142em na badania&#8221;"},"content":{"rendered":"<p class=\"ods-c-paragraph \">Pod koniec 2024 r. <a href=\"https:\/\/wiadomosci.onet.pl\/wlodzimierz-czarzasty-polityk\" id=\"63155f7c-8d70-4086-bb47-c89b3548f651\" rel=\"nofollow noopener\" target=\"_blank\">W\u0142odzimierz Czarzasty<\/a> trafi\u0142 do szpitala, w kt\u00f3rym sp\u0119dzi\u0142 kilkana\u015bcie dni. Marsza\u0142ek Sejmu t\u0142umaczy\u0142 w\u00f3wczas, \u017ce dwutygodniowa hospitalizacja mia\u0142a zwi\u0105zek z profilaktyk\u0105 nowotworow\u0105. Przy okazji zaapelowa\u0142 do m\u0119\u017cczyzn, aby sami si\u0119 badali.<\/p>\n<blockquote class=\"ods-o-quota\">\n<p class=\"ods-o-quota__paragraph\">Badajcie si\u0119, bo m\u00f3j przyk\u0142ad pokazuje, \u017ce jak si\u0119 bada, to mo\u017cna by\u0107 dalej zdrowym, a jak si\u0119 nie bada, to mo\u017cna umrze\u0107 szybciej ni\u017c by si\u0119 chcia\u0142o<\/p>\n<\/blockquote>\n<p class=\"ods-c-paragraph \">\u2014 m\u00f3wi\u0142 rok temu W\u0142odzimierz Czarzasty.<\/p>\n<p>Dalszy ci\u0105g artyku\u0142u pod materia\u0142em wideo<\/p>\n<p> Jakie badania przeszed\u0142 W\u0142odzimierz Czarzasty? <\/p>\n<p> Kiedy odbywaj\u0105 si\u0119 wybory na przewodnicz\u0105cego Nowej Lewicy? <\/p>\n<p> Co zdarzy\u0142o si\u0119 z W\u0142odzimierzem Czarzastym w 2024 roku? <\/p>\n<p> Jakie by\u0142y wyniki bada\u0144 W\u0142odzimierza Czarzastego? <\/p>\n<p>  W\u0142odzimierz Czarzasty przekaza\u0142 dziennikarzom informacje o swoim zdrowiu. M\u00f3wi\u0142 o badaniach<\/p>\n<p class=\"ods-c-paragraph \">We wtorek marsza\u0142ek Sejmu przekaza\u0142 w rozmowie z dziennikarzami najnowsze informacje na temat swojego stanu zdrowia. A zacz\u0119\u0142o si\u0119 od ich pyta\u0144 o to, czy zdecydowa\u0142 si\u0119 ju\u017c, czy b\u0119dzie kandydowa\u0142 na przewodnicz\u0105cego Nowej Lewicy. Wybory te odb\u0119d\u0105 si\u0119 w najbli\u017csz\u0105 niedziel\u0119.<\/p>\n<blockquote class=\"ods-o-quota\">\n<p class=\"ods-o-quota__paragraph\">Nie podj\u0105\u0142em takiej decyzji. Dzisiaj i jutro mam jeszcze konsultacje i wtedy podejm\u0119 decyzj\u0119<\/p>\n<\/blockquote>\n<p class=\"ods-c-paragraph \">\u2014 odpowiedzia\u0142 W\u0142odzimierz Czarzasty.<\/p>\n<p class=\"ods-c-paragraph \">Dziennikarze zacz\u0119li sugerowa\u0107, \u017ce wed\u0142ug czo\u0142owych polityk\u00f3w Lewicy marsza\u0142ek Sejmu mia\u0142by zagwarantowan\u0105 wygran\u0105. W odpowiedzi polityk za\u017cartowa\u0142: &#8222;ja czasy takie, \u017ce wygra\u0142em przed startowaniem, mam za sob\u0105&#8221;.<\/p>\n<blockquote class=\"ods-o-quota\">\n<p class=\"ods-o-quota__paragraph\">Chcia\u0142em wam powiedzie\u0107, no to wam powiem, chocia\u017c takich rzeczy si\u0119 nie m\u00f3wi, ale dzisiaj jest dobry dzie\u0144, naprawd\u0119 bardzo dobry dzie\u0144. Pojecha\u0142em dzisiaj na badania kontrolne do szpitala, jest super, wi\u0119c jestem tak zadowolony<\/p>\n<\/blockquote>\n<p class=\"ods-c-paragraph \">\u2014 powiedzia\u0142 marsza\u0142ek Sejmu, dodaj\u0105c, \u017ce &#8222;wszystko wysz\u0142o fantastycznie&#8221;.<\/p>\n","protected":false},"excerpt":{"rendered":"Pod koniec 2024 r. W\u0142odzimierz Czarzasty trafi\u0142 do szpitala, w kt\u00f3rym sp\u0119dzi\u0142 kilkana\u015bcie dni. Marsza\u0142ek Sejmu t\u0142umaczy\u0142 w\u00f3wczas,&hellip;\n","protected":false},"author":2,"featured_media":141248,"comment_status":"","ping_status":"","sticky":false,"template":"","format":"standard","meta":{"footnotes":""},"categories":[12],"tags":[4905,32,33,36,37,27,49,34,35,28,31,48,25,10736,46,42,38,40,39,41,47,28899,5602,29,30,26,203,253],"class_list":{"0":"post-141247","1":"post","2":"type-post","3":"status-publish","4":"format-standard","5":"has-post-thumbnail","7":"category-polska","8":"tag-badania","9":"tag-breaking-news","10":"tag-breakingnews","11":"tag-featured-news","12":"tag-featurednews","13":"tag-headlines","14":"tag-kraj","15":"tag-latest-news","16":"tag-latestnews","17":"tag-naglowki","18":"tag-najwazniejsze-artykuly","19":"tag-nat_styl","20":"tag-news","21":"tag-nowa_lewica","22":"tag-omp","23":"tag-pl","24":"tag-poland","25":"tag-polish","26":"tag-polska","27":"tag-polski","28":"tag-screening_general","29":"tag-stan_zdrowia","30":"tag-szpital","31":"tag-top-stories","32":"tag-topstories","33":"tag-wiadomosci","34":"tag-wlodzimierz_czarzasty","35":"tag-zdrowie"},"share_on_mastodon":{"url":"https:\/\/pubeurope.com\/@pl\/115690171610382018","error":""},"_links":{"self":[{"href":"https:\/\/www.europesays.com\/pl\/wp-json\/wp\/v2\/posts\/141247","targetHints":{"allow":["GET"]}}],"collection":[{"href":"https:\/\/www.europesays.com\/pl\/wp-json\/wp\/v2\/posts"}],"about":[{"href":"https:\/\/www.europesays.com\/pl\/wp-json\/wp\/v2\/types\/post"}],"author":[{"embeddable":true,"href":"https:\/\/www.europesays.com\/pl\/wp-json\/wp\/v2\/users\/2"}],"replies":[{"embeddable":true,"href":"https:\/\/www.europesays.com\/pl\/wp-json\/wp\/v2\/comments?post=141247"}],"version-history":[{"count":0,"href":"https:\/\/www.europesays.com\/pl\/wp-json\/wp\/v2\/posts\/141247\/revisions"}],"wp:featuredmedia":[{"embeddable":true,"href":"https:\/\/www.europesays.com\/pl\/wp-json\/wp\/v2\/media\/141248"}],"wp:attachment":[{"href":"https:\/\/www.europesays.com\/pl\/wp-json\/wp\/v2\/media?parent=141247"}],"wp:term":[{"taxonomy":"category","embeddable":true,"href":"https:\/\/www.europesays.com\/pl\/wp-json\/wp\/v2\/categories?post=141247"},{"taxonomy":"post_tag","embeddable":true,"href":"https:\/\/www.europesays.com\/pl\/wp-json\/wp\/v2\/tags?post=141247"}],"curies":[{"name":"wp","href":"https:\/\/api.w.org\/{rel}","templated":true}]}}