{"id":141330,"date":"2025-12-09T15:41:05","date_gmt":"2025-12-09T15:41:05","guid":{"rendered":"https:\/\/www.europesays.com\/pl\/141330\/"},"modified":"2025-12-09T15:41:05","modified_gmt":"2025-12-09T15:41:05","slug":"nie-bedzie-historycznego-awansu-polacy-stracili-szanse-na-igrzyska","status":"publish","type":"post","link":"https:\/\/www.europesays.com\/pl\/141330\/","title":{"rendered":"Nie b\u0119dzie historycznego awansu. Polacy stracili szanse na igrzyska"},"content":{"rendered":"\n<p class=\"contentpart contentpart--default contentpart--text\" data-position=\"0\">Bia\u0142o-Czerwoni zanotowali pi\u0105t\u0105 pora\u017ck\u0119 w olimpijskich kwalifikacjach w kanadyjskiej Kelownie. Dru\u017cyna skipa Konrada Stycha uleg\u0142a Holandii 2:9 i zamkn\u0119\u0142a sobie drog\u0119 do igrzysk.<\/p>\n<p class=\"contentpart contentpart--default contentpart--text\" data-position=\"1\">Polacy debiutuj\u0105 w kwalifikacjach olimpijskich. Bilans mecz\u00f3w to: Korea P\u0142d. 5:7, Filipiny 3:9, Japonia 7:10, USA 4:7, Holandia 2:9. Po pi\u0119ciu seriach zajmuj\u0105 \u00f3sme miejsce i nie maj\u0105 ju\u017c mo\u017cliwo\u015bci awansu.<\/p>\n<p> <img role=\"presentation\" src=\"https:\/\/std.wpcdn.pl\/images\/adv\/placeholder_wp.svg\" loading=\"lazy\" alt=\"\" decoding=\"async\"\/>  <\/p>\n<p class=\"contentpart contentpart--default contentpart--text\" data-position=\"2\">Do ko\u0144ca fazy zasadniczej Polsk\u0119 czekaj\u0105 jeszcze dwa spotkania &#8211; z Chinami i Now\u0105 Zelandi\u0105. O przepustki zagraj\u0105 trzy najwy\u017cej sklasyfikowane ekipy po siedmiu meczach; dwie z nich uzyskaj\u0105 kwalifikacj\u0119.<\/p>\n<p class=\"contentpart contentpart--default contentpart--text\" data-position=\"3\">W turnieju olimpijskim miejsca maj\u0105 ju\u017c m\u0119skie reprezentacje: W\u0142och, Wielkiej Brytanii, Kanady, Szwecji, Szwajcarii, Niemiec, Norwegii i Czech. Ten komplet uzupe\u0142ni\u0105 dwie dru\u017cyny wy\u0142onione w Kelownie.<\/p>\n<p class=\"contentpart contentpart--default contentpart--text\" data-position=\"4\">&#8211; Debiut w kwalifikacjach to cenne do\u015bwiadczenie &#8211; podkre\u015blaj\u0105 zgodnie zawodnicy wed\u0142ug relacji z turnieju. Polska dru\u017cyna b\u0119dzie walczy\u0107 o pierwsze zwyci\u0119stwo w ko\u0144c\u00f3wce rywalizacji.<\/p>\n<p class=\"contentpart contentpart--default contentpart--text\" data-position=\"5\">ZOBACZ WIDEO: By\u0142a Miss Polski nadal zachwyca. W\u0142a\u015bnie odnios\u0142a sukces<\/p>\n","protected":false},"excerpt":{"rendered":"Bia\u0142o-Czerwoni zanotowali pi\u0105t\u0105 pora\u017ck\u0119 w olimpijskich kwalifikacjach w kanadyjskiej Kelownie. Dru\u017cyna skipa Konrada Stycha uleg\u0142a Holandii 2:9 i&hellip;\n","protected":false},"author":2,"featured_media":141331,"comment_status":"","ping_status":"","sticky":false,"template":"","format":"standard","meta":{"footnotes":""},"categories":[24],"tags":[28910,42,38,40,39,41,19345,127,126,447],"class_list":{"0":"post-141330","1":"post","2":"type-post","3":"status-publish","4":"format-standard","5":"has-post-thumbnail","7":"category-sport","8":"tag-curling","9":"tag-pl","10":"tag-poland","11":"tag-polish","12":"tag-polska","13":"tag-polski","14":"tag-pozostale-sporty","15":"tag-sport","16":"tag-sports","17":"tag-sporty-zimowe"},"share_on_mastodon":{"url":"https:\/\/pubeurope.com\/@pl\/115690372048241812","error":""},"_links":{"self":[{"href":"https:\/\/www.europesays.com\/pl\/wp-json\/wp\/v2\/posts\/141330","targetHints":{"allow":["GET"]}}],"collection":[{"href":"https:\/\/www.europesays.com\/pl\/wp-json\/wp\/v2\/posts"}],"about":[{"href":"https:\/\/www.europesays.com\/pl\/wp-json\/wp\/v2\/types\/post"}],"author":[{"embeddable":true,"href":"https:\/\/www.europesays.com\/pl\/wp-json\/wp\/v2\/users\/2"}],"replies":[{"embeddable":true,"href":"https:\/\/www.europesays.com\/pl\/wp-json\/wp\/v2\/comments?post=141330"}],"version-history":[{"count":0,"href":"https:\/\/www.europesays.com\/pl\/wp-json\/wp\/v2\/posts\/141330\/revisions"}],"wp:featuredmedia":[{"embeddable":true,"href":"https:\/\/www.europesays.com\/pl\/wp-json\/wp\/v2\/media\/141331"}],"wp:attachment":[{"href":"https:\/\/www.europesays.com\/pl\/wp-json\/wp\/v2\/media?parent=141330"}],"wp:term":[{"taxonomy":"category","embeddable":true,"href":"https:\/\/www.europesays.com\/pl\/wp-json\/wp\/v2\/categories?post=141330"},{"taxonomy":"post_tag","embeddable":true,"href":"https:\/\/www.europesays.com\/pl\/wp-json\/wp\/v2\/tags?post=141330"}],"curies":[{"name":"wp","href":"https:\/\/api.w.org\/{rel}","templated":true}]}}