{"id":141349,"date":"2025-12-09T16:06:07","date_gmt":"2025-12-09T16:06:07","guid":{"rendered":"https:\/\/www.europesays.com\/pl\/141349\/"},"modified":"2025-12-09T16:06:07","modified_gmt":"2025-12-09T16:06:07","slug":"afganczycy-zgwalcili-15-letnia-brytyjke-blagala-przechodniow-o-pomoc","status":"publish","type":"post","link":"https:\/\/www.europesays.com\/pl\/141349\/","title":{"rendered":"Afga\u0144czycy zgwa\u0142cili 15-letni\u0105 Brytyjk\u0119. B\u0142aga\u0142a przechodni\u00f3w o pomoc"},"content":{"rendered":"<p class=\"ods-c-paragraph \">W poniedzia\u0142ek w s\u0105dzie w Warwick wyroki us\u0142yszeli sprawcy gwa\u0142tu, dwaj 17-letni Afga\u0144czycy: Jan Jahanzeb i Israr Niazal. S\u0105d skaza\u0142 pierwszego z nich na kar\u0119 10 lat i 8 miesi\u0119cy pozbawienia wolno\u015bci w zak\u0142adzie dla nieletnich. Niazal zosta\u0142 skazany na dziewi\u0119\u0107 lat i dziesi\u0119\u0107 miesi\u0119cy wi\u0119zienia. Obaj maj\u0105 zosta\u0107 deportowani. To kara za to, \u017ce w maju 2025 r., zaledwie kilka miesi\u0119cy po tym, jak pojawili si\u0119 w Wielkiej Brytanii i otrzymali azyl, zgwa\u0142cili 15-letni\u0105 dziewczyn\u0119 w parku w Leamington Spa (\u015brodkowa Anglia). Podczas rozprawy s\u0105d odtworzy\u0142 nagrania, zarejestrowane tego dnia przez ofiar\u0119.<\/p>\n<p>Dalszy ci\u0105g artyku\u0142u pod materia\u0142em wideo<\/p>\n<p> Jakie s\u0105 szczeg\u00f3\u0142y dotycz\u0105ce gwa\u0142tu na 15-latce? <\/p>\n<p> Jakie kary otrzymali sprawcy gwa\u0142tu? <\/p>\n<p> Co m\u00f3wi\u0142a ofiara podczas nagrania? <\/p>\n<p> Kto pom\u00f3g\u0142 15-latce po zdarzeniu? <\/p>\n<p>  Wstrz\u0105saj\u0105ce nagranie 15-latki. Zgwa\u0142cili j\u0105 dwaj Afga\u0144czycy<\/p>\n<p class=\"ods-c-paragraph \">W trzyminutowym fragmencie nagrania, kt\u00f3re opublikowa\u0142 serwis &#8222;Daily Mail&#8221;, s\u0142ycha\u0107 p\u0142acz dziewczyny i jej pytanie do napastnika \u2014 &#8222;Zamierzasz mnie zgwa\u0142ci\u0107?&#8221; \u2014 w momencie, gdy by\u0142a odci\u0105gana przez sprawc\u00f3w w odludne miejsce w parku. S\u0142ycha\u0107 by\u0142o te\u017c krzyk: &#8222;Niech mi kto\u015b pomo\u017ce&#8221;. Wed\u0142ug &#8222;Daily Mail&#8221;, na nagraniu s\u0142ycha\u0107 te\u017c g\u0142os kobiety, kt\u00f3ra pyta dziewczyn\u0119, czy wszystko w porz\u0105dku. Nastolatka odpowiada, \u017ce nie i wo\u0142a o pomoc.<\/p>\n<p class=\"ods-c-paragraph \">&#8222;\u015awiadek nie interweniowa\u0142 dalej&#8221; \u2014 powiedzia\u0142 podczas procesu w Warwick prokurator Shawn Williams. \u2014 &#8222;Tragicznie, z jakiego\u015b powodu, nie pomogli jej&#8221; \u2014 doda\u0142, cytowany przez &#8222;Daily Mail&#8221;.<\/p>\n<p class=\"ods-c-paragraph \">Telefon ofiary zarejestrowa\u0142 te\u017c jej krzyki &#8222;pu\u015b\u0107 mnie!&#8221;. Z kolei nagranie z monitoringu miejskiego pokaza\u0142o 17-latk\u00f3w id\u0105cych drog\u0105 i prowadz\u0105cych dziewczyn\u0119 mi\u0119dzy sob\u0105. Mieli j\u0105 zaprowadzi\u0107 w miejsce, przypominaj\u0105ce ustronne &#8222;legowisko&#8221;, gdzie zosta\u0142a zepchni\u0119ta na ziemi\u0119 i upad\u0142a na kolana.<\/p>\n<p class=\"ods-c-paragraph \">&#8222;My\u015bla\u0142am, \u017ce umr\u0119&#8221; \u2014 m\u00f3wi\u0142a w zeznaniach 15-latka. <\/p>\n<p class=\"ods-c-paragraph \">Kiedy by\u0142o ju\u017c po wszystkim i napastnicy zostawili dziewczyn\u0119, pom\u00f3g\u0142 jej przechodz\u0105cy m\u0119\u017cczyzna, kt\u00f3ry zaprowadzi\u0142 j\u0105 na pobliski komisariat.<\/p>\n<p class=\"ods-c-paragraph \">W o\u015bwiadczeniu odczytanym w s\u0105dzie podczas og\u0142aszania wyroku ofiara powiedzia\u0142a: &#8222;Dzie\u0144, w kt\u00f3rym zosta\u0142am zgwa\u0142cona, zmieni\u0142 mnie jako osob\u0119. Nie jestem ju\u017c szcz\u0119\u015bliw\u0105, beztrosk\u0105 nastolatk\u0105. To by\u0142o moje pierwsze do\u015bwiadczenie seksualne&#8221;. <\/p>\n<p class=\"ods-c-paragraph \">Doda\u0142a, \u017ce nie czuje si\u0119 bezpiecznie, dlatego unika wychodzenia z domu.<\/p>\n","protected":false},"excerpt":{"rendered":"W poniedzia\u0142ek w s\u0105dzie w Warwick wyroki us\u0142yszeli sprawcy gwa\u0142tu, dwaj 17-letni Afga\u0144czycy: Jan Jahanzeb i Israr Niazal.&hellip;\n","protected":false},"author":2,"featured_media":141350,"comment_status":"","ping_status":"","sticky":false,"template":"","format":"standard","meta":{"footnotes":""},"categories":[14],"tags":[32,33,603,27,34,35,28,31,48,25,46,40,41,412,47,80,29,30,26,79,82,83,84],"class_list":{"0":"post-141349","1":"post","2":"type-post","3":"status-publish","4":"format-standard","5":"has-post-thumbnail","7":"category-swiat","8":"tag-breaking-news","9":"tag-breakingnews","10":"tag-gwalt","11":"tag-headlines","12":"tag-latest-news","13":"tag-latestnews","14":"tag-naglowki","15":"tag-najwazniejsze-artykuly","16":"tag-nat_styl","17":"tag-news","18":"tag-omp","19":"tag-polish","20":"tag-polski","21":"tag-prawo_sady_prawnicy","22":"tag-screening_general","23":"tag-swiat","24":"tag-top-stories","25":"tag-topstories","26":"tag-wiadomosci","27":"tag-wielka_brytania","28":"tag-world","29":"tag-world-news","30":"tag-worldnews"},"share_on_mastodon":{"url":"https:\/\/pubeurope.com\/@pl\/115690470399412283","error":""},"_links":{"self":[{"href":"https:\/\/www.europesays.com\/pl\/wp-json\/wp\/v2\/posts\/141349","targetHints":{"allow":["GET"]}}],"collection":[{"href":"https:\/\/www.europesays.com\/pl\/wp-json\/wp\/v2\/posts"}],"about":[{"href":"https:\/\/www.europesays.com\/pl\/wp-json\/wp\/v2\/types\/post"}],"author":[{"embeddable":true,"href":"https:\/\/www.europesays.com\/pl\/wp-json\/wp\/v2\/users\/2"}],"replies":[{"embeddable":true,"href":"https:\/\/www.europesays.com\/pl\/wp-json\/wp\/v2\/comments?post=141349"}],"version-history":[{"count":0,"href":"https:\/\/www.europesays.com\/pl\/wp-json\/wp\/v2\/posts\/141349\/revisions"}],"wp:featuredmedia":[{"embeddable":true,"href":"https:\/\/www.europesays.com\/pl\/wp-json\/wp\/v2\/media\/141350"}],"wp:attachment":[{"href":"https:\/\/www.europesays.com\/pl\/wp-json\/wp\/v2\/media?parent=141349"}],"wp:term":[{"taxonomy":"category","embeddable":true,"href":"https:\/\/www.europesays.com\/pl\/wp-json\/wp\/v2\/categories?post=141349"},{"taxonomy":"post_tag","embeddable":true,"href":"https:\/\/www.europesays.com\/pl\/wp-json\/wp\/v2\/tags?post=141349"}],"curies":[{"name":"wp","href":"https:\/\/api.w.org\/{rel}","templated":true}]}}