{"id":141433,"date":"2025-12-09T17:12:09","date_gmt":"2025-12-09T17:12:09","guid":{"rendered":"https:\/\/www.europesays.com\/pl\/141433\/"},"modified":"2025-12-09T17:12:09","modified_gmt":"2025-12-09T17:12:09","slug":"absurdalna-temperatura-tutaj-musieli-przyleciec-na-mecz-ligi-mistrzow","status":"publish","type":"post","link":"https:\/\/www.europesays.com\/pl\/141433\/","title":{"rendered":"&#8222;Absurdalna temperatura&#8221;. Tutaj musieli przylecie\u0107 na mecz Ligi Mistrz\u00f3w"},"content":{"rendered":"\n<p class=\"contentpart contentpart--default contentpart--text\" data-position=\"0\">Mecz <a href=\"https:\/\/sportowefakty.wp.pl\/pilka-nozna\/kajrat-almaty\" rel=\"nofollow noopener\" target=\"_blank\">Kajrat A\u0142maty<\/a>\u00a0&#8211; <a href=\"https:\/\/sportowefakty.wp.pl\/pilka-nozna\/olympiakos-pireus\" rel=\"nofollow noopener\" target=\"_blank\">Olympiakos Pireus<\/a>\u00a0rozpocz\u0105\u0142 sz\u00f3st\u0105 seri\u0119 spotka\u0144 w fazie ligowej Ligi Mistrz\u00f3w. Spotkanie wzbudzi\u0142o ogromne zainteresowanie \u015bwiatowych medi\u00f3w, a wszystko przez ekstremalne warunki pogodowe.<\/p>\n<p class=\"contentpart contentpart--default contentpart--text\" data-position=\"1\">Pojedynek odbywa\u0142 si\u0119 w Astanie. W momencie, gdy rozbrzmiewa\u0142 pierwszy gwizdek s\u0119dziego, termometry pokazywa\u0142y -21 stopni Celsjusza, co wiele medi\u00f3w skwitowa\u0142o has\u0142em &#8222;absurdalna temperatura&#8221;.<\/p>\n<p> <img role=\"presentation\" src=\"https:\/\/std.wpcdn.pl\/images\/adv\/placeholder_wp.svg\" loading=\"lazy\" alt=\"\" decoding=\"async\"\/>  <\/p>\n<p class=\"contentpart contentpart--default contentpart--text\" data-position=\"2\">ZOBACZ WIDEO: By\u0142a 10. sekunda meczu. Niebywa\u0142e, co zrobi\u0142 bramkarz<\/p>\n<p class=\"contentpart contentpart--default contentpart--text\" data-position=\"4\">Pi\u0142karzy greckiego klubu ju\u017c na lotnisku powita\u0142 \u015bnieg i ogromny mr\u00f3z. Na boisku jednak a\u017c tak nie odczuwali bardzo trudnych warunk\u00f3w atmosferycznych. Stadion w Astanie jest bowiem zbudowany w taki spos\u00f3b, by mo\u017cna by\u0142o na nim gra\u0107 pomimo srogiej zimy.<\/p>\n<p class=\"contentpart contentpart--default contentpart--text\" data-position=\"5\">&#8222;Stadion Narodowy w Astanie (QJ Arena) jest wyposa\u017cony w system ogrzewania boiska, kt\u00f3ry pozwala na gr\u0119 nawet w bardzo niskich temperaturach, a tak\u017ce ma zasuwany dach, zamkni\u0119ty ju\u017c dzie\u0144 wcze\u015bniej podczas trening\u00f3w obu dru\u017cyn&#8221; &#8211; wyja\u015bnia portal lapsi.al.<\/p>\n<p class=\"contentpart contentpart--default contentpart--text\" data-position=\"6\">Co ciekawe, Kajrat pocz\u0105tkowo mia\u0142 gra\u0107 na w\u0142asnym stadionie w A\u0142matach. Spotkanie przeniesiono do Astany z obawy na niskie temperatury. Los zadrwi\u0142 z Kazach\u00f3w, bo w tym samym momencie w A\u0142matach by\u0142o znacznie cieplej, bo zaledwie -2 stopni Celsjusza.<\/p>\n<p> <img role=\"presentation\" src=\"https:\/\/std.wpcdn.pl\/images\/adv\/placeholder_wp.svg\" loading=\"lazy\" alt=\"\" decoding=\"async\"\/>  <\/p>\n<p class=\"contentpart contentpart--default contentpart--text\" data-position=\"7\">Wielu kibic\u00f3w mog\u0142o dodatkowo si\u0119 zdziwi\u0107, widz\u0105c godzin\u0119 rozpocz\u0119cia meczu, czyli 16:30 (czasu polskiego). Wszystko przez inn\u0105 stref\u0105 czasow\u0105, bo o tej porze w Astanie by\u0142a ju\u017c 20:30.<\/p>\n<p class=\"contentpart contentpart--default contentpart--text\" data-position=\"8\">Mr\u00f3z i nietypowa godzina meczu to nie by\u0142y jedyne problemy dla Olympiakosu. Sporym wyzwaniem dla Grek\u00f3w by\u0142a tak\u017ce podr\u00f3\u017c, bo Pireus i Astan\u0119 dzieli ponad 6 tys. kilometr\u00f3w, a to oznacza\u0142o wielogodzinny lot samolotem.<\/p>\n","protected":false},"excerpt":{"rendered":"Mecz Kajrat A\u0142maty\u00a0&#8211; Olympiakos Pireus\u00a0rozpocz\u0105\u0142 sz\u00f3st\u0105 seri\u0119 spotka\u0144 w fazie ligowej Ligi Mistrz\u00f3w. Spotkanie wzbudzi\u0142o ogromne zainteresowanie \u015bwiatowych&hellip;\n","protected":false},"author":2,"featured_media":141434,"comment_status":"","ping_status":"","sticky":false,"template":"","format":"standard","meta":{"footnotes":""},"categories":[24],"tags":[693,1612,270,8140,269,42,38,40,39,41,127,126],"class_list":{"0":"post-141433","1":"post","2":"type-post","3":"status-publish","4":"format-standard","5":"has-post-thumbnail","7":"category-sport","8":"tag-europejskie-puchary","9":"tag-kajrat-almaty","10":"tag-liga-mistrzow","11":"tag-olympiakos-pireus","12":"tag-pilka-nozna","13":"tag-pl","14":"tag-poland","15":"tag-polish","16":"tag-polska","17":"tag-polski","18":"tag-sport","19":"tag-sports"},"share_on_mastodon":{"url":"https:\/\/pubeurope.com\/@pl\/115690730103774190","error":""},"_links":{"self":[{"href":"https:\/\/www.europesays.com\/pl\/wp-json\/wp\/v2\/posts\/141433","targetHints":{"allow":["GET"]}}],"collection":[{"href":"https:\/\/www.europesays.com\/pl\/wp-json\/wp\/v2\/posts"}],"about":[{"href":"https:\/\/www.europesays.com\/pl\/wp-json\/wp\/v2\/types\/post"}],"author":[{"embeddable":true,"href":"https:\/\/www.europesays.com\/pl\/wp-json\/wp\/v2\/users\/2"}],"replies":[{"embeddable":true,"href":"https:\/\/www.europesays.com\/pl\/wp-json\/wp\/v2\/comments?post=141433"}],"version-history":[{"count":0,"href":"https:\/\/www.europesays.com\/pl\/wp-json\/wp\/v2\/posts\/141433\/revisions"}],"wp:featuredmedia":[{"embeddable":true,"href":"https:\/\/www.europesays.com\/pl\/wp-json\/wp\/v2\/media\/141434"}],"wp:attachment":[{"href":"https:\/\/www.europesays.com\/pl\/wp-json\/wp\/v2\/media?parent=141433"}],"wp:term":[{"taxonomy":"category","embeddable":true,"href":"https:\/\/www.europesays.com\/pl\/wp-json\/wp\/v2\/categories?post=141433"},{"taxonomy":"post_tag","embeddable":true,"href":"https:\/\/www.europesays.com\/pl\/wp-json\/wp\/v2\/tags?post=141433"}],"curies":[{"name":"wp","href":"https:\/\/api.w.org\/{rel}","templated":true}]}}