{"id":141485,"date":"2025-12-09T17:51:08","date_gmt":"2025-12-09T17:51:08","guid":{"rendered":"https:\/\/www.europesays.com\/pl\/141485\/"},"modified":"2025-12-09T17:51:08","modified_gmt":"2025-12-09T17:51:08","slug":"dania-z-wyrzutka-staje-sie-wzorem-dla-europy-kolejne-kraje-przyjmuja-jej-twardy-kurs-migracyjny-nastapila-ogromna-zmiana","status":"publish","type":"post","link":"https:\/\/www.europesays.com\/pl\/141485\/","title":{"rendered":"Dania z wyrzutka staje si\u0119 wzorem dla Europy. Kolejne kraje przyjmuj\u0105 jej twardy kurs migracyjny. &#8222;Nast\u0105pi\u0142a ogromna zmiana&#8221;"},"content":{"rendered":"<p>W poniedzia\u0142ek europejscy ministrowie sprawiedliwo\u015bci i spraw wewn\u0119trznych zatwierdzili nowe \u015brodki umo\u017cliwiaj\u0105ce krajom UE wydalanie os\u00f3b, kt\u00f3rym odm\u00f3wiono azylu, utworzenie o\u015brodk\u00f3w przetwarzania wniosk\u00f3w oraz o\u015brodk\u00f3w deportacyjnych poza granicami swoich pa\u0144stw. S\u0105 to \u015brodki, za kt\u00f3rymi od dawna opowiada\u0142a si\u0119 Kopenhaga.<\/p>\n<p>Porozumienie by\u0142o &#8222;owocem wielu lat pracy&#8221; \u2014 stwierdzi\u0142 Rasmus Stoklund, du\u0144ski minister ds. integracji z centrolewicy, kt\u00f3ry kierowa\u0142 negocjacjami w sprawie migracji podczas sze\u015bciomiesi\u0119cznej prezydencji swojego kraju w Radzie UE.<\/p>\n<p>Stoklund powiedzia\u0142 POLITICO, \u017ce kiedy 10 lat temu po raz pierwszy zacz\u0105\u0142 pracowa\u0107 nad kwesti\u0105 migracji w du\u0144skim parlamencie, jego koledzy z lewicowych partii w ca\u0142ej Unii Europejskiej uwa\u017cali stanowisko jego rz\u0105du za tak skandaliczne, \u017ce inni socjaldemokraci nie chcieli si\u0119 z nawet spotyka\u0107. W jego ocenie w ci\u0105gu ostatnich kilku lat &#8222;nast\u0105pi\u0142a ogromna zmiana w postrzeganiu tej kwestii&#8221;.<\/p>\n<p class=\"ods-c-paragraph \">Kiedy w poniedzia\u0142ek zawarto porozumienie, &#8222;westchnienie ulgi&#8221; ministr\u00f3w i ich doradc\u00f3w by\u0142o namacalne \u2014 ludzie obejmowali si\u0119 i wychwalali zar\u00f3wno du\u0144skich po\u015brednik\u00f3w, jak i Komisj\u0119 Europejsk\u0105 Ursuli von der Leyen, kt\u00f3ra przedstawi\u0142a pierwotn\u0105 propozycj\u0119, relacjonuje dyplomata obecny na sali.<\/p>\n<p class=\"ods-c-paragraph \">Szwedzki minister ds. migracji Johan Forssell powiedzia\u0142 POLITICO, \u017ce poniedzia\u0142kowe porozumienie mia\u0142o kluczowe znaczenie &#8222;dla zachowania jakiegokolwiek zaufania publicznego do obecnego systemu migracyjnego&#8221;. \u2014 Musimy pokaza\u0107, \u017ce system dzia\u0142a \u2014 doda\u0142.<\/p>\n<p class=\"ods-c-paragraph \">Sztokholm, kt\u00f3ry w przesz\u0142o\u015bci szczyci\u0142 si\u0119 <a href=\"https:\/\/wiadomosci.onet.pl\/swiat\/szwecja-wie-ze-popelnila-strategiczny-blad-nasza-liberalna-polityka-byla-naiwna\/x1b1zlm\" id=\"38badc42-165d-4e2d-ae98-1f431163f571\" rel=\"nofollow noopener\" target=\"_blank\">liberalnym podej\u015bciem do migracji<\/a>, niedawno przeszed\u0142 radykaln\u0105 zmian\u0119 i przyj\u0105\u0142 model du\u0144ski, wprowadzaj\u0105c surowe \u015brodki ograniczaj\u0105ce \u0142\u0105czenie rodzin, zaostrzaj\u0105c zasady uzyskiwania obywatelstwa szwedzkiego i ograniczaj\u0105c \u015bwiadczenia socjalne dla nowo przyby\u0142ych.<\/p>\n<p>   <img decoding=\"async\" src=\"https:\/\/cdn.wiadomosci.onet.pl\/1\/fdYk9lBaHR0cHM6Ly9vY2RuLmV1L3B1bHNjbXMvTURBXy9jNmM5OWNiZDI4OTM0NWUzNGU3YzY1OTliNzAwYTIxYi5qcGeRlQLNB1gAwsPeAAKhMAehMQQ\" height=\"627\" width=\"940\" alt=\"Szwedzki minister ds. migracji Johan Forssell\" loading=\"lazy\" class=\"ods-c-image__img ods-c-image__img--viewport-width\"\/><\/p>\n<p>Szwedzki minister ds. migracji Johan ForssellEpa\/OLIVIER MATTHYS \/ PAP<\/p>\n<p class=\"ods-c-paragraph \">Forssell oceni\u0142, \u017ce porozumienie jest wa\u017cne, gdy\u017c &#8222;wiele os\u00f3b&#8221; w Europie krytykuje UE za bezczynno\u015b\u0107 w kwestii migracji, &#8222;poniewa\u017c ich rz\u0105dy nie mog\u0105 same zrobi\u0107 tego, co [powinno by\u0107 zrobione] na szczeblu krajowym&#8221;. Jego zdaniem kwestia ta jest doskona\u0142ym przyk\u0142adem tego, &#8222;dlaczego Unia Europejska musi by\u0107 silna&#8221;.<\/p>\n<p>Presja ze strony wyborc\u00f3w<\/p>\n<p class=\"ods-c-paragraph \">Przyj\u0119te w poniedzia\u0142ek porozumienie \u2014 kt\u00f3rego skutki, jak powiedzia\u0142 Stoklund, &#8222;b\u0119d\u0105, miejmy nadziej\u0119, zauwa\u017calne&#8221; \u2014 zosta\u0142o zawarte dwa lata po podpisaniu przez UE nowej ustawy reguluj\u0105cej kwestie azylu i migracji, kt\u00f3ra musi zosta\u0107 wdro\u017cona do czerwca<\/p>\n<p class=\"ods-c-paragraph \">\u2014 Wyborcy dali jasno do zrozumienia rz\u0105dom w ca\u0142ej Unii Europejskiej, \u017ce nie mog\u0105 zaakceptowa\u0107 faktu, i\u017c nie s\u0105 w stanie kontrolowa\u0107 dost\u0119pu do swoich kraj\u00f3w \u2014 powiedzia\u0142 Stoklund.<\/p>\n<p class=\"ods-c-paragraph \">\u2014 Rz\u0105dy zda\u0142y sobie spraw\u0119, \u017ce je\u015bli nie potraktuj\u0105 tej kwestii powa\u017cnie, wyborcy popr\u0105 bardziej populistyczne ruchy, kt\u00f3re si\u0119 tym zajm\u0105 \u2014 i zastosuj\u0105 bardziej drastyczne \u015brodki w celu znalezienia nowych rozwi\u0105za\u0144 \u2014 doda\u0142.<\/p>\n<p><img decoding=\"async\" src=\"https:\/\/cdn.wiadomosci.onet.pl\/1\/eR4k9lBaHR0cHM6Ly9vY2RuLmV1L3B1bHNjbXMvTURBXy9kMjFjNjQ1NTVhY2FjZWUwOWZmMWMyYjU2YjMzMDU1ZS5qcGeRlQLNB1gAwsPeAAKhMAehMQQ\" height=\"598\" width=\"940\" alt=\"Du\u0144ski minister ds. integracji Rasmus Stoklund w Brukseli, 8 grudnia 2025 r.\" loading=\"lazy\" class=\"ods-c-image__img ods-c-image__img--viewport-width\"\/><\/p>\n<p>Du\u0144ski minister ds. integracji Rasmus Stoklund w Brukseli, 8 grudnia 2025 r.OLIVIER HOSLET \/ PAP<\/p>\n<p class=\"ods-c-paragraph \">Komisarz ds. migracji Magnus Brunner, du\u0144ska prezydencja w Radzie UE oraz ministrowie podkre\u015blali, \u017ce poniedzia\u0142kowe porozumienie pokazuje, \u017ce UE jest w stanie osi\u0105gn\u0105\u0107 konsensus. <\/p>\n<p class=\"ods-c-paragraph \">Brunner zwr\u00f3ci\u0142 uwag\u0119, \u017ce po ostatnich wyborach do Parlamentu Europejskiego w 2024 r. &#8222;pierwszym zadaniem&#8221; nowej Komisji by\u0142o &#8222;uporz\u0105dkowanie naszej europejskiej wsp\u00f3lnoty&#8221;. \u2014 Dzisiaj pokazujemy, \u017ce Europa naprawd\u0119 potrafi dzia\u0142a\u0107 i osi\u0105gn\u0119li\u015bmy ca\u0142kiem sporo \u2014 doda\u0142.<\/p>\n<p>Zmiany w przepisach migracyjnych<\/p>\n<p class=\"ods-c-paragraph \">Ministrowie poparli nowe przepisy dotycz\u0105ce zatrzymywania i deportacji migrant\u00f3w, w tym \u015brodki, kt\u00f3re pozwol\u0105 Unii i poszczeg\u00f3lnym krajom zawiera\u0107 umowy w sprawie utworzenia o\u015brodk\u00f3w przetwarzania wniosk\u00f3w migracyjnych w innych krajach, niezale\u017cnie od tego, czy osoby tam przenoszone maj\u0105 powi\u0105zania z tymi krajami.<\/p>\n<p class=\"ods-c-paragraph \">Ministrowie poparli zmiany, kt\u00f3re pozwol\u0105 stolicom odrzuca\u0107 wnioski, je\u015bli osoby ubiegaj\u0105ce si\u0119 o azyl przed pierwszym wjazdem do UE mog\u0142y uzyska\u0107 ochron\u0119 mi\u0119dzynarodow\u0105 w kraju spoza UE, kt\u00f3ry blok uznaje za bezpieczny, i zatwierdzili wsp\u00f3ln\u0105 list\u0119 kraj\u00f3w pochodzenia uznanych za bezpieczne.<\/p>\n<p class=\"ods-c-paragraph \">Bangladesz, Kolumbia, Egipt, Indie, Kosowo, Maroko i Tunezja znajduj\u0105 si\u0119 na tej li\u015bcie, podobnie jak kraje kandyduj\u0105ce do przyst\u0105pienia do UE. Porozumienie pozostawia jednak miejsce na wyj\u0105tki, takie jak Ukraina, kt\u00f3ra znajduje si\u0119 w stanie wojny.<\/p>\n<p class=\"ods-c-paragraph \">Osoby ubiegaj\u0105ce si\u0119 o azyl nie b\u0119d\u0105 mia\u0142y automatycznego prawa do pozostania w UE w trakcie odwo\u0142ywania si\u0119 od decyzji o odrzuceniu ich wniosku o azyl.<\/p>\n<p class=\"ods-c-paragraph \">Kolejnym krokiem b\u0119dzie negocjowanie tych \u015brodk\u00f3w z Parlamentem Europejskim, gdy ten zajmie stanowisko w sprawie propozycji.<\/p>\n","protected":false},"excerpt":{"rendered":"W poniedzia\u0142ek europejscy ministrowie sprawiedliwo\u015bci i spraw wewn\u0119trznych zatwierdzili nowe \u015brodki umo\u017cliwiaj\u0105ce krajom UE wydalanie os\u00f3b, kt\u00f3rym odm\u00f3wiono&hellip;\n","protected":false},"author":2,"featured_media":141486,"comment_status":"","ping_status":"","sticky":false,"template":"","format":"standard","meta":{"footnotes":""},"categories":[14],"tags":[56,32,33,2787,27,34,35,409,28,31,48,25,46,40,1314,41,47,80,547,29,30,86,26,82,83,84],"class_list":{"0":"post-141485","1":"post","2":"type-post","3":"status-publish","4":"format-standard","5":"has-post-thumbnail","7":"category-swiat","8":"tag-article_premium","9":"tag-breaking-news","10":"tag-breakingnews","11":"tag-dania","12":"tag-headlines","13":"tag-latest-news","14":"tag-latestnews","15":"tag-migracja","16":"tag-naglowki","17":"tag-najwazniejsze-artykuly","18":"tag-nat_styl","19":"tag-news","20":"tag-omp","21":"tag-polish","22":"tag-politico","23":"tag-polski","24":"tag-screening_general","25":"tag-swiat","26":"tag-szwecja","27":"tag-top-stories","28":"tag-topstories","29":"tag-unia_europejska","30":"tag-wiadomosci","31":"tag-world","32":"tag-world-news","33":"tag-worldnews"},"share_on_mastodon":{"url":"https:\/\/pubeurope.com\/@pl\/115690883421570438","error":""},"_links":{"self":[{"href":"https:\/\/www.europesays.com\/pl\/wp-json\/wp\/v2\/posts\/141485","targetHints":{"allow":["GET"]}}],"collection":[{"href":"https:\/\/www.europesays.com\/pl\/wp-json\/wp\/v2\/posts"}],"about":[{"href":"https:\/\/www.europesays.com\/pl\/wp-json\/wp\/v2\/types\/post"}],"author":[{"embeddable":true,"href":"https:\/\/www.europesays.com\/pl\/wp-json\/wp\/v2\/users\/2"}],"replies":[{"embeddable":true,"href":"https:\/\/www.europesays.com\/pl\/wp-json\/wp\/v2\/comments?post=141485"}],"version-history":[{"count":0,"href":"https:\/\/www.europesays.com\/pl\/wp-json\/wp\/v2\/posts\/141485\/revisions"}],"wp:featuredmedia":[{"embeddable":true,"href":"https:\/\/www.europesays.com\/pl\/wp-json\/wp\/v2\/media\/141486"}],"wp:attachment":[{"href":"https:\/\/www.europesays.com\/pl\/wp-json\/wp\/v2\/media?parent=141485"}],"wp:term":[{"taxonomy":"category","embeddable":true,"href":"https:\/\/www.europesays.com\/pl\/wp-json\/wp\/v2\/categories?post=141485"},{"taxonomy":"post_tag","embeddable":true,"href":"https:\/\/www.europesays.com\/pl\/wp-json\/wp\/v2\/tags?post=141485"}],"curies":[{"name":"wp","href":"https:\/\/api.w.org\/{rel}","templated":true}]}}