{"id":141613,"date":"2025-12-09T19:09:08","date_gmt":"2025-12-09T19:09:08","guid":{"rendered":"https:\/\/www.europesays.com\/pl\/141613\/"},"modified":"2025-12-09T19:09:08","modified_gmt":"2025-12-09T19:09:08","slug":"slawomir-mentzen-zapowiada-wielka-akcje-konfederacji-pokazal-mape","status":"publish","type":"post","link":"https:\/\/www.europesays.com\/pl\/141613\/","title":{"rendered":"S\u0142awomir Mentzen zapowiada wielk\u0105 akcj\u0119 Konfederacji. Pokaza\u0142 map\u0119"},"content":{"rendered":"<p class=\"ods-c-paragraph \">Jeden z lider\u00f3w Konfederacji <a href=\"https:\/\/wiadomosci.onet.pl\/slawomir-mentzen\" id=\"105f9bd7-6ace-459e-962d-7de53a2d3a6a\" rel=\"nofollow noopener\" target=\"_blank\">S\u0142awomir Mentzen<\/a> przekaza\u0142 za po\u015brednictwem platformy X, \u017ce jego ugrupowanie w najbli\u017cszym czasie b\u0119dzie organizowa\u0107 konferencje pod szpitalami w ca\u0142ej Polsce. Polityk, jak na razie, nie ujawni\u0142 wi\u0119cej szczeg\u00f3\u0142\u00f3w na ten temat. Wiadomo tylko tyle, \u017ce konferencje maj\u0105 dotyczy\u0107 <a href=\"https:\/\/wiadomosci.onet.pl\/nfz\" id=\"25da30cb-8120-4d0e-9b1d-1c41f519e3c2\" rel=\"nofollow noopener\" target=\"_blank\">NFZ-u<\/a>.<\/p>\n<blockquote class=\"ods-o-quota\">\n<p class=\"ods-o-quota__paragraph\">Pora rozbi\u0107 monopol NFZ!<\/p>\n<\/blockquote>\n<p class=\"ods-c-paragraph \">\u2014 napisa\u0142 S\u0142awomir Mentzen, do\u0142\u0105czaj\u0105c mapk\u0119, na kt\u00f3rym oznaczone zosta\u0142y miejsca planowanych konferencji.<\/p>\n<p class=\"ods-c-paragraph \">Na za\u0142\u0105czonej mapce widnieje napis: ratujmy system ochrony zdrowia.<\/p>\n<p>Dalszy ci\u0105g artyku\u0142u pod materia\u0142em wideo<\/p>\n<p> Jakie konferencje planuje zorganizowa\u0107 Konfederacja? <\/p>\n<p> Gdzie maj\u0105 odby\u0107 si\u0119 konferencje pod szpitalami? <\/p>\n<p> Co S\u0142awomir Mentzen pisze o NFZ? <\/p>\n<p> Jakie s\u0105 prognozy dotycz\u0105ce deficytu NFZ na przysz\u0142y rok? <\/p>\n<p>  S\u0142awomir Mentzen zapowiada akcj\u0119 na ca\u0142\u0105 Polsk\u0119. Chodzi o NFZ<\/p>\n<p class=\"ods-c-paragraph \">To nie pierwszy raz, kiedy S\u0142awomir Mentzen porusza problem systemu ochrony zdrowia w Polsce. W trakcie kampanii wyborczej przed wyborami prezydenckimi apelowa\u0142 o jego reform\u0119. Wielokrotnie podkre\u015bla\u0142, \u017ce NFZ nie funkcjonuje prawid\u0142owo i nie ma pieni\u0119dzy, dlatego trzeba przeprowadzi\u0107 w nim gruntowne zmiany.<\/p>\n<p class=\"ods-c-paragraph \">We wtorek Konfederacja zorganizowa\u0142a w Sejmie konferencj\u0119, podczas kt\u00f3rej jej cz\u0142onkowie zwr\u00f3cili uwag\u0119 na dramatyczn\u0105 sytuacj\u0119 w polskiej ochronie zdrowia. I zaatakowali przy tym premiera Donalda Tuska. Micha\u0142 Wawer, wiceprzewodnicz\u0105cy <a href=\"https:\/\/wiadomosci.onet.pl\/konfederacja\" id=\"62fabe03-6e2e-47c7-8d7e-d68b0c997f76\" rel=\"nofollow noopener\" target=\"_blank\">Konfederacji<\/a>, przypomnia\u0142, \u017ce &#8222;dwa lata temu Platforma Obywatelska dochodzi\u0142a do w\u0142adzy pod has\u0142ami m.in. naprawy systemu ochrony zdrowia&#8221;.<\/p>\n<blockquote class=\"ods-o-quota\">\n<p class=\"ods-o-quota__paragraph\">Je\u017celi nie jest w stanie tych obietnic spe\u0142ni\u0107, to wzywamy, \u017ceby dobrowolnie poda\u0142 si\u0119 do dymisji<\/p>\n<\/blockquote>\n<p class=\"ods-c-paragraph \">\u2014 powiedzia\u0142 podczas konferencji Micha\u0142 Wawer, zwracaj\u0105c si\u0119 do premiera.<\/p>\n<p class=\"ods-c-paragraph \">Ministerstwo Zdrowia oszacowa\u0142o, \u017ce deficyt NFZ w przysz\u0142ym roku wyniesie oko\u0142o 23 mld z\u0142. Plan bud\u017cetu pa\u0144stwa na 2026 r. zak\u0142ada, \u017ce na ochron\u0119 zdrowia ma trafi\u0107 247,8 mld z\u0142.<\/p>\n","protected":false},"excerpt":{"rendered":"Jeden z lider\u00f3w Konfederacji S\u0142awomir Mentzen przekaza\u0142 za po\u015brednictwem platformy X, \u017ce jego ugrupowanie w najbli\u017cszym czasie b\u0119dzie&hellip;\n","protected":false},"author":2,"featured_media":141614,"comment_status":"","ping_status":"","sticky":false,"template":"","format":"standard","meta":{"footnotes":""},"categories":[12],"tags":[32,33,36,37,27,1006,28943,49,34,35,28,31,48,25,229,5354,46,504,42,38,40,39,41,47,865,5602,29,30,26],"class_list":{"0":"post-141613","1":"post","2":"type-post","3":"status-publish","4":"format-standard","5":"has-post-thumbnail","7":"category-polska","8":"tag-breaking-news","9":"tag-breakingnews","10":"tag-featured-news","11":"tag-featurednews","12":"tag-headlines","13":"tag-konfederacja","14":"tag-konferencje","15":"tag-kraj","16":"tag-latest-news","17":"tag-latestnews","18":"tag-naglowki","19":"tag-najwazniejsze-artykuly","20":"tag-nat_styl","21":"tag-news","22":"tag-nfz","23":"tag-ochrona_zdrowia","24":"tag-omp","25":"tag-pieniadze","26":"tag-pl","27":"tag-poland","28":"tag-polish","29":"tag-polska","30":"tag-polski","31":"tag-screening_general","32":"tag-slawomir_mentzen","33":"tag-szpital","34":"tag-top-stories","35":"tag-topstories","36":"tag-wiadomosci"},"share_on_mastodon":{"url":"https:\/\/pubeurope.com\/@pl\/115691190002535745","error":""},"_links":{"self":[{"href":"https:\/\/www.europesays.com\/pl\/wp-json\/wp\/v2\/posts\/141613","targetHints":{"allow":["GET"]}}],"collection":[{"href":"https:\/\/www.europesays.com\/pl\/wp-json\/wp\/v2\/posts"}],"about":[{"href":"https:\/\/www.europesays.com\/pl\/wp-json\/wp\/v2\/types\/post"}],"author":[{"embeddable":true,"href":"https:\/\/www.europesays.com\/pl\/wp-json\/wp\/v2\/users\/2"}],"replies":[{"embeddable":true,"href":"https:\/\/www.europesays.com\/pl\/wp-json\/wp\/v2\/comments?post=141613"}],"version-history":[{"count":0,"href":"https:\/\/www.europesays.com\/pl\/wp-json\/wp\/v2\/posts\/141613\/revisions"}],"wp:featuredmedia":[{"embeddable":true,"href":"https:\/\/www.europesays.com\/pl\/wp-json\/wp\/v2\/media\/141614"}],"wp:attachment":[{"href":"https:\/\/www.europesays.com\/pl\/wp-json\/wp\/v2\/media?parent=141613"}],"wp:term":[{"taxonomy":"category","embeddable":true,"href":"https:\/\/www.europesays.com\/pl\/wp-json\/wp\/v2\/categories?post=141613"},{"taxonomy":"post_tag","embeddable":true,"href":"https:\/\/www.europesays.com\/pl\/wp-json\/wp\/v2\/tags?post=141613"}],"curies":[{"name":"wp","href":"https:\/\/api.w.org\/{rel}","templated":true}]}}