{"id":141623,"date":"2025-12-09T19:16:06","date_gmt":"2025-12-09T19:16:06","guid":{"rendered":"https:\/\/www.europesays.com\/pl\/141623\/"},"modified":"2025-12-09T19:16:06","modified_gmt":"2025-12-09T19:16:06","slug":"silny-wstrzas-w-kopalni-w-malopolsce-prace-zostaly-czasowo-wstrzymane-onet","status":"publish","type":"post","link":"https:\/\/www.europesays.com\/pl\/141623\/","title":{"rendered":"Silny wstrz\u0105s w kopalni w Ma\u0142opolsce. Prace zosta\u0142y czasowo wstrzymane &#8211; Onet"},"content":{"rendered":"<ol>\n<li><a href=\"https:\/\/news.google.com\/rss\/articles\/CBMixwFBVV95cUxNMVJhckMyMnktaHUwSUdkNDFyMFFrVU9oeG5haVh0Z1p4LVp6RGZDUFpOM3RXQThTcVBJdldkUXFHMUtMNi13aFBjbVRQYzFESEFLZnNBbllQcldYRTZuRVYtMEFvcHVwYTI5NzVRSGRkTGZjTDdNM1J3OEotNTk5dWRMbDRGZXRXc2FPNmVQTlNnN2gzWThkYUVSUHp2eEQ1WUw4X180TVBhb05IVFpMVnNOc2k5REtuLUtLNVVhN1NmM1h3LVNJ?oc=5\" target=\"_blank\" rel=\"nofollow noopener\">Silny wstrz\u0105s w kopalni w Ma\u0142opolsce. Prace zosta\u0142y czasowo wstrzymane<\/a>&nbsp;&nbsp;Onet<\/li>\n<li><a href=\"https:\/\/news.google.com\/rss\/articles\/CBMie0FVX3lxTFBtaEdWM05SdFlMbk4wSUlMQ2tONFJMeG03TGJCSndpVXNZU2lZbWc3NE00WHdZMDd0Vm53dF90UklvVXpCTHNYdGFSOE16XzVDRWZRV01QTkdodFpWRXRmOVpRMHlZMVBIYlBpaGlnSEkySVBua0xTSFpuSQ?oc=5\" target=\"_blank\" rel=\"nofollow noopener\">Silny wstrz\u0105s w ma\u0142opolskiej kopalni &#8222;Janina&#8221;<\/a>&nbsp;&nbsp;TVN24<\/li>\n<li><a href=\"https:\/\/news.google.com\/rss\/articles\/CBMiswFBVV95cUxNdXlPUExydElaZmJxam5LQ0Frak1XNFRuc2x5Sk9UZjVlRnZDRDJxemtNTVZ4WTZVUkpxNTZjZU9nWDdxcFdtMnI1TVNsYjQ3Wlo4ejdYWTJBazhLSDNiZy1nZ3hUNEpuUXc5WnhEYW02elQ2X00yLWp3ejVEOHdJdW4wNmhTNl9BLXpHZzQ2TjdoX1hRanlxQUNrUzRVci1NSTVQV0JONERBVmF3eFVYYUluNA?oc=5\" target=\"_blank\" rel=\"nofollow noopener\">Silny wstrz\u0105s w kopalni Janina. Odczuli go mieszka\u0144cy Libi\u0105\u017ca<\/a>&nbsp;&nbsp;RMF24<\/li>\n<li><a href=\"https:\/\/news.google.com\/rss\/articles\/CBMimwFBVV95cUxNS1RZWkJ4OVNneGRFRjVaTWZNTV9MOHlqTWRtY3BQeW4wWnpvNnVsbTdLdVJhUUR5SkVxeUZOTXl5allqdnBQSlYzcmV4WjRGRTdwZFgxcVp4VXdLdVJfckt4amFxcEJGWjJMank1ZTRjS2tiRzRQVXNvT05ib0pFY1Z4am9aUERVTWIzYlliWWhpQXZ4YWhndTdncw?oc=5\" target=\"_blank\" rel=\"nofollow noopener\">Silny wstrz\u0105s. Mieszka\u0144cy wielu gmin odczuli dr\u017cenie budynk\u00f3w<\/a>&nbsp;&nbsp;mamNewsa<\/li>\n<li><a href=\"https:\/\/news.google.com\/rss\/articles\/CBMimwFBVV95cUxNbk1RamRXd3phbkZZTHdQNTlYSEwxS1dKVVRVeEl1aU1ValRYX0VJd1poM3AzaDZRbGo4LW9GU0plWTN1andZTnJkQlVhTU5abGNsT201YVBTQ2QtU0M3XzRfTGFXd3ZuRHNhRXZ2Sk5nUzI0Nk9kOFlXNWg0Y2NzV2lXWVhPS3JzRkh1YlU2eElMOG1fWG9MZzhMMA?oc=5\" target=\"_blank\" rel=\"nofollow noopener\">Silny wstrz\u0105s w kopalni Janina. Mieszka\u0144cy przera\u017ceni<\/a>&nbsp;&nbsp;WP Wiadomo\u015bci<\/li>\n<\/ol>\n","protected":false},"excerpt":{"rendered":"Silny wstrz\u0105s w kopalni w Ma\u0142opolsce. Prace zosta\u0142y czasowo wstrzymane&nbsp;&nbsp;Onet Silny wstrz\u0105s w ma\u0142opolskiej kopalni &#8222;Janina&#8221;&nbsp;&nbsp;TVN24 Silny wstrz\u0105s&hellip;\n","protected":false},"author":2,"featured_media":141624,"comment_status":"","ping_status":"","sticky":false,"template":"","format":"standard","meta":{"footnotes":""},"categories":[12],"tags":[32,33,36,37,27,67,20322,34,35,28,31,53,25,52,68,51,55,42,38,40,39,41,47,29,30,65,50,26,1967],"class_list":{"0":"post-141623","1":"post","2":"type-post","3":"status-publish","4":"format-standard","5":"has-post-thumbnail","7":"category-polska","8":"tag-breaking-news","9":"tag-breakingnews","10":"tag-featured-news","11":"tag-featurednews","12":"tag-headlines","13":"tag-intextvideo_splayer","14":"tag-kopalnia","15":"tag-latest-news","16":"tag-latestnews","17":"tag-naglowki","18":"tag-najwazniejsze-artykuly","19":"tag-new_header","20":"tag-news","21":"tag-onet3","22":"tag-onet3d","23":"tag-onet3d_2i","24":"tag-phx","25":"tag-pl","26":"tag-poland","27":"tag-polish","28":"tag-polska","29":"tag-polski","30":"tag-screening_general","31":"tag-top-stories","32":"tag-topstories","33":"tag-update_me","34":"tag-v2021","35":"tag-wiadomosci","36":"tag-wojewodztwo_malopolskie"},"share_on_mastodon":{"url":"https:\/\/pubeurope.com\/@pl\/115691217575045868","error":""},"_links":{"self":[{"href":"https:\/\/www.europesays.com\/pl\/wp-json\/wp\/v2\/posts\/141623","targetHints":{"allow":["GET"]}}],"collection":[{"href":"https:\/\/www.europesays.com\/pl\/wp-json\/wp\/v2\/posts"}],"about":[{"href":"https:\/\/www.europesays.com\/pl\/wp-json\/wp\/v2\/types\/post"}],"author":[{"embeddable":true,"href":"https:\/\/www.europesays.com\/pl\/wp-json\/wp\/v2\/users\/2"}],"replies":[{"embeddable":true,"href":"https:\/\/www.europesays.com\/pl\/wp-json\/wp\/v2\/comments?post=141623"}],"version-history":[{"count":0,"href":"https:\/\/www.europesays.com\/pl\/wp-json\/wp\/v2\/posts\/141623\/revisions"}],"wp:featuredmedia":[{"embeddable":true,"href":"https:\/\/www.europesays.com\/pl\/wp-json\/wp\/v2\/media\/141624"}],"wp:attachment":[{"href":"https:\/\/www.europesays.com\/pl\/wp-json\/wp\/v2\/media?parent=141623"}],"wp:term":[{"taxonomy":"category","embeddable":true,"href":"https:\/\/www.europesays.com\/pl\/wp-json\/wp\/v2\/categories?post=141623"},{"taxonomy":"post_tag","embeddable":true,"href":"https:\/\/www.europesays.com\/pl\/wp-json\/wp\/v2\/tags?post=141623"}],"curies":[{"name":"wp","href":"https:\/\/api.w.org\/{rel}","templated":true}]}}