{"id":141625,"date":"2025-12-09T19:17:07","date_gmt":"2025-12-09T19:17:07","guid":{"rendered":"https:\/\/www.europesays.com\/pl\/141625\/"},"modified":"2025-12-09T19:17:07","modified_gmt":"2025-12-09T19:17:07","slug":"zrobili-to-legia-warszawa-w-fazie-pucharowej-mlodziezowej-ligi-mistrzow-przeglad-sportowy-onet","status":"publish","type":"post","link":"https:\/\/www.europesays.com\/pl\/141625\/","title":{"rendered":"Zrobili to! Legia Warszawa w fazie pucharowej m\u0142odzie\u017cowej Ligi Mistrz\u00f3w &#8211; Przegl\u0105d Sportowy Onet"},"content":{"rendered":"<ol>\n<li><a href=\"https:\/\/news.google.com\/rss\/articles\/CBMi1AFBVV95cUxQcURud3VVQmhxOVFXWjlVdktxTGVvRllJa2FFc250MURyclNnNFp5dTI3b3Nwckg5TzM5TGRWZ0MwT190dElzQTdsU1phQ2RCM0FFc0xaUFJiRUtnOVIzdUpkSEJLRWx5Y0huQXBNMDJQRTIwNGdhLVo3M25sdHpLTzlNTjVhSDRxdGJiNnAwVWNvaHd2X09FUng0b1lxVUFDMWg0dG9ROXYtMnpILUFBZERNbDhwblNWNkhWTV90Snp6SXlvSzEyUm01UkJKZzVoOVZTXw?oc=5\" target=\"_blank\" rel=\"nofollow noopener\">Zrobili to! Legia Warszawa w fazie pucharowej m\u0142odzie\u017cowej Ligi Mistrz\u00f3w<\/a>&nbsp;&nbsp;Przegl\u0105d Sportowy Onet<\/li>\n<li><a href=\"https:\/\/news.google.com\/rss\/articles\/CBMiqAFBVV95cUxQOXFiWFhEVnlSUTU1a2VVemU4Z0ozRGlKS1JQck5WV0F2MlV3MDJNaGIxbjNGOFRkU2trbDRGNkVTd0Y2VUU1NThKd2Y4ZmtOMFhGZUtCM2hjc0xYdkRHTlg3bkFVQ0V0eS1QckpiODVtOUJlakZheEFPOHR1Unp1LTA5Q29OMVNCSWQ1V0NRaEQ1bGtrVm5nTG9HQU9hWnRueWp0SnNzdlM?oc=5\" target=\"_blank\" rel=\"nofollow noopener\">Wielki sukces Legii! Pierwszy raz w historii Ligi Mistrz\u00f3w<\/a>&nbsp;&nbsp;Meczyki.pl<\/li>\n<li><a href=\"https:\/\/news.google.com\/rss\/articles\/CBMimwFBVV95cUxNSFJpYllDTS1Ua1AyeHdDZkVEZnp2TzE0Vm91WGFoZ09kZW5TX0ttSkh3VW1yY3N2U1QzbHEzWDl5azFvenZrbmpNS1VUVjF5azRVVU9xMkxBR3VNT2NzV1BPd2VMNDJ3R0I0S01kaHlDMi14YnFXT1p6MjRULU04S1FRaWpSbU40bTFUNTctQk41VHg4MGwwTkZ4aw?oc=5\" target=\"_blank\" rel=\"nofollow noopener\">Jest awans! Wielki sukces m\u0142odych pi\u0142karzy Legii<\/a>&nbsp;&nbsp;SportoweFakty<\/li>\n<li><a href=\"https:\/\/news.google.com\/rss\/articles\/CBMixgFBVV95cUxObnJzX25nTGozNmJFWVRwSFJvRTlxN21NWGVGSkxySjUwcklfNW0yQVdmNDdUVHFiX2NoRWt1RzJ2aHVlTTN6ZDZyZC1UV2ZaWVRfdkEtakI0cmJqblZ6WTRWcXZkUzhpUElMc0R0bjV2XzNSakF5akJBYVpJZDMxamxpQzhSYmJHRzFxaWFWNFJFV24zeVdsNUQ5Z1lReHdLYmYwSWh2cWVJRk1SWmRSMm9yM2o4RG00STQwYUtPZ3dQaVJzclE?oc=5\" target=\"_blank\" rel=\"nofollow noopener\">Liga M\u0142odzie\u017cowa UEFA: PAOK U19 &#8211; Legia Warszawa U19. Relacja live i wynik na \u017cywo<\/a>&nbsp;&nbsp;www.polsatsport.pl<\/li>\n<li><a href=\"https:\/\/news.google.com\/rss\/articles\/CBMiggFBVV95cUxQQldlajFwRHFMYWo5SUE5RmltTmh6enR3dGFlTE9Oc0QyOXpySXgwUHlja1oxT1JnR0tnME5rYU9GRTJjQ3hqbkJlZ192SUF4WFZyWHlyWUxkcUJpMV9pbE1MQUkzQ1gxczRESVA4emZmV2tJUHRPTjhwZExLVEdRazVR?oc=5\" target=\"_blank\" rel=\"nofollow noopener\">Legia w 1\/16 fina\u0142u m\u0142odzie\u017cowej Ligi Mistrz\u00f3w!<\/a>&nbsp;&nbsp;Legia.Net<\/li>\n<\/ol>\n","protected":false},"excerpt":{"rendered":"Zrobili to! Legia Warszawa w fazie pucharowej m\u0142odzie\u017cowej Ligi Mistrz\u00f3w&nbsp;&nbsp;Przegl\u0105d Sportowy Onet Wielki sukces Legii! Pierwszy raz w&hellip;\n","protected":false},"author":2,"featured_media":141626,"comment_status":"","ping_status":"","sticky":false,"template":"","format":"standard","meta":{"footnotes":""},"categories":[5],"tags":[32,33,36,37,27,67,34,35,2563,299,28,31,25,549,42,38,40,39,41,136,28861,128,47,135,29,30,26,130],"class_list":{"0":"post-141625","1":"post","2":"type-post","3":"status-publish","4":"format-standard","5":"has-post-thumbnail","7":"category-naglowki","8":"tag-breaking-news","9":"tag-breakingnews","10":"tag-featured-news","11":"tag-featurednews","12":"tag-headlines","13":"tag-intextvideo_splayer","14":"tag-latest-news","15":"tag-latestnews","16":"tag-legia_warszawa","17":"tag-liga_mistrzow","18":"tag-naglowki","19":"tag-najwazniejsze-artykuly","20":"tag-news","21":"tag-pber","22":"tag-pl","23":"tag-poland","24":"tag-polish","25":"tag-polska","26":"tag-polski","27":"tag-ps_detal_new","28":"tag-ps_omp_tst0","29":"tag-psv2","30":"tag-screening_general","31":"tag-sport_sport","32":"tag-top-stories","33":"tag-topstories","34":"tag-wiadomosci","35":"tag-wiadomosci_sportowe"},"share_on_mastodon":{"url":"https:\/\/pubeurope.com\/@pl\/115691221529149106","error":""},"_links":{"self":[{"href":"https:\/\/www.europesays.com\/pl\/wp-json\/wp\/v2\/posts\/141625","targetHints":{"allow":["GET"]}}],"collection":[{"href":"https:\/\/www.europesays.com\/pl\/wp-json\/wp\/v2\/posts"}],"about":[{"href":"https:\/\/www.europesays.com\/pl\/wp-json\/wp\/v2\/types\/post"}],"author":[{"embeddable":true,"href":"https:\/\/www.europesays.com\/pl\/wp-json\/wp\/v2\/users\/2"}],"replies":[{"embeddable":true,"href":"https:\/\/www.europesays.com\/pl\/wp-json\/wp\/v2\/comments?post=141625"}],"version-history":[{"count":0,"href":"https:\/\/www.europesays.com\/pl\/wp-json\/wp\/v2\/posts\/141625\/revisions"}],"wp:featuredmedia":[{"embeddable":true,"href":"https:\/\/www.europesays.com\/pl\/wp-json\/wp\/v2\/media\/141626"}],"wp:attachment":[{"href":"https:\/\/www.europesays.com\/pl\/wp-json\/wp\/v2\/media?parent=141625"}],"wp:term":[{"taxonomy":"category","embeddable":true,"href":"https:\/\/www.europesays.com\/pl\/wp-json\/wp\/v2\/categories?post=141625"},{"taxonomy":"post_tag","embeddable":true,"href":"https:\/\/www.europesays.com\/pl\/wp-json\/wp\/v2\/tags?post=141625"}],"curies":[{"name":"wp","href":"https:\/\/api.w.org\/{rel}","templated":true}]}}