{"id":141643,"date":"2025-12-09T19:29:11","date_gmt":"2025-12-09T19:29:11","guid":{"rendered":"https:\/\/www.europesays.com\/pl\/141643\/"},"modified":"2025-12-09T19:29:11","modified_gmt":"2025-12-09T19:29:11","slug":"wojna-na-ukrainie-nie-zyje-brytyjski-zolnierz-tragiczny-wypadek","status":"publish","type":"post","link":"https:\/\/www.europesays.com\/pl\/141643\/","title":{"rendered":"Wojna na Ukrainie. Nie \u017cyje brytyjski \u017co\u0142nierz. &#8222;Tragiczny wypadek&#8221;"},"content":{"rendered":"<p>&#8222;Z g\u0142\u0119bokim \u017calem informujemy, \u017ce cz\u0142onek Si\u0142 Zbrojnych Wielkiej Brytanii zmar\u0142 dzi\u015b rano, we wtorek 9 grudnia, na Ukrainie&#8221; &#8211; podano w komunikacie brytyjskiego resortu obrony, zamieszczonym w serwisie X.<\/p>\n<p>Wojna w Ukrainie. Nie \u017cyje brytyjski \u017co\u0142nierz<\/p>\n<p>Jak czytamy, \u017co\u0142nierz &#8222;zosta\u0142 ranny w tragicznym wypadku podczas obserwowania test\u00f3w nowej zdolno\u015bci obronnej przeprowadzanych przez si\u0142y ukrai\u0144skie&#8221;. Wed\u0142ug komunikatu do zdarzenia mia\u0142o doj\u015b\u0107 &#8222;z dala od linii frontu&#8221;.<\/p>\n<p>\u00a0<\/p>\n<p>Resort przekaza\u0142, \u017ce powiadomiono rodzin\u0119 \u017co\u0142nierza. &#8222;Nasze my\u015bli s\u0105 z nimi w tym smutnym i trudnym czasie&#8221; &#8211; dodano.<\/p>\n<p>\u00a0<\/p>\n<p>ZOBACZ:\u00a0<a href=\"https:\/\/www.polsatnews.pl\/wiadomosc\/2025-12-08\/chcial-walczyc-z-ukraincami-zostal-zabity-przez-rosjan-jest-wyrok-w-glosnej-sprawie\/\" rel=\"nofollow noopener\" target=\"_blank\">Chcia\u0142 walczy\u0107 z Ukrai\u0144cami, zosta\u0142 zabity przez Rosjan. Jest wyrok w g\u0142o\u015bnej sprawie<\/a><\/p>\n<p>\u00a0<\/p>\n<p>Do tragedii odni\u00f3s\u0142 si\u0119 brytyjski minister obrony\u00a0John Healey. &#8222;Jeste\u015bmy zdruzgotani \u015bmierci\u0105 brytyjskiego \u017co\u0142nierza w Ukrainie. Moje my\u015bli s\u0105 z jego rodzin\u0105, przyjaci\u00f3\u0142mi i wsp\u00f3\u0142pracownikami, kt\u00f3rzy pogr\u0105\u017ceni s\u0105 w \u017ca\u0142obie po stracie bliskiej osoby. Kierujemy nasze g\u0142\u0119bokie wyrazy wsp\u00f3\u0142czucia&#8221; &#8211; napisa\u0142 polityk w serwisie X.<\/p>\n<p>\u00a0<\/p>\n<p>Minister obrony w gabinecie cieni James Cartlidge stwierdzi\u0142, \u017ce &#8222;jest g\u0142\u0119boko zasmucony tragiczn\u0105 wiadomo\u015bci\u0105 o \u015bmierci cz\u0142onka brytyjskich si\u0142 zbrojnych w Ukrainie&#8221;. &#8222;W tym trudnym czasie sk\u0142adam jego rodzinie i przyjacio\u0142om szczere kondolencje&#8221; &#8211; napisa\u0142.<\/p>\n<p>&#8222;Tragiczny wypadek&#8221; w Ukrainie. Media: Nie zosta\u0142 spowodowany ostrza\u0142em Rosji<\/p>\n<p>BBC informuje, \u017ce Ministerstwo Obrony Wielkiej Brytanii o\u015bwiadczy\u0142o, \u017ce nie b\u0119dzie udziela\u0107 dalszych komentarzy.<\/p>\n<p>\u00a0<\/p>\n<p>Nie wiadomo, w jakiej jednostce s\u0142u\u017cy\u0142 zmar\u0142y \u017co\u0142nierz, ani jak\u0105 pe\u0142ni\u0142 funkcj\u0119. Wed\u0142ug ustale\u0144 BBC incydent najprawdopodobniej nie zosta\u0142 spowodowany rosyjskim ostrza\u0142em.<\/p>\n<p>\u00a0<\/p>\n<p>Rz\u0105d Wielkiej Brytanii nigdy nie potwierdzi\u0142, ilu brytyjskich \u017co\u0142nierzy stacjonuje w Ukrainie. W\u0142adze przyzna\u0142y jednak wcze\u015bniej, \u017ce niewielka liczba wojskowych przebywa w tym kraju, aby wspiera\u0107 ukrai\u0144skie si\u0142y zbrojne i zapewnia\u0107 bezpiecze\u0144stwo personelowi dyplomatycznemu &#8211; dodaje BBC.<\/p>\n<p>\u00a0<\/p>\n<p>Widzia\u0142e\u015b co\u015b wa\u017cnego? Przy\u015blij zdj\u0119cie, film lub napisz, co si\u0119 sta\u0142o. Skorzystaj z naszej <a href=\"https:\/\/www.polsatnews.pl\/platforma-widzow\/\" target=\"_blank\" rel=\"noopener noreferrer nofollow\">Wrzutni<\/a><\/p>\n<p>                <img decoding=\"async\" src=\"https:\/\/www.europesays.com\/pl\/wp-content\/uploads\/2025\/12\/cx7oefxx5b48ecm1oie2iahdpsnvpmi7.jpg\" alt=\"\" itemprop=\"contentUrl\" style=\"position:absolute; width: 100%; max-height: 100%;\"\/><video controls=\"\" controlslist=\"nodownload\" poster=\"https:\/\/www.europesays.com\/pl\/wp-content\/uploads\/2025\/12\/cx7oefxx5b48ecm1oie2iahdpsnvpmi7.jpg\" class=\"videoPlayer player6855354 news__video\" data-id=\"6855354\">Twoja przegl\u0105darka nie wspiera odtwarzacza wideo&#8230;<\/video><\/p>\n<p>                <a class=\"news__read-more-button\" href=\"https:\/\/www.polsatnews.pl\/\" rel=\"nofollow noopener\" target=\"_blank\">Czytaj wi\u0119cej<\/a><\/p>\n","protected":false},"excerpt":{"rendered":"&#8222;Z g\u0142\u0119bokim \u017calem informujemy, \u017ce cz\u0142onek Si\u0142 Zbrojnych Wielkiej Brytanii zmar\u0142 dzi\u015b rano, we wtorek 9 grudnia, na&hellip;\n","protected":false},"author":2,"featured_media":141644,"comment_status":"","ping_status":"","sticky":false,"template":"","format":"standard","meta":{"footnotes":""},"categories":[14],"tags":[32,33,27,34,35,28,31,25,40,41,80,29,30,26,82,83,84],"class_list":{"0":"post-141643","1":"post","2":"type-post","3":"status-publish","4":"format-standard","5":"has-post-thumbnail","7":"category-swiat","8":"tag-breaking-news","9":"tag-breakingnews","10":"tag-headlines","11":"tag-latest-news","12":"tag-latestnews","13":"tag-naglowki","14":"tag-najwazniejsze-artykuly","15":"tag-news","16":"tag-polish","17":"tag-polski","18":"tag-swiat","19":"tag-top-stories","20":"tag-topstories","21":"tag-wiadomosci","22":"tag-world","23":"tag-world-news","24":"tag-worldnews"},"share_on_mastodon":{"url":"https:\/\/pubeurope.com\/@pl\/115691268952181439","error":""},"_links":{"self":[{"href":"https:\/\/www.europesays.com\/pl\/wp-json\/wp\/v2\/posts\/141643","targetHints":{"allow":["GET"]}}],"collection":[{"href":"https:\/\/www.europesays.com\/pl\/wp-json\/wp\/v2\/posts"}],"about":[{"href":"https:\/\/www.europesays.com\/pl\/wp-json\/wp\/v2\/types\/post"}],"author":[{"embeddable":true,"href":"https:\/\/www.europesays.com\/pl\/wp-json\/wp\/v2\/users\/2"}],"replies":[{"embeddable":true,"href":"https:\/\/www.europesays.com\/pl\/wp-json\/wp\/v2\/comments?post=141643"}],"version-history":[{"count":0,"href":"https:\/\/www.europesays.com\/pl\/wp-json\/wp\/v2\/posts\/141643\/revisions"}],"wp:featuredmedia":[{"embeddable":true,"href":"https:\/\/www.europesays.com\/pl\/wp-json\/wp\/v2\/media\/141644"}],"wp:attachment":[{"href":"https:\/\/www.europesays.com\/pl\/wp-json\/wp\/v2\/media?parent=141643"}],"wp:term":[{"taxonomy":"category","embeddable":true,"href":"https:\/\/www.europesays.com\/pl\/wp-json\/wp\/v2\/categories?post=141643"},{"taxonomy":"post_tag","embeddable":true,"href":"https:\/\/www.europesays.com\/pl\/wp-json\/wp\/v2\/tags?post=141643"}],"curies":[{"name":"wp","href":"https:\/\/api.w.org\/{rel}","templated":true}]}}