{"id":141645,"date":"2025-12-09T19:30:25","date_gmt":"2025-12-09T19:30:25","guid":{"rendered":"https:\/\/www.europesays.com\/pl\/141645\/"},"modified":"2025-12-09T19:30:25","modified_gmt":"2025-12-09T19:30:25","slug":"sluzba-zdrowia-na-skraju-zalamania-od-20-lat-zadna-z-wladzy-nie-potrafi-naprawic-systemu","status":"publish","type":"post","link":"https:\/\/www.europesays.com\/pl\/141645\/","title":{"rendered":"S\u0142u\u017cba zdrowia na skraju za\u0142amania. Od 20 lat \u017cadna z w\u0142adzy nie potrafi naprawi\u0107 systemu"},"content":{"rendered":"<p>09.12.2025, godz. 13:30<\/p>\n<p>\t\t\t\t\tDzi\u015b przed po\u0142udniem lokalnie dzia\u0142acze Konfederacji spotkali si\u0119 z dziennikarzami przed Szpitalem Wojew\u00f3dzkim w Bielsku-Bia\u0142ej, by przedstawi\u0107 ocen\u0119 sytuacji w s\u0142u\u017cbie zdrowia oraz przybli\u017cy\u0107 propozycje rozwi\u0105za\u0144, by usprawni\u0107 system.<\/p>\n<p>W konferencji prasowej wzi\u0119li udzia\u0142 lokalni dzia\u0142acze ugrupowania reprezentuj\u0105cy Now\u0105 Nadziej\u0119 i Ruch Narodowy. M\u00f3wcy w ponurych barwach odmalowali obraz polskiej s\u0142u\u017cby zdrowia.<\/p>\n<p>&#8211; Minister zdrowia zosta\u0142a zobowi\u0105zana do znalezienia 10 mld oszcz\u0119dno\u015bci w Narodowym Funduszu Zdrowia &#8211;\u00a0stwierdzi\u0142 Cezary Czapiga z Nowej Nadziei. \u2013 B\u0119dzie si\u0119 to odbywa\u0142o kosztem najs\u0142abszych, najstarszych, dzieci, chorych onkologicznie &#8211;\u00a0wylicza\u0142 dzia\u0142acz Nowej Nadziei, kt\u00f3ry jest radnym Czechowic-Dziedzic.<\/p>\n<p>W zwi\u0105zku z tym zostan\u0105 ograniczone limity przyj\u0119\u0107 do specjalist\u00f3w, diagnostyka obrazowa, tomografia komputerowa. &#8211;\u00a0Sytuacja jest skandaliczna. W czasie kiedy stosuje si\u0119 emocjonalny szanta\u017c opowiadaj\u0105c o cierpieniach zwierz\u0105t, gdy ludzie cierpi\u0105\u00a0zapada cisza. Po cichu s\u0105 oni\u00a0praktycznie poddawani eutanazji.<\/p>\n<p>&#8211; Ostatnia reforma systemu ochrony zdrowia w Polsce mia\u0142a miejsce na prze\u0142omie wiek\u00f3w &#8211;\u00a0zauwa\u017cy\u0142a Joanna Bana\u015b, wiceprzewodnicz\u0105ca Nowej Nadziei w Bielsku-Bia\u0142ej. &#8211;\u00a0Min\u0119\u0142o wi\u0119c ponad 20 lat, kiedy to zar\u00f3wno PiS, jak i PO nie zrobi\u0142y nic, \u017ceby naprawi\u0107 ten system, kt\u00f3ry\u00a0tak naprad\u0119 szkodzi, a nie pomaga.<\/p>\n<p>Joanna\u00a0Bana\u015b uwa\u017ca, \u017ce dla polepszenia sytuacji w systemie ochrony zdrowia konieczne by\u0142oby rozbicie monopolu NFZ. &#8211;\u00a0Nie mo\u017cna ci\u0105gle dosypywa\u0107 do dziurawego worka &#8211;\u00a0przekonywa\u0142a dzia\u0142aczka Nowej Nadzei. \u2013 Pieni\u0105dze trzeba wydawa\u0107 efektywnie. Jako Konfederacja uwa\u017camy, \u017ce konkurencja w ramach koszyka \u015bwiadcznych us\u0142ug, jak r\u00f3wnie\u017c w ramach sk\u0142adki, na pewno przyczyni si\u0119 do poprawienia jako\u015bci \u015bwiadcznych us\u0142ug, jak i wydajno\u015bci systemu ochrony zdrowia &#8211;\u00a0stwierdzi\u0142a Joanna Bana\u015b.<\/p>\n<p>Dla dzia\u0142aczy Konfederacji przyk\u0142adem udanej reformy\u00a0jest Holandia. &#8211; Ka\u017cdy obywatel tego kraju zamiast p\u0142aci\u0107 sk\u0142adk\u0119 zdrowotn\u0105 bierze na siebie obowi\u0105zek wyboru jednego z towarzystw ubezpieczeniowych, kt\u00f3re \u015bwiadcz\u0105 us\u0142ugi zdrowotne &#8211;\u00a0przybli\u017ca\u0142 Marcin Mazurek z Ruchu Narodowego. &#8211; Okazuje si\u0119, \u017ce koszt takiego rozwi\u0105zania jest dla obywatela Holandii ni\u017cszy, ni\u017c sk\u0142adka zdrowotna w Polsce.<\/p>\n<p style=\"text-align: center;\">MIC<\/p>\n<p>Artyku\u0142 wy\u015bwietlono 2060 razy.<\/p>\n<p style=\"&#10;    display: inline-block;&#10;    height: 50px;&#10;    line-height: 44px;&#10;    vertical-align: top;&#10;    position: relative;&#10;    padding-right: 5px;&#10;\">Oce\u0144 artyku\u0142:<\/p>\n<p>\t\t\t\t\t<a href=\"https:\/\/bielsko.biala.pl\/javascript:;\" id=\"w59254_rate_up\" class=\"post-rate-up active\" onclick=\"rate(&#039;aktualnosc&#039;,&#039;w&#039;,59254,1,&#039;82194922dbff2c2f31493e5c943c0d65&#039;)\" rel=\"nofollow noopener\" target=\"_blank\">11<\/a><br \/>\n\t\t\t\t\t<a href=\"https:\/\/bielsko.biala.pl\/javascript:;\" id=\"w59254_rate_down\" class=\"post-rate-down active\" onclick=\"rate(&#039;aktualnosc&#039;,&#039;w&#039;,59254,-1,&#039;7fe116dc34e2b5a1d380a979bee020e0&#039;)\" rel=\"nofollow noopener\" target=\"_blank\">25<\/a><\/p>\n<p>\n\t\t\t\t\t\t\u015arednia ocena 2.2\/5 dla &#8222;S\u0142u\u017cba zdrowia na skraju za\u0142amania. Od 20 lat \u017cadna z w\u0142adzy nie potrafi naprawi\u0107 systemu &#8211; foto&#8221; bazuje na 36 g\u0142osach.\n\t\t\t\t\t<\/p>\n<p>                                         <img decoding=\"async\" itemprop=\"image\" src=\"https:\/\/www.europesays.com\/pl\/wp-content\/uploads\/2025\/11\/logo-bb-white.png\" alt=\"Bielsko-Bia\u0142a\"\/><br \/>\n        S\u0142u\u017cba zdrowia na skraju za\u0142amania. Od 20 lat \u017cadna z w\u0142adzy nie potrafi naprawi\u0107 systemu &#8211; foto<\/p>\n","protected":false},"excerpt":{"rendered":"09.12.2025, godz. 13:30 Dzi\u015b przed po\u0142udniem lokalnie dzia\u0142acze Konfederacji spotkali si\u0119 z dziennikarzami przed Szpitalem Wojew\u00f3dzkim w Bielsku-Bia\u0142ej,&hellip;\n","protected":false},"author":2,"featured_media":141646,"comment_status":"","ping_status":"","sticky":false,"template":"","format":"standard","meta":{"footnotes":""},"categories":[12],"tags":[32,33,28945,28946,28944,36,37,27,34,35,28,31,25,42,38,40,39,41,29,30,26],"class_list":{"0":"post-141645","1":"post","2":"type-post","3":"status-publish","4":"format-standard","5":"has-post-thumbnail","7":"category-polska","8":"tag-breaking-news","9":"tag-breakingnews","10":"tag-by-przedstawic-ocene-sytuacji-w-sluzbie-zdrowia-oraz-przyblizyc-propozycje-rozwiazan","11":"tag-by-usprawnic-system","12":"tag-dzis-przed-poludniem-lokalnie-dzialacze-konfederacji-spotkali-sie-z-dziennikarzami-przed-szpitalem-wojewodzkim-w-bielsku-bialej","13":"tag-featured-news","14":"tag-featurednews","15":"tag-headlines","16":"tag-latest-news","17":"tag-latestnews","18":"tag-naglowki","19":"tag-najwazniejsze-artykuly","20":"tag-news","21":"tag-pl","22":"tag-poland","23":"tag-polish","24":"tag-polska","25":"tag-polski","26":"tag-top-stories","27":"tag-topstories","28":"tag-wiadomosci"},"share_on_mastodon":{"url":"","error":"Validation failed: Text character limit of 500 exceeded"},"_links":{"self":[{"href":"https:\/\/www.europesays.com\/pl\/wp-json\/wp\/v2\/posts\/141645","targetHints":{"allow":["GET"]}}],"collection":[{"href":"https:\/\/www.europesays.com\/pl\/wp-json\/wp\/v2\/posts"}],"about":[{"href":"https:\/\/www.europesays.com\/pl\/wp-json\/wp\/v2\/types\/post"}],"author":[{"embeddable":true,"href":"https:\/\/www.europesays.com\/pl\/wp-json\/wp\/v2\/users\/2"}],"replies":[{"embeddable":true,"href":"https:\/\/www.europesays.com\/pl\/wp-json\/wp\/v2\/comments?post=141645"}],"version-history":[{"count":0,"href":"https:\/\/www.europesays.com\/pl\/wp-json\/wp\/v2\/posts\/141645\/revisions"}],"wp:featuredmedia":[{"embeddable":true,"href":"https:\/\/www.europesays.com\/pl\/wp-json\/wp\/v2\/media\/141646"}],"wp:attachment":[{"href":"https:\/\/www.europesays.com\/pl\/wp-json\/wp\/v2\/media?parent=141645"}],"wp:term":[{"taxonomy":"category","embeddable":true,"href":"https:\/\/www.europesays.com\/pl\/wp-json\/wp\/v2\/categories?post=141645"},{"taxonomy":"post_tag","embeddable":true,"href":"https:\/\/www.europesays.com\/pl\/wp-json\/wp\/v2\/tags?post=141645"}],"curies":[{"name":"wp","href":"https:\/\/api.w.org\/{rel}","templated":true}]}}