{"id":141657,"date":"2025-12-09T19:38:11","date_gmt":"2025-12-09T19:38:11","guid":{"rendered":"https:\/\/www.europesays.com\/pl\/141657\/"},"modified":"2025-12-09T19:38:11","modified_gmt":"2025-12-09T19:38:11","slug":"bilgoraj-tragiczna-smierc-14-latki-prokuratura-umorzyla-sledztwo","status":"publish","type":"post","link":"https:\/\/www.europesays.com\/pl\/141657\/","title":{"rendered":"Bi\u0142goraj. Tragiczna \u015bmier\u0107 14-latki. Prokuratura umorzy\u0142a \u015bledztwo"},"content":{"rendered":"<p>Wed\u0142ug ustale\u0144 \u015bledczych 14-latka z Warszawy w trakcie pobyt\u00f3w w Bi\u0142goraju sp\u0119dza\u0142a czas w stadninie koni w Woli Ma\u0142ej, gdzie wsp\u00f3lnie z kole\u017cank\u0105 pomaga\u0142y w opiece nad ko\u0144mi i ich karmieniu. W zamian pozwalano im na przeja\u017cd\u017cki konne po okolicznych lasach<\/p>\n<p>Bi\u0142goraj: Wy\u015bcig konno bez kasku. 14-latka zmar\u0142a po upadku z konia<\/p>\n<p>\u015aledczy ustalili, \u017ce dziewczyna bardzo dobrze je\u017adzi\u0142a konno. Uczestniczy\u0142a w obozach jazdy konnej i konkursach. Rodzice 14-latki wyrazili zgod\u0119 na wydawanie jej koni i na jazd\u0119 konno bez obecno\u015bci doros\u0142ych os\u00f3b. &#8211; Z powodu samodzielnego zabierania koni pokrzywdzona mia\u0142a zakaz korzystania ze stadniny, kt\u00f3ry obowi\u0105zywa\u0142 tak\u017ce w maju 2025 r. &#8211; wyja\u015bni\u0142 rzecznik Prokuratury Okr\u0119gowej w Zamo\u015bciu Rafa\u0142 Kawalec.<\/p>\n<p>\u00a0<\/p>\n<p>ZOBACZ: <a href=\"https:\/\/www.polsatnews.pl\/wiadomosc\/2025-12-04\/w-rekach-nastolatka-eksplodowal-telefon-osiem-osob-w-szpitalu\/\" rel=\"nofollow noopener\" target=\"_blank\">W r\u0119kach nastolatka eksplodowa\u0142 telefon. Osiem os\u00f3b w szpitalu<\/a><\/p>\n<p>\u00a0<\/p>\n<p>W majowy weekend tego roku jej kole\u017canka &#8211; za zgod\u0105 zarz\u0105dcy stadniny &#8211; wzi\u0119\u0142a dwa konie i nie poinformowa\u0142a, \u017ce b\u0119dzie z nich korzysta\u0107 tak\u017ce 14-latka. Przez oko\u0142o trzy godziny je\u017adzi\u0142y po le\u015bnych i polnych drogach.<\/p>\n<p>\u00a0<\/p>\n<p>&#8211; W czasie powrotu na prostym odcinku drogi dziewczynki postanowi\u0142y si\u0119 \u015bciga\u0107 i pu\u015bci\u0142y konie w galop. Gdy kole\u017canka 14-latki by\u0142a z przodu, us\u0142ysza\u0142a za sob\u0105 jej krzyk, a nast\u0119pnie odg\u0142os upadku &#8211; opisa\u0142 prok. Kawalec.<\/p>\n<p>Umorzyli \u015bledztwo ws. \u015bmierci dziewczyny. &#8222;Nieszcz\u0119\u015bliwy wypadek&#8221;<\/p>\n<p>Podczas upadku z konia dziewczyna uderzy\u0142a plecami o ziemi\u0119. Dozna\u0142a wielu powa\u017cnych obra\u017ce\u0144, m.in. kr\u0119gos\u0142upa, a tak\u017ce z\u0142amania \u017ceber, st\u0142uczenia obu p\u0142uc. Zmar\u0142a na miejscu mimo prowadzonej reanimacji.<\/p>\n<p>\u00a0<\/p>\n<p>ZOBACZ: <a href=\"https:\/\/www.polsatnews.pl\/wiadomosc\/2025-12-04\/zazalenie-w-sprawie-aresztu-dla-wielkiego-bu-sad-zdecydowal\/\" rel=\"nofollow noopener\" target=\"_blank\">Za\u017calenie w sprawie aresztu dla &#8222;Wielkiego Bu&#8221;. S\u0105d zdecydowa\u0142<\/a><\/p>\n<p>\u00a0<\/p>\n<p>Prokuratura Rejonowa w Bi\u0142goraju wszcz\u0119\u0142a \u015bledztwo w sprawie nieumy\u015blnego spowodowania \u015bmierci. Z opinii bieg\u0142ego wynika\u0142o, \u017ce obra\u017cenia wewn\u0119trzne mog\u0142y powsta\u0107 wskutek upadku z konia. \u015aledczy stwierdzili, \u017ce oba konie by\u0142y zdrowe, dobrze utrzymane oraz niep\u0142ochliwe. Sprz\u0119t je\u017adziecki by\u0142 zu\u017cyty, ale sprawny. 14-latka nie posiada\u0142a \u017cadnego stroju ochronnego, ani kasku na g\u0142owie. &#8211; Przepisy nie zawieraj\u0105 regulacji, kt\u00f3re nak\u0142ada\u0142yby obowi\u0105zki w tym zakresie &#8211; doprecyzowa\u0142 rzecznik.<\/p>\n<p>\u00a0<\/p>\n<p>Prokuratura Rejonowa w Bi\u0142goraju ustali\u0142a, \u017ce \u015bmier\u0107 dziewczyny nast\u0105pi\u0142a w wyniku &#8222;nieszcz\u0119\u015bliwego wypadku&#8221;. Postanowienie o umorzeniu \u015bledztwa nie jest prawomocne.<\/p>\n<p>\u00a0<\/p>\n<p>Widzia\u0142e\u015b co\u015b wa\u017cnego? Przy\u015blij zdj\u0119cie, film lub napisz, co si\u0119 sta\u0142o. Skorzystaj z naszej <a href=\"https:\/\/www.polsatnews.pl\/platforma-widzow\/\" target=\"_blank\" rel=\"noopener noreferrer nofollow\">Wrzutni<\/a><\/p>\n<p>                <img decoding=\"async\" src=\"https:\/\/www.europesays.com\/pl\/wp-content\/uploads\/2025\/12\/81y5e68a5tes7ri4jj2scf4ajsw2ypwx.jpg\" alt=\"\" itemprop=\"contentUrl\" style=\"position:absolute; width: 100%; max-height: 100%;\"\/><video controls=\"\" controlslist=\"nodownload\" poster=\"https:\/\/www.europesays.com\/pl\/wp-content\/uploads\/2025\/12\/81y5e68a5tes7ri4jj2scf4ajsw2ypwx.jpg\" class=\"videoPlayer player6855535 news__video\" data-id=\"6855535\">Twoja przegl\u0105darka nie wspiera odtwarzacza wideo&#8230;<\/video><\/p>\n<p>                <a class=\"news__read-more-button\" href=\"https:\/\/www.polsatnews.pl\/\" rel=\"nofollow noopener\" target=\"_blank\">Czytaj wi\u0119cej<\/a><\/p>\n","protected":false},"excerpt":{"rendered":"Wed\u0142ug ustale\u0144 \u015bledczych 14-latka z Warszawy w trakcie pobyt\u00f3w w Bi\u0142goraju sp\u0119dza\u0142a czas w stadninie koni w Woli&hellip;\n","protected":false},"author":2,"featured_media":141658,"comment_status":"","ping_status":"","sticky":false,"template":"","format":"standard","meta":{"footnotes":""},"categories":[5],"tags":[32,33,36,37,27,34,35,28,31,25,42,38,40,39,41,29,30,26],"class_list":{"0":"post-141657","1":"post","2":"type-post","3":"status-publish","4":"format-standard","5":"has-post-thumbnail","7":"category-naglowki","8":"tag-breaking-news","9":"tag-breakingnews","10":"tag-featured-news","11":"tag-featurednews","12":"tag-headlines","13":"tag-latest-news","14":"tag-latestnews","15":"tag-naglowki","16":"tag-najwazniejsze-artykuly","17":"tag-news","18":"tag-pl","19":"tag-poland","20":"tag-polish","21":"tag-polska","22":"tag-polski","23":"tag-top-stories","24":"tag-topstories","25":"tag-wiadomosci"},"share_on_mastodon":{"url":"https:\/\/pubeurope.com\/@pl\/115691304482348184","error":""},"_links":{"self":[{"href":"https:\/\/www.europesays.com\/pl\/wp-json\/wp\/v2\/posts\/141657","targetHints":{"allow":["GET"]}}],"collection":[{"href":"https:\/\/www.europesays.com\/pl\/wp-json\/wp\/v2\/posts"}],"about":[{"href":"https:\/\/www.europesays.com\/pl\/wp-json\/wp\/v2\/types\/post"}],"author":[{"embeddable":true,"href":"https:\/\/www.europesays.com\/pl\/wp-json\/wp\/v2\/users\/2"}],"replies":[{"embeddable":true,"href":"https:\/\/www.europesays.com\/pl\/wp-json\/wp\/v2\/comments?post=141657"}],"version-history":[{"count":0,"href":"https:\/\/www.europesays.com\/pl\/wp-json\/wp\/v2\/posts\/141657\/revisions"}],"wp:featuredmedia":[{"embeddable":true,"href":"https:\/\/www.europesays.com\/pl\/wp-json\/wp\/v2\/media\/141658"}],"wp:attachment":[{"href":"https:\/\/www.europesays.com\/pl\/wp-json\/wp\/v2\/media?parent=141657"}],"wp:term":[{"taxonomy":"category","embeddable":true,"href":"https:\/\/www.europesays.com\/pl\/wp-json\/wp\/v2\/categories?post=141657"},{"taxonomy":"post_tag","embeddable":true,"href":"https:\/\/www.europesays.com\/pl\/wp-json\/wp\/v2\/tags?post=141657"}],"curies":[{"name":"wp","href":"https:\/\/api.w.org\/{rel}","templated":true}]}}