{"id":141673,"date":"2025-12-09T19:51:12","date_gmt":"2025-12-09T19:51:12","guid":{"rendered":"https:\/\/www.europesays.com\/pl\/141673\/"},"modified":"2025-12-09T19:51:12","modified_gmt":"2025-12-09T19:51:12","slug":"wypowiedzia-o-braunie-jacek-sasin-podarowal-ko-przedwczesny-gwiazdkowy-prezent-opinia","status":"publish","type":"post","link":"https:\/\/www.europesays.com\/pl\/141673\/","title":{"rendered":"Wypowiedzi\u0105 o Braunie Jacek Sasin podarowa\u0142 KO przedwczesny gwiazdkowy prezent [OPINIA]"},"content":{"rendered":"<p><a href=\"https:\/\/opinie.wp.pl\" class=\"wp-label-opinion\" rel=\"nofollow noopener\" target=\"_blank\">opinie<\/a><\/p>\n<p>Przedstawiamy r\u00f3\u017cne punkty widzenia<\/p>\n<p>Tekst powsta\u0142 w\u00a0ramach projektu WP Opinie. Przedstawiamy w\u00a0nim zr\u00f3\u017cnicowane spojrzenia komentator\u00f3w i\u00a0lider\u00f3w opinii publicznej na kluczowe sprawy spo\u0142eczne i\u00a0polityczne.<\/p>\n<p>Sasin zaznaczy\u0142 co prawda, \u017ce &#8222;nigdy nie zaakceptuje&#8221; tego, co lider Korony opowiada\u0142 o\u00a0&#8222;fejkowych komorach gazowych&#8221;, ale stwierdzi\u0142 te\u017c, \u017ce &#8222;Braun opowiada rzeczywi\u015bcie r\u00f3\u017cne g\u0142upoty, natomiast nie mam takiego przekonania, \u017ce gdyby trzeba by\u0142o m\u00f3wi\u0107 o\u00a0sprawach powa\u017cnych, a\u00a0nie walczy\u0107 tylko o\u00a0swoje miejsca na scenie politycznej, <a href=\"https:\/\/wiadomosci.wp.pl\/fala-komentarzy-po-slowach-sasina-braun-moze-zostac-czlonkiem-rzadu-7230616654089152a?&amp;utm_source=combreak\" rel=\"noopener noreferrer nofollow\" target=\"_blank\">to nie da\u0142oby si\u0119 by\u0107 mo\u017ce jakiej\u015b powa\u017cnej rozmowy przeprowadzi\u0107<\/a>&#8222;.<\/p>\n<p>Taki widok w\u00a0Piszu. Z\u00a0kierowc\u0105 nie sz\u0142o si\u0119 dogada\u0107. Ale by\u0142 trze\u017awy <\/p>\n<p>Sztabowcom KO zostaje tylko podobne wypowiedzi nagra\u0107, zachowa\u0107 na dysku, zrobi\u0107 zrzuty ekranu i\u00a0trzyma\u0107 do wybor\u00f3w. Takie deklaracje polityk\u00f3w PiS to bowiem czyste polityczne z\u0142oto dla g\u0142\u00f3wnej partii obozu w\u0142adzy. I\u00a0to z\u00a0dw\u00f3ch powod\u00f3w.<\/p>\n<p> <img role=\"presentation\" class=\"absolute left-1\/2 top-1\/2 max-h-[80%] max-w-[100px] -translate-x-1\/2 -translate-y-1\/2\" src=\"https:\/\/v.wpimg.pl\/ZXJfd3AudTkrBBIAbg54LGhcRlAxHQUrPgJGH2MAeGJoSQ1eIBI_K2UHAEVuBTY5KQMMXC0RPyoVERQdMgM9ejc\" loading=\"lazy\" decoding=\"async\"\/><\/p>\n<p>Brauna si\u0119 mog\u0105 przestraszy\u0107 <\/p>\n<p>Pierwszy jest taki, \u017ce strach przed Braunem to dzi\u015b jedna z\u00a0najwi\u0119kszych szans na zmobilizowanie elektoratu, kt\u00f3ry 23 pa\u017adziernika 2023 roku t\u0142umnie stawi\u0142 si\u0119 przy urnach, by odsun\u0105\u0107 PiS od w\u0142adzy. Ci wyborcy do niedawna byli zdemobilizowani, rozczarowani rz\u0105dem, zdemoralizowani po kl\u0119sce Rafa\u0142a Trzaskowskiego w\u00a0wyborach prezydenckich. Rz\u0105dowi troch\u0119 uda\u0142o si\u0119 wyj\u015b\u0107 z\u00a0do\u0142ka, nowa ofensywa komunikacyjna i\u00a0rozliczeniowa o\u017cywi\u0142a jego spo\u0142eczne zaplecze \u2013\u00a0ale do poziomu mobilizacji, koniecznego do tego by za dwa lata utrzyma\u0107 w\u0142adz\u0119, ci\u0105gle daleko.<\/p>\n<p>L\u0119k przed powrotem PiS do w\u0142adzy mo\u017ce ju\u017c nie wystarczy\u0107 by zmobilizowa\u0107 ten elektorat na skal\u0119 z\u00a02023 roku \u2013\u00a0zw\u0142aszcza w\u00a0sytuacji, gdy rz\u0105d b\u0119dzie tkwi\u0142 zblokowany w\u00a0klinczu z\u00a0Nawrockim. Ale ju\u017c strach przed potencjalnym sojuszem PiS z\u00a0Braunem jak najbardziej mo\u017ce. Bo Braun nadaje sw\u00f3j komunikat z\u00a0obszar\u00f3w prawicy tak odleg\u0142ej, \u017ce nawet najbardziej radykalni politycy PiS nie zapuszczali si\u0119 na og\u00f3\u0142 w\u00a0te rejony. <\/p>\n<p> <a href=\"https:\/\/wiadomosci.wp.pl\/partia-brauna-do-delegalizacji-sprawdza-sluzby-specjalne-7230267520125856a\" class=\"teaser-inline\" rel=\"nofollow noopener\" target=\"_blank\">  <img decoding=\"async\" src=\"https:\/\/www.europesays.com\/pl\/wp-content\/uploads\/2025\/12\/ZDI5ODljdSUoVzl3QxF4MGsPbS0FSHZmPBd1ZkNbaHx5TWAiBQY_NixFIGoLGC80KEI_ahwGdSU5XGAyXUU-LTpFIyUVRT8pK1Ar.jpeg\" width=\"0\" height=\"0\" loading=\"lazy\" class=\"wp-media-image cropped\" alt=\"Brauna finansuje Rosja? Minister: S\u0142u\u017cby b\u0119d\u0105 to sprawdza\u0107\"\/><\/p>\n<p>Brauna finansuje Rosja? Minister: S\u0142u\u017cby b\u0119d\u0105 to sprawdza\u0107<\/p>\n<p><\/a> <img role=\"presentation\" class=\"absolute left-1\/2 top-1\/2 max-h-[80%] max-w-[100px] -translate-x-1\/2 -translate-y-1\/2\" src=\"https:\/\/v.wpimg.pl\/ZXJfd3AudTkrBBIAbg54LGhcRlAxHQUrPgJGH2MAeGJoSQ1eIBI_K2UHAEVuBTY5KQMMXC0RPyoVERQdMgM9ejc\" loading=\"lazy\" decoding=\"async\"\/> <\/p>\n<p>Lider Korony wprowadza do polskiej polityki tre\u015bci otwarcie antysemickie, antyukrai\u0144skie, antyeuropejskie i\u00a0antydemokratyczne, stosuje te\u017c przemoc jako metod\u0119 uprawiania polityki. Wszystko tu budzi przera\u017cenie nie-prawicowego elektoratu. I\u00a0l\u0119k przed tym, \u017ce je\u015bli Tusk odda w\u0142adz\u0119, to Kaczy\u0144ski porozumie si\u0119 z\u00a0Braunem i\u00a0da mu realny wp\u0142yw na polityk\u0119 pa\u0144stwa mo\u017ce sprawi\u0107, \u017ce centrowi i\u00a0lewicowi wyborcy zapomn\u0105 o\u00a0swoich pretensjach do rz\u0105du i\u00a0mimo wszystko raz jeszcze t\u0142umnie zag\u0142osuj\u0105 na KO i\u00a0jego koalicjant\u00f3w.<\/p>\n<p>Ba, perspektywa sojuszu z\u00a0Braunem mo\u017ce by\u0107 niestrawna nawet dla cz\u0119\u015bci bardziej umiarkowanych wyborc\u00f3w PiS. Tym bardziej, \u017ce Braun idzie dzi\u015b w\u00a0pakiecie z\u00a0politycznym morderc\u0105 Januszem Walusiem, \u015brodowiskami otwarcie prorosyjskimi czy znan\u0105 z\u00a0wychwalania Bia\u0142orusi, przebierania si\u0119 w\u00a0mundury i\u00a0gr\u00f3\u017ab karalnych par\u0105 patostreamer\u00f3w Wojciechem &#8222;Jaszczurem&#8221; Olsza\u0144skim i\u00a0Marcinem &#8222;Ludwiczkiem&#8221; Osadowskim. Dla resztek chadeckiego, prozachodniego, przyzwyczajonego do pewnego minimum politycznego decorum elektoratu PiS to ju\u017c naprawd\u0119 mo\u017ce by\u0107 za du\u017co.<\/p>\n<p>Wypowiedzi takie jak ta Sasina uwiarygodniaj\u0105 l\u0119ki przed sojuszem PiS-Korona i\u00a0b\u0119d\u0105 doskona\u0142ym materia\u0142em dla narracji strasz\u0105cej tak\u0105 alternatyw\u0105, jak\u0105 KO na pewno uruchomi przed wyborami. W\u00a02027 s\u0142owa Sasina na pewno zobaczymy wiele razy w\u00a0spotach KO.<\/p>\n<p> <img role=\"presentation\" class=\"absolute left-1\/2 top-1\/2 max-h-[80%] max-w-[100px] -translate-x-1\/2 -translate-y-1\/2\" src=\"https:\/\/v.wpimg.pl\/ZXJfd3AudTkrBBIAbg54LGhcRlAxHQUrPgJGH2MAeGJoSQ1eIBI_K2UHAEVuBTY5KQMMXC0RPyoVERQdMgM9ejc\" loading=\"lazy\" decoding=\"async\"\/><\/p>\n<p>To tylko zwi\u0119kszy &#8222;krwawienie&#8221; <\/p>\n<p>S\u0142owa Sasina s\u0105 te\u017c prezentem dla KO w\u00a0tym sensie, \u017ce mog\u0105 one zwi\u0119kszy\u0107 &#8222;wykrwawianie&#8221; si\u0119 PiS z\u00a0elektoratu, kt\u00f3ry dzi\u015b przep\u0142ywa do Konfederacji Korony Polskiej. To bowiem nie Konfederacja Bosaka i\u00a0Mentzena, ale ta Brauna jest dzi\u015b najwi\u0119kszym konkurentem PiS na prawicy. <\/p>\n<p> <a href=\"https:\/\/wiadomosci.wp.pl\/sejm-po-nowemu-mamy-najnowszy-sondaz-7230268923702208a\" class=\"teaser-inline\" rel=\"nofollow noopener\" target=\"_blank\">  <img decoding=\"async\" src=\"https:\/\/www.europesays.com\/pl\/wp-content\/uploads\/2025\/12\/NzgyMjFlYRsGGztZaRdsDkVDbwMvTmJYElt3SGldfEJXAWIMLwArCAIJIkQhHjsKBg49RDYAYRsXEGIcd0MqExQJIQs_QysXBRwp.jpeg\" width=\"0\" height=\"0\" loading=\"lazy\" class=\"wp-media-image cropped\" alt=\"Sejm po nowemu? Mamy najnowszy sonda\u017c\"\/><\/p>\n<p>Sejm po nowemu? Mamy najnowszy sonda\u017c<\/p>\n<p><\/a> <\/p>\n<p>Na t\u0119 pierwsz\u0105 g\u0142osuje g\u0142\u00f3wnie m\u0142ody, bardziej miejski elektorat, do kt\u00f3rego PiS nie potrafi\u0142\u00a0specjalnie dotrze\u0107 jeszcze zanim Konfederaci od Mentzena zacz\u0119li rosn\u0105\u0107 w\u00a0si\u0142\u0119. Korona ma starszy, bardziej prowincjonalny elektorat, ulokowany w\u00a0tych regionach Polski, kt\u00f3re od dawna uchodz\u0105 za bastiony PiS \u2013\u00a0to tam Braun mia\u0142 najlepsze wyniki w\u00a0maju \u2013\u00a0g\u0142\u00f3wnie w\u00a0powiatach po\u0142udniowowschodniej Polski, od dawna g\u0142osuj\u0105cych w\u00a0przewa\u017caj\u0105cej wi\u0119kszo\u015bci na prawic\u0119, charakteryzuj\u0105cych si\u0119 te\u017c wysokim uczestnictwem w\u00a0praktykach religijnych.<\/p>\n<p> <img role=\"presentation\" class=\"absolute left-1\/2 top-1\/2 max-h-[80%] max-w-[100px] -translate-x-1\/2 -translate-y-1\/2\" src=\"https:\/\/v.wpimg.pl\/ZXJfd3AudTkrBBIAbg54LGhcRlAxHQUrPgJGH2MAeGJoSQ1eIBI_K2UHAEVuBTY5KQMMXC0RPyoVERQdMgM9ejc\" loading=\"lazy\" decoding=\"async\"\/> <\/p>\n<p>PiS stoi dzi\u015b przed bardzo trudnym zadaniem, je\u015bli chce my\u015ble\u0107 o\u00a0powrocie do w\u0142adzy. Z\u00a0jednej strony musi powstrzyma\u0107 krwawienie swojej prawej flanki na rzecz Brauna, z\u00a0drugiej zawalczy\u0107 o\u00a0cho\u0107 cz\u0119\u015b\u0107 bardziej konserwatywnych normals\u00f3w, a\u00a0przynajmniej o\u00a0to, by nie zmobilizowa\u0142a ich druga strona. S\u0142owa Sasina o\u00a0mo\u017cliwej koalicji z\u00a0Braunem nie pomagaj\u0105 te\u017c w\u00a0powstrzymaniu odp\u0142ywu elektoratu do PiS. Bo wyborca, kt\u00f3ry waha si\u0119 czy przej\u015b\u0107 do Brauna, czy to jednak nie zbyt ekstremalna, niepowa\u017cna czy prorosyjska opcja, s\u0142yszy w\u0142a\u015bnie od, by\u0142o nie by\u0142o, istotnego polityka PiS s\u0142owa stwierdzaj\u0105ce, \u017ce Braun to w\u00a0sumie normalna, prawicowa opcja, cz\u0119\u015b\u0107 szerokiego obozu prawicy \u2013\u00a0spokojnie wi\u0119c mo\u017cna zag\u0142osowa\u0107, je\u015bli chce si\u0119 by ten ob\u00f3z zdoby\u0142 w\u0142adz\u0119 i\u00a0przesun\u0105\u0142 si\u0119 jeszcze troch\u0119 bardziej w\u00a0prawo.<\/p>\n<p>Nie tylko Sasin <\/p>\n<p>Oczywi\u015bcie, Jacek Sasin nie jest w\u00a0PiS osob\u0105 decyzyjn\u0105 i\u00a0to nie od niego zale\u017ce\u0107 b\u0119dzie z\u00a0kim PiS utworzy koalicj\u0119 a\u00a0z\u00a0kim nie, tylko od Jaros\u0142awa Kaczy\u0144skiego. A ten na razie wyra\u017anie dystansuje si\u0119 od Korony i\u00a0nie daje si\u0119 z\u0142apa\u0107 na wypowiedziach, kt\u00f3re mo\u017cna by uzna\u0107 za deklaracj\u0119 gotowo\u015bci do wsp\u00f3lnych rz\u0105d\u00f3w z\u00a0Braunem. Sasin w\u00a0ci\u0105gu d\u0142ugiej politycznej kariery wyrobi\u0142 sobie te\u017c opini\u0119 polityka do\u015b\u0107 nieudolnego, kt\u00f3remu nigdy nie udawa\u0142o si\u0119 doprowadza\u0107 do ko\u0144ca projekt\u00f3w, jakie mu powierzono. Mo\u017cna \u017cartobliwie doradzi\u0107 pos\u0142om PiS, \u017ce najlepsz\u0105 obron\u0105 przed zarzutami, \u017ce p\u00f3jd\u0105 po w\u0142adz\u0119 z\u00a0Braunem, jest odpowied\u017a, \u017ce skoro Sasin tego nie wyklucza, to na pewno tak si\u0119 nie stanie.<\/p>\n<p> <a href=\"https:\/\/wiadomosci.wp.pl\/kaczynski-zabral-glos-ws-brauna-od-razu-uderzyl-w-tuska-7230280235854784a\" class=\"teaser-inline\" rel=\"nofollow noopener\" target=\"_blank\">  <img decoding=\"async\" src=\"https:\/\/www.europesays.com\/pl\/wp-content\/uploads\/2025\/12\/ZGMyZDgzdSYsGyx3SAF4M29DeC0OWHZlOFtgZkhLaH99AXUiDhY_NSgJNWoACC83LA4qahcWdSY9EHUyVlU-Lj4JNiUeVT8qLxw-.jpeg\" width=\"0\" height=\"0\" loading=\"lazy\" class=\"wp-media-image cropped\" alt=\"Kaczy\u0144ski zabra\u0142 g\u0142os ws. Brauna. Od razu uderzy\u0142 w Tuska\"\/><\/p>\n<p>Kaczy\u0144ski zabra\u0142 g\u0142os ws. Brauna. Od razu uderzy\u0142 w Tuska<\/p>\n<p><\/a> <img role=\"presentation\" class=\"absolute left-1\/2 top-1\/2 max-h-[80%] max-w-[100px] -translate-x-1\/2 -translate-y-1\/2\" src=\"https:\/\/v.wpimg.pl\/ZXJfd3AudTkrBBIAbg54LGhcRlAxHQUrPgJGH2MAeGJoSQ1eIBI_K2UHAEVuBTY5KQMMXC0RPyoVERQdMgM9ejc\" loading=\"lazy\" decoding=\"async\"\/> <\/p>\n<p>Problem w\u00a0tym, \u017ce w\u00a0ten spos\u00f3b wypowiada si\u0119 nie tylko Sasin, ale te\u017c znacznie politycznie powa\u017cniejsi zawodnicy i\u00a0to z\u00a0r\u00f3\u017cnych partyjnych frakcji. &#8222;Twardog\u0142owy&#8221; Czarnek deklarowa\u0142, \u017ce wielu sprawach ma z\u00a0Braunem &#8222;identyczne pogl\u0105dy&#8221;, a\u00a0nieformalny lider PiS-owskich &#8222;umiarkowanych&#8221; Mateusz Morawiecki te\u017c, \u017ce jest got\u00f3w do wsp\u00f3\u0142pracy z\u00a0parti\u0105 Brauna, &#8222;by odsun\u0105\u0107 od w\u0142adzy ten z\u0142y rz\u0105d&#8221;.<\/p>\n<p>Wyborca przera\u017cony perspektyw\u0105 rz\u0105d\u00f3w PiS z\u00a0Braunem nie ma dzi\u015b \u017cadnych gwarancji, \u017ce je\u015bli tego b\u0119dzie wymaga\u0107 powr\u00f3t PiS do w\u0142adzy, Kaczy\u0144ski postawi czerwon\u0105 lini\u0119, powie &#8222;nie&#8221; i\u00a0b\u0119dzie mia\u0142 jakie\u015b skrupu\u0142y by nie dopu\u015bci\u0107 do w\u0142adzy Brauna z\u00a0ca\u0142ym dobrodziejstwem &#8222;koroniarskich&#8221; kadr, powi\u0105za\u0144 i\u00a0pogl\u0105d\u00f3w. Dla Tuska to doskona\u0142a wiadomo\u015b\u0107 i\u00a0pot\u0119\u017cny polityczny kapita\u0142 przed nast\u0119pnymi wyborami.<\/p>\n<p>Dla Wirtualnej Polski Jakub Majmurek<\/p>\n<p> <img role=\"presentation\" class=\"absolute left-1\/2 top-1\/2 max-h-[80%] max-w-[100px] -translate-x-1\/2 -translate-y-1\/2\" src=\"https:\/\/v.wpimg.pl\/ZXJfd3AudTkrBBIAbg54LGhcRlAxHQUrPgJGH2MAeGJoSQ1eIBI_K2UHAEVuBTY5KQMMXC0RPyoVERQdMgM9ejc\" loading=\"lazy\" decoding=\"async\"\/> <\/p>\n<p>Jakub Majmurek &#8211;\u00a0z\u00a0wykszta\u0142cenia filmoznawca i\u00a0politolog. Dzia\u0142a jako krytyk filmowy, publicysta, redaktor ksi\u0105\u017cek, komentator polityczny i\u00a0eseista. Zwi\u0105zany z\u00a0Dziennikiem Opinii i\u00a0kwartalnikiem &#8222;Krytyka Polityczna&#8221;. Publikuje tak\u017ce w\u00a0&#8222;Kinie&#8221;, &#8222;Gazecie Wyborczej&#8221;, portalu &#8222;Filmweb&#8221;. Redaktor i\u00a0wsp\u00f3\u0142autor wielu publikacji, ostatnio &#8222;Kino-sztuka. Zwrot kinematograficzny w\u00a0polskiej sztuce wsp\u00f3\u0142czesnej&#8221;.<\/p>\n","protected":false},"excerpt":{"rendered":"opinie Przedstawiamy r\u00f3\u017cne punkty widzenia Tekst powsta\u0142 w\u00a0ramach projektu WP Opinie. Przedstawiamy w\u00a0nim zr\u00f3\u017cnicowane spojrzenia komentator\u00f3w i\u00a0lider\u00f3w opinii&hellip;\n","protected":false},"author":2,"featured_media":141674,"comment_status":"","ping_status":"","sticky":false,"template":"","format":"standard","meta":{"footnotes":""},"categories":[12],"tags":[32,33,36,37,27,34,35,28,31,25,42,38,40,39,41,29,30,26],"class_list":{"0":"post-141673","1":"post","2":"type-post","3":"status-publish","4":"format-standard","5":"has-post-thumbnail","7":"category-polska","8":"tag-breaking-news","9":"tag-breakingnews","10":"tag-featured-news","11":"tag-featurednews","12":"tag-headlines","13":"tag-latest-news","14":"tag-latestnews","15":"tag-naglowki","16":"tag-najwazniejsze-artykuly","17":"tag-news","18":"tag-pl","19":"tag-poland","20":"tag-polish","21":"tag-polska","22":"tag-polski","23":"tag-top-stories","24":"tag-topstories","25":"tag-wiadomosci"},"share_on_mastodon":{"url":"https:\/\/pubeurope.com\/@pl\/115691355724801340","error":""},"_links":{"self":[{"href":"https:\/\/www.europesays.com\/pl\/wp-json\/wp\/v2\/posts\/141673","targetHints":{"allow":["GET"]}}],"collection":[{"href":"https:\/\/www.europesays.com\/pl\/wp-json\/wp\/v2\/posts"}],"about":[{"href":"https:\/\/www.europesays.com\/pl\/wp-json\/wp\/v2\/types\/post"}],"author":[{"embeddable":true,"href":"https:\/\/www.europesays.com\/pl\/wp-json\/wp\/v2\/users\/2"}],"replies":[{"embeddable":true,"href":"https:\/\/www.europesays.com\/pl\/wp-json\/wp\/v2\/comments?post=141673"}],"version-history":[{"count":0,"href":"https:\/\/www.europesays.com\/pl\/wp-json\/wp\/v2\/posts\/141673\/revisions"}],"wp:featuredmedia":[{"embeddable":true,"href":"https:\/\/www.europesays.com\/pl\/wp-json\/wp\/v2\/media\/141674"}],"wp:attachment":[{"href":"https:\/\/www.europesays.com\/pl\/wp-json\/wp\/v2\/media?parent=141673"}],"wp:term":[{"taxonomy":"category","embeddable":true,"href":"https:\/\/www.europesays.com\/pl\/wp-json\/wp\/v2\/categories?post=141673"},{"taxonomy":"post_tag","embeddable":true,"href":"https:\/\/www.europesays.com\/pl\/wp-json\/wp\/v2\/tags?post=141673"}],"curies":[{"name":"wp","href":"https:\/\/api.w.org\/{rel}","templated":true}]}}