{"id":14171,"date":"2025-09-24T22:12:08","date_gmt":"2025-09-24T22:12:08","guid":{"rendered":"https:\/\/www.europesays.com\/pl\/14171\/"},"modified":"2025-09-24T22:12:08","modified_gmt":"2025-09-24T22:12:08","slug":"drony-nad-dunskim-lotniskiem-samoloty-zostaly-zawrocone-onet","status":"publish","type":"post","link":"https:\/\/www.europesays.com\/pl\/14171\/","title":{"rendered":"Drony nad du\u0144skim lotniskiem. Samoloty zosta\u0142y zawr\u00f3cone &#8211; Onet"},"content":{"rendered":"<ol>\n<li><a href=\"https:\/\/news.google.com\/rss\/articles\/CBMiugFBVV95cUxOQ1p6VzZpZEJsaUROeWMtVjJla2dLR1U5S3dkcWhiVFNKTVhmLXc5TGNfZ1lwOUFyOWhlN3EyYVc5WlBsVC0yRkc5OUtENUltVWJaT0JRQ0lWOEhlbWQxNzVhb1QxbEJ3X2FRZV9MUkFBSm1ob1pETThOcjNMWmJ5VDM5bXVPVmFGOXRnaHJzSVRJNVR1R1ZjMmZWNkdBcjJOOEpYanlEbVdUbXgwTGw1Z194RGkySkMwSUE?oc=5\" target=\"_blank\" rel=\"nofollow noopener\">Drony nad du\u0144skim lotniskiem. Samoloty zosta\u0142y zawr\u00f3cone<\/a>&nbsp;&nbsp;Onet<\/li>\n<li><a href=\"https:\/\/news.google.com\/rss\/articles\/CBMijgFBVV95cUxQTVhPTmd5aURIWDQ1NXJ6dmhwazQ2bks4M0RxUWtJLTlYZEpoS1VDM25EdE8wdndwc0d4dDlBOVVVWFJRNnZjZ1F3cFJEY3pUdURZcEFjY2F2T1d5RS16SnRrNE1KaDY3RVBpQWRlYXI1MW5HdmdFc1RSeUNHcWpFNVhuQ252QWZWekdXMFhB?oc=5\" target=\"_blank\" rel=\"nofollow noopener\">Sk\u0105d drony nad lotniskiem w Kopenhadze? Trzy hipotezy<\/a>&nbsp;&nbsp;TVN24<\/li>\n<li><a href=\"https:\/\/news.google.com\/rss\/articles\/CBMixgFBVV95cUxPaTlZRFJvZ2t3THFpUlVhdlZrbmZoREpNSUtFZVVSaXl1NHhGbGQwa0VLRWlRVjBmWkxZMk0yTU1lLVl1Z2FjQUNUZVVZaWxsOGZsUHBOQjZITEdSTlhBNXJDcUNjZ3FaUXFENm5id25pQUEtUHpPMTdEUGYxdHVxWlJuTUZqaC1WdlpTUS0xWGpUdkJQYnVLdDF5WXFMNkVXR3hpM0RUejFqNHMwUUVSN2dnYlF6VDV0UnhKc2ZuM0JUdkNrZ3c?oc=5\" target=\"_blank\" rel=\"nofollow noopener\">&#8222;Nasza infrastruktura krytyczna jest zagro\u017cona&#8221;. Przewodnicz\u0105ca KE alarmuje<\/a>&nbsp;&nbsp;Money.pl<\/li>\n<li><a href=\"https:\/\/news.google.com\/rss\/articles\/CBMikgFBVV95cUxNcENWbzIxWU4xXzNZVFg4Wk1CaWlwZEFPeXl5NWlZckpxblRKMmJFNm45aVJkeTVJanFfOXcxNWlwT3NQWGFNMVYwM19KOEhOeXl3QklmTFNhaXdCZlVHRmtIRzlSMVlYdUR1LWhjVk5JRVMxbmI4UnBKTWV3NkJPUlk5YnZaMy1YQ3RuZC0wWERadw?oc=5\" target=\"_blank\" rel=\"nofollow noopener\">Drony nad lotniskiem w Kopenhadze. Rzecznik Kremla zabra\u0142 g\u0142os<\/a>&nbsp;&nbsp;TOK FM<\/li>\n<li><a href=\"https:\/\/news.google.com\/rss\/articles\/CBMiugFBVV95cUxQREpLNzFpTW1ZRjFsX0NSSWhYWkdTVmU3SEFpTC1pY1lVV29MUjhYc2xIMThGb0I4ZDQwTEc4VG56WTZ2bURQM3FLNlowOGJIQ0tfdUJ6Qzhxb3B1SFBJeXFDOUo0NGRILW53dXFUY0xuZUI3aUFzLXBwcDUwa2hjX2ZKVWltNG8ycGxRb3U3RVRPUllNYV81amh3REdrbVBvZUJ0MjhXY0xpOUcwSUtfanhsNVN1MFhpMWc?oc=5\" target=\"_blank\" rel=\"nofollow noopener\">Obce drony nad du\u0144skim lotniskiem. Podj\u0119to decyzj\u0119 o przekierowaniu lot\u00f3w<\/a>&nbsp;&nbsp;Wydarzenia w INTERIA.PL<\/li>\n<\/ol>\n","protected":false},"excerpt":{"rendered":"Drony nad du\u0144skim lotniskiem. Samoloty zosta\u0142y zawr\u00f3cone&nbsp;&nbsp;Onet Sk\u0105d drony nad lotniskiem w Kopenhadze? Trzy hipotezy&nbsp;&nbsp;TVN24 &#8222;Nasza infrastruktura krytyczna&hellip;\n","protected":false},"author":2,"featured_media":14172,"comment_status":"","ping_status":"","sticky":false,"template":"","format":"standard","meta":{"footnotes":""},"categories":[5],"tags":[32,33,2798,165,36,37,27,67,34,35,2466,28,31,53,25,52,68,51,55,42,38,40,39,41,233,47,29,30,65,50,26,239],"class_list":{"0":"post-14171","1":"post","2":"type-post","3":"status-publish","4":"format-standard","5":"has-post-thumbnail","7":"category-naglowki","8":"tag-breaking-news","9":"tag-breakingnews","10":"tag-dania_kraj","11":"tag-drony_dron","12":"tag-featured-news","13":"tag-featurednews","14":"tag-headlines","15":"tag-intextvideo_splayer","16":"tag-latest-news","17":"tag-latestnews","18":"tag-lotnictwo_samoloty_samolot_przemysl_lotniczy_linie_lotnicze_lotnictwo_wojskowe_ruch_lotniczy","19":"tag-naglowki","20":"tag-najwazniejsze-artykuly","21":"tag-new_header","22":"tag-news","23":"tag-onet3","24":"tag-onet3d","25":"tag-onet3d_2i","26":"tag-phx","27":"tag-pl","28":"tag-poland","29":"tag-polish","30":"tag-polska","31":"tag-polski","32":"tag-rewardedp_tst0","33":"tag-screening_general","34":"tag-top-stories","35":"tag-topstories","36":"tag-update_me","37":"tag-v2021","38":"tag-wiadomosci","39":"tag-widget_ls_tst0"},"share_on_mastodon":{"url":"","error":""},"_links":{"self":[{"href":"https:\/\/www.europesays.com\/pl\/wp-json\/wp\/v2\/posts\/14171","targetHints":{"allow":["GET"]}}],"collection":[{"href":"https:\/\/www.europesays.com\/pl\/wp-json\/wp\/v2\/posts"}],"about":[{"href":"https:\/\/www.europesays.com\/pl\/wp-json\/wp\/v2\/types\/post"}],"author":[{"embeddable":true,"href":"https:\/\/www.europesays.com\/pl\/wp-json\/wp\/v2\/users\/2"}],"replies":[{"embeddable":true,"href":"https:\/\/www.europesays.com\/pl\/wp-json\/wp\/v2\/comments?post=14171"}],"version-history":[{"count":0,"href":"https:\/\/www.europesays.com\/pl\/wp-json\/wp\/v2\/posts\/14171\/revisions"}],"wp:featuredmedia":[{"embeddable":true,"href":"https:\/\/www.europesays.com\/pl\/wp-json\/wp\/v2\/media\/14172"}],"wp:attachment":[{"href":"https:\/\/www.europesays.com\/pl\/wp-json\/wp\/v2\/media?parent=14171"}],"wp:term":[{"taxonomy":"category","embeddable":true,"href":"https:\/\/www.europesays.com\/pl\/wp-json\/wp\/v2\/categories?post=14171"},{"taxonomy":"post_tag","embeddable":true,"href":"https:\/\/www.europesays.com\/pl\/wp-json\/wp\/v2\/tags?post=14171"}],"curies":[{"name":"wp","href":"https:\/\/api.w.org\/{rel}","templated":true}]}}