{"id":141714,"date":"2025-12-09T20:34:07","date_gmt":"2025-12-09T20:34:07","guid":{"rendered":"https:\/\/www.europesays.com\/pl\/141714\/"},"modified":"2025-12-09T20:34:07","modified_gmt":"2025-12-09T20:34:07","slug":"brutalne-morderstwo-46-latki-na-mazowszu-syn-zaalarmowal-policje-onet-wiadomosci","status":"publish","type":"post","link":"https:\/\/www.europesays.com\/pl\/141714\/","title":{"rendered":"Brutalne morderstwo 46-latki na Mazowszu. Syn zaalarmowa\u0142 policj\u0119 &#8211; Onet Wiadomo\u015bci"},"content":{"rendered":"<ol>\n<li><a href=\"https:\/\/news.google.com\/rss\/articles\/CBMirAFBVV95cUxOdDRMcmI0MDlRWDNLLTAzZEZMaFBvM0lwNHJxX3dNaWNueFJfYlVhRFhMLXhEYnY1YU94YWFjVnFMMHlIbXVRZFEwVjk2ZFBCLVhLYk1pTW9KM3JTM0M0ai1fN1Fzejc0QVN4aklYNEZ1UDU2WTJlRGNtVjQ3dnNidW9jYzVHQ1c5ZjF6UlRTaXUtb0ZYUWlDNXBXYzVKa3dUc0ZERkU3Q3MtLVhO?oc=5\" target=\"_blank\" rel=\"nofollow noopener\">Brutalne morderstwo 46-latki na Mazowszu. Syn zaalarmowa\u0142 policj\u0119<\/a>&nbsp;&nbsp;Onet Wiadomo\u015bci<\/li>\n<li><a href=\"https:\/\/news.google.com\/rss\/articles\/CBMiqAFBVV95cUxOY3RTTXRuZmFjUXRSQUN5V01rQ29fRGNWbExBa1MteGpBYmNnUURFT09DR28zNlRHRkR3R0JtT1JITFo4LWpQakNIM0VZeXhvUlBxRG81SnRWWkhGTFhxQmNNVVJsU3N4LVpSQlV0OUFDOGRCcm4tZm1sQVoxY2QwTW1EemhxZ216WDVRUlNfbG9Wem5zcFVRWjNPalRYV0w3c1I4RkZacFY?oc=5\" target=\"_blank\" rel=\"nofollow noopener\">K\u0142\u00f3tnia z by\u0142\u0105 \u017con\u0105 i \u015bmiertelny cios. 46-latka nie \u017cyje, pomoc wezwa\u0142o dziecko<\/a>&nbsp;&nbsp;TVN24<\/li>\n<li><a href=\"https:\/\/news.google.com\/rss\/articles\/CBMiqwFBVV95cUxORzBRNl9Ud1JfZk5ubkR3NW9xdTdoYjd6eTNITnhBVGpKSGJDbE4xdk9XZGt2MlQ4NEluR1QtdlJmXzh3aXItdHRoZXhIcFoxU29vSXpVQzdSQmRSQmU0b1VfLWtudURmdFNGem8wdl93UTRnR29hWjNyTmNhbHlaQ1QtOWcxUUVsLTZLX29CU0p1akNSN0ZTTzJTR0NudFpYU3hUWWl6LV91YWs?oc=5\" target=\"_blank\" rel=\"nofollow noopener\">Zab\u00f3jstwo pod Pruszkowem. Kobieta nie \u017cyje, zatrzymano by\u0142ego m\u0119\u017ca<\/a>&nbsp;&nbsp;WP Wiadomo\u015bci<\/li>\n<li><a href=\"https:\/\/news.google.com\/rss\/articles\/CBMixAFBVV95cUxOY3Nuc0pRdEk4OHlwakxDUGI3MnRSVGgwYTFaMldLWWVtUFBlRHBTNEd1SVhxM3hDdnRlMnRBRWxxa19MeHp2bmNzZ0FkNkJnQWZWMFo0dkc3VFdvY0lzYTVPU0xjY0t4R0VlQ3VkUE4yUEYzZTJ6ekxXYlBkRE55WnRmWFdDSUlMQmdvRkd4Um54RkVsM1RidWx4cVFEYXBsdWtIbmNNZ2JvU3NIMU9DdUl3SXBoTzRjTXVsd3Q0WWQ4QzFp?oc=5\" target=\"_blank\" rel=\"nofollow noopener\">Tragedia na Mazowszu. Nie \u017cyje kobieta. Zosta\u0142a zamordowana na oczach syna<\/a>&nbsp;&nbsp;Fakt<\/li>\n<li><a href=\"https:\/\/news.google.com\/rss\/articles\/CBMilwFBVV95cUxPNWZlS1hUTTBfV3MwSHRKaHVJMEFSYm5UZ0NWVHRwby16RWg0Qnh2d1Q5ZnhEcFV2VXNyMVd3TE1Kcmc2LWdjTnExZmVrbTl2dUptX2lReEFpYU1mYlRHNXNEQWxHb2RJUXZscVIwRWNuTTJUOVZyQTVOTzFDQ1NsRWppcTZRaHZXeVYxdE9vTGpfVU91RXJF?oc=5\" target=\"_blank\" rel=\"nofollow noopener\">Brutalne zab\u00f3jstwo na Mazowszu. Syn zaalarmowa\u0142 policj\u0119<\/a>&nbsp;&nbsp;Radio ZET<\/li>\n<\/ol>\n","protected":false},"excerpt":{"rendered":"Brutalne morderstwo 46-latki na Mazowszu. Syn zaalarmowa\u0142 policj\u0119&nbsp;&nbsp;Onet Wiadomo\u015bci K\u0142\u00f3tnia z by\u0142\u0105 \u017con\u0105 i \u015bmiertelny cios. 46-latka nie&hellip;\n","protected":false},"author":2,"featured_media":141648,"comment_status":"","ping_status":"","sticky":false,"template":"","format":"standard","meta":{"footnotes":""},"categories":[5],"tags":[32,33,183,36,37,27,34,35,9760,28,31,48,25,46,42,38,414,40,39,41,47,29,30,435,26,411,28947],"class_list":{"0":"post-141714","1":"post","2":"type-post","3":"status-publish","4":"format-standard","5":"has-post-thumbnail","7":"category-naglowki","8":"tag-breaking-news","9":"tag-breakingnews","10":"tag-dzieci_dziecko","11":"tag-featured-news","12":"tag-featurednews","13":"tag-headlines","14":"tag-latest-news","15":"tag-latestnews","16":"tag-mazowsze","17":"tag-naglowki","18":"tag-najwazniejsze-artykuly","19":"tag-nat_styl","20":"tag-news","21":"tag-omp","22":"tag-pl","23":"tag-poland","24":"tag-policja","25":"tag-polish","26":"tag-polska","27":"tag-polski","28":"tag-screening_general","29":"tag-top-stories","30":"tag-topstories","31":"tag-warszawa","32":"tag-wiadomosci","33":"tag-zabojstwo","34":"tag-zona"},"share_on_mastodon":{"url":"https:\/\/pubeurope.com\/@pl\/115691524224524694","error":""},"_links":{"self":[{"href":"https:\/\/www.europesays.com\/pl\/wp-json\/wp\/v2\/posts\/141714","targetHints":{"allow":["GET"]}}],"collection":[{"href":"https:\/\/www.europesays.com\/pl\/wp-json\/wp\/v2\/posts"}],"about":[{"href":"https:\/\/www.europesays.com\/pl\/wp-json\/wp\/v2\/types\/post"}],"author":[{"embeddable":true,"href":"https:\/\/www.europesays.com\/pl\/wp-json\/wp\/v2\/users\/2"}],"replies":[{"embeddable":true,"href":"https:\/\/www.europesays.com\/pl\/wp-json\/wp\/v2\/comments?post=141714"}],"version-history":[{"count":0,"href":"https:\/\/www.europesays.com\/pl\/wp-json\/wp\/v2\/posts\/141714\/revisions"}],"wp:featuredmedia":[{"embeddable":true,"href":"https:\/\/www.europesays.com\/pl\/wp-json\/wp\/v2\/media\/141648"}],"wp:attachment":[{"href":"https:\/\/www.europesays.com\/pl\/wp-json\/wp\/v2\/media?parent=141714"}],"wp:term":[{"taxonomy":"category","embeddable":true,"href":"https:\/\/www.europesays.com\/pl\/wp-json\/wp\/v2\/categories?post=141714"},{"taxonomy":"post_tag","embeddable":true,"href":"https:\/\/www.europesays.com\/pl\/wp-json\/wp\/v2\/tags?post=141714"}],"curies":[{"name":"wp","href":"https:\/\/api.w.org\/{rel}","templated":true}]}}