{"id":141721,"date":"2025-12-09T20:40:12","date_gmt":"2025-12-09T20:40:12","guid":{"rendered":"https:\/\/www.europesays.com\/pl\/141721\/"},"modified":"2025-12-09T20:40:12","modified_gmt":"2025-12-09T20:40:12","slug":"rzecznik-msz-oskarza-palac-prezydencki-nie-sluzy-to-interesom-polski","status":"publish","type":"post","link":"https:\/\/www.europesays.com\/pl\/141721\/","title":{"rendered":"Rzecznik MSZ oskar\u017ca Pa\u0142ac Prezydencki. &#8222;Nie s\u0142u\u017cy to interesom Polski&#8221;"},"content":{"rendered":"<p class=\"ods-c-paragraph \">&#8222;Sporo o to pyta\u0144, wi\u0119c wyja\u015bniam. Nie, MSZ nie otrzyma\u0142o notatki po rozmowach prezydenta Karola Nawrockiego z prezydentem Donaldem Trumpem, kt\u00f3re podobno odby\u0142y si\u0119 w ostatnich miesi\u0105cach. To rozczarowuj\u0105ce, \u017ce Kancelaria Prezydenta porzuci\u0142a t\u0119 praktyk\u0119 informowania MSZ&#8221; \u2014 napisa\u0142 we wtorek w mediach spo\u0142eczno\u015bciowych Maciej Wewi\u00f3r.<\/p>\n<p class=\"ods-c-paragraph \">Rzecznik MSZ podkre\u015bli\u0142, \u017ce resort od 55 dni nie ma odpowiedzi na skierowany do prezydenta list w sprawie ambasador\u00f3w. &#8222;Nie, nie otrzymali\u015bmy zaproszenia na spotkanie, cho\u0107 kolejny tydzie\u0144 s\u0142yszymy o nim w mediach&#8221; \u2014 opisa\u0142.<\/p>\n<p class=\"ods-c-paragraph \">&#8222;To nie s\u0142u\u017cy interesom Polski&#8221; \u2014 podsumowa\u0142 Maciej Wewi\u00f3r.<\/p>\n<p>Dalszy ci\u0105g artyku\u0142u pod materia\u0142em wideo<\/p>\n<p> Co powiedzia\u0142 rzecznik MSZ o Kancelarii Prezydenta? <\/p>\n<p> Czy MSZ otrzyma\u0142o notatk\u0119 po rozmowach prezydenta z Trumpem? <\/p>\n<p> Jak d\u0142ugo MSZ czeka na odpowied\u017a od prezydenta w sprawie ambasador\u00f3w? <\/p>\n<p> Czy planowane jest spotkanie mi\u0119dzy prezydentem a szefem MSZ? <\/p>\n<p>  Trudne relacje Kancelarii Prezydenta i MSZ. Sp\u00f3r o ambasador\u00f3w i rozmowy z Amerykanami<\/p>\n<p class=\"ods-c-paragraph \">Szef prezydenckiego Biura Polityki Mi\u0119dzynarodowej Marcin Przydacz powiedzia\u0142 we wtorek w TOK FM, \u017ce w okresie po\u015bwi\u0105tecznym mo\u017ce doj\u015b\u0107 do spotkania prezydenta Karola Nawrockiego z szefem MSZ Rados\u0142awem Sikorskim. <a href=\"https:\/\/wiadomosci.onet.pl\/kraj\/spotkanie-sikorski-nawrocki-maciej-wewior-po-naszej-stronie-jest-gotowosc\/2fgmlcb\" id=\"1d9445d2-7d74-4532-aab1-d98eae456a38\" rel=\"nofollow noopener\" target=\"_blank\">Spotkanie ma dotyczy\u0107 m.in. &#8222;parali\u017cu polskiej s\u0142u\u017cby zagranicznej&#8221;<\/a>.<\/p>\n<p class=\"ods-c-paragraph \">Rzecznik Ministerstwa Spraw Zagranicznych Maciej Wewi\u00f3r poinformowa\u0142 we wtorek PAP, \u017ce szef resortu Rados\u0142aw Sikorski jest got\u00f3w do spotkania z prezydentem Karolem Nawrockim i oczekuje na jego zaproszenie. Jednocze\u015bnie wyrazi\u0142 swoje ubolewanie nad brakiem wymiany informacji mi\u0119dzy Kancelari\u0105 Prezydenta a ministerstwem m.in. w kwestii kontakt\u00f3w z USA.<\/p>\n<p class=\"ods-c-paragraph \">W ubieg\u0142ym tygodniu<a href=\"https:\/\/wiadomosci.onet.pl\/kraj\/radoslaw-sikorski-pokazuje-pismo-do-prezydenta-pozostalo-bez-odpowiedzi\/s7rkbj9\" id=\"d960b4bd-bd1b-48ef-b05e-f5df009ccb25\" rel=\"nofollow noopener\" target=\"_blank\"> szef MSZ Rados\u0142aw Sikorski opublikowa\u0142 skan wystosowanego w pa\u017adzierniku listu do prezydenta Karola Nawrockiego<\/a>, w kt\u00f3rym deklaruje m.in. ch\u0119\u0107 rozwi\u0105zania problemu dotycz\u0105cego powo\u0142ania ambasador\u00f3w. Zaznaczy\u0142 w nim, \u017ce jest got\u00f3w do rozmowy m.in. na temat zmiany obsady szefa plac\u00f3wki w Waszyngtonie i mo\u017ce zaproponowa\u0107 jako kandydata na ambasadora w USA obecnego polskiego przedstawiciela przy NATO ambasadora Jacka Najdera.<\/p>\n","protected":false},"excerpt":{"rendered":"&#8222;Sporo o to pyta\u0144, wi\u0119c wyja\u015bniam. Nie, MSZ nie otrzyma\u0142o notatki po rozmowach prezydenta Karola Nawrockiego z prezydentem&hellip;\n","protected":false},"author":2,"featured_media":141722,"comment_status":"","ping_status":"","sticky":false,"template":"","format":"standard","meta":{"footnotes":""},"categories":[12],"tags":[32,33,44,1898,36,37,27,43,49,34,35,1162,28,31,48,25,46,42,38,40,39,41,47,29,30,26],"class_list":{"0":"post-141721","1":"post","2":"type-post","3":"status-publish","4":"format-standard","5":"has-post-thumbnail","7":"category-polska","8":"tag-breaking-news","9":"tag-breakingnews","10":"tag-donald_trump","11":"tag-dyplomacja","12":"tag-featured-news","13":"tag-featurednews","14":"tag-headlines","15":"tag-karol_nawrocki","16":"tag-kraj","17":"tag-latest-news","18":"tag-latestnews","19":"tag-msz","20":"tag-naglowki","21":"tag-najwazniejsze-artykuly","22":"tag-nat_styl","23":"tag-news","24":"tag-omp","25":"tag-pl","26":"tag-poland","27":"tag-polish","28":"tag-polska","29":"tag-polski","30":"tag-screening_general","31":"tag-top-stories","32":"tag-topstories","33":"tag-wiadomosci"},"share_on_mastodon":{"url":"https:\/\/pubeurope.com\/@pl\/115691547976565960","error":""},"_links":{"self":[{"href":"https:\/\/www.europesays.com\/pl\/wp-json\/wp\/v2\/posts\/141721","targetHints":{"allow":["GET"]}}],"collection":[{"href":"https:\/\/www.europesays.com\/pl\/wp-json\/wp\/v2\/posts"}],"about":[{"href":"https:\/\/www.europesays.com\/pl\/wp-json\/wp\/v2\/types\/post"}],"author":[{"embeddable":true,"href":"https:\/\/www.europesays.com\/pl\/wp-json\/wp\/v2\/users\/2"}],"replies":[{"embeddable":true,"href":"https:\/\/www.europesays.com\/pl\/wp-json\/wp\/v2\/comments?post=141721"}],"version-history":[{"count":0,"href":"https:\/\/www.europesays.com\/pl\/wp-json\/wp\/v2\/posts\/141721\/revisions"}],"wp:featuredmedia":[{"embeddable":true,"href":"https:\/\/www.europesays.com\/pl\/wp-json\/wp\/v2\/media\/141722"}],"wp:attachment":[{"href":"https:\/\/www.europesays.com\/pl\/wp-json\/wp\/v2\/media?parent=141721"}],"wp:term":[{"taxonomy":"category","embeddable":true,"href":"https:\/\/www.europesays.com\/pl\/wp-json\/wp\/v2\/categories?post=141721"},{"taxonomy":"post_tag","embeddable":true,"href":"https:\/\/www.europesays.com\/pl\/wp-json\/wp\/v2\/tags?post=141721"}],"curies":[{"name":"wp","href":"https:\/\/api.w.org\/{rel}","templated":true}]}}