{"id":141757,"date":"2025-12-09T21:01:14","date_gmt":"2025-12-09T21:01:14","guid":{"rendered":"https:\/\/www.europesays.com\/pl\/141757\/"},"modified":"2025-12-09T21:01:14","modified_gmt":"2025-12-09T21:01:14","slug":"polskie-mysliwce-mig-29-dla-ukrainy-wojsko-wskazalo-czego-oczekuje-w-zamian","status":"publish","type":"post","link":"https:\/\/www.europesays.com\/pl\/141757\/","title":{"rendered":"Polskie my\u015bliwce MIG-29 dla Ukrainy? Wojsko wskaza\u0142o, czego oczekuje w zamian"},"content":{"rendered":"<p>&#13;<br \/>\n        \t&#8222;Trwaj\u0105 rozmowy ze stron\u0105 ukrai\u0144sk\u0105 na temat przekazania samolot\u00f3w MIG-29&#8221; &#8211; przekaza\u0142 Sztab Generalny Wojska Polskiego w serwisie X. My\u015bliwce maj\u0105 by\u0107 elementem jednocze\u015bnie wsparcia dla Ukrainy, jak i utrzymania bezpiecze\u0144stwa wschodniej flanki NATO. W zamian Polska ma otrzyma\u0107 wybrane technologie dronowe i rakietowe.&#13;\n        \t<\/p>\n<p>Polskie si\u0142y zbrojne rozwa\u017caj\u0105 przekazanie Ukrainie wys\u0142u\u017conych my\u015bliwc\u00f3w MIG-29<\/p>\n<p>Wed\u0142ug komunikatu my\u015bliwce MIG-29, kt\u00f3rymi dysponuje polskie wojsko, s\u0105 ju\u017c wys\u0142u\u017cone. Zamiast samolot\u00f3w sowieckiej konstrukcji polskie lotnictwo wojskowe wykorzystuje ameryka\u0144skie F-16 i korea\u0144skie FA-50 zakupione w ostatnich latach.<\/p>\n<p>\u00a0<\/p>\n<p>&#8222;Przekazywanie samolot\u00f3w zwi\u0105zane jest z osi\u0105ganiem przez nie docelowych resurs\u00f3w eksploatacyjnych oraz brakiem perspektywy ich dalszej modernizacji w Si\u0142ach Zbrojnych RP&#8221; &#8211; poinformowa\u0142o wojsko.<\/p>\n<p>\u00a0<\/p>\n<p>ZOBACZ: <a href=\"https:\/\/www.polsatnews.pl\/wiadomosc\/2025-12-09\/specjalne-srodki-bezpieczenstwa-podczas-wizyty-zelenskiego\/\" target=\"_blank\" rel=\"noopener noreferrer nofollow\">Specjalne \u015brodki bezpiecze\u0144stwa podczas wizyty Ze\u0142enskiego. Uwag\u0119 zwr\u00f3ci\u0142o uzbrojenie<\/a><\/p>\n<p>\u00a0<\/p>\n<p>Ostateczna decyzja dotycz\u0105ca przekazania MIG-\u00f3w Ukrai\u0144com jeszcze nie zapad\u0142a. Tocz\u0105ce si\u0119 rozmowy dotycz\u0105 sprz\u0119tu, jaki strona ukrai\u0144ska mog\u0142aby w zamian przekaza\u0107 Polsce.<\/p>\n<p>\u00a0<\/p>\n<p>&#8222;Donacja samolot\u00f3w b\u0119dzie elementem sojuszniczej polityki wsparcia Ukrainy oraz utrzymania bezpiecze\u0144stwa wschodniej flanki NATO. Zadania wycofywanych ze s\u0142u\u017cby samolot\u00f3w MIG-29 b\u0119d\u0105 realizowane przez samoloty F-16 oraz FA-50&#8221; &#8211; przekaza\u0142 sztab.<\/p>\n<p>Polskie MIG-29 dla Ukrainy? Wojsko stawia warunki<\/p>\n<p>Wojsko nie zamierza oddawa\u0107 my\u015bliwc\u00f3w sowieckiej produkcji, nie chc\u0105c nic w zamian.\u00a0<\/p>\n<p>\u00a0<\/p>\n<p>&#8222;Celem jest nie tylko rekompensata sprz\u0119towa, ale przede wszystkim pozyskanie i wsp\u00f3lne rozwijanie nowych kompetencji obronnych i przemys\u0142owych&#8221; &#8211; przekaza\u0142o wojsko.<\/p>\n<p>\u00a0<\/p>\n<p>ZOBACZ: <a href=\"https:\/\/www.polsatnews.pl\/wiadomosc\/2025-12-09\/plan-pokojowy-dla-ukrainy-zelenski-deklaruje-jestesmy-gotowi\/\" target=\"_blank\" rel=\"noopener noreferrer nofollow\">Deklaracja Ze\u0142enskiego ws. planu pokojowego. &#8222;Jeste\u015bmy gotowi&#8221;<\/a><\/p>\n<p>\u00a0<\/p>\n<p>Zainteresowanie strony polskiej w ramach wymiany maj\u0105 budzi\u0107 ukrai\u0144skie drony i systemy rakietowe.<\/p>\n<p>&#8222;Jednocze\u015bnie w zwi\u0105zku z przekazaniem samolot\u00f3w prowadzone s\u0105 rozmowy ze stron\u0105 ukrai\u0144sk\u0105 w zakresie udost\u0119pnienia Polsce wybranych technologii dronowych i rakietowych&#8221; &#8211; poinformowa\u0142 Sztab Generalny Wojska Polskiego.<\/p>\n<p>\u00a0<\/p>\n<p>Widzia\u0142e\u015b co\u015b wa\u017cnego? Przy\u015blij zdj\u0119cie, film lub napisz, co si\u0119 sta\u0142o. Skorzystaj z naszej <a href=\"https:\/\/www.polsatnews.pl\/platforma-widzow\/\" target=\"_blank\" rel=\"noopener noreferrer nofollow\">Wrzutni<\/a><\/p>\n<p>                <img decoding=\"async\" src=\"https:\/\/www.europesays.com\/pl\/wp-content\/uploads\/2025\/12\/m5tdkgg3eej71gm17rzgsfn9r7ixw3ua.jpg\" alt=\"\" itemprop=\"contentUrl\" style=\"position:absolute; width: 100%; max-height: 100%;\"\/><video controls=\"\" controlslist=\"nodownload\" poster=\"https:\/\/www.europesays.com\/pl\/wp-content\/uploads\/2025\/12\/m5tdkgg3eej71gm17rzgsfn9r7ixw3ua.jpg\" class=\"videoPlayer player6855304 news__video\" data-id=\"6855304\">Twoja przegl\u0105darka nie wspiera odtwarzacza wideo&#8230;<\/video><\/p>\n<p>                <a class=\"news__read-more-button\" href=\"https:\/\/www.polsatnews.pl\/\" rel=\"nofollow noopener\" target=\"_blank\">Czytaj wi\u0119cej<\/a><\/p>\n<p>\t\t\tChcesz by\u0107 na bie\u017c\u0105co z najnowszymi newsami?<\/p>\n<p class=\"app-ad__preview\">Jeste\u015bmy w aplikacji na Tw\u00f3j telefon. Sprawd\u017a\u00a0nas!<\/p>\n","protected":false},"excerpt":{"rendered":"&#13; &#8222;Trwaj\u0105 rozmowy ze stron\u0105 ukrai\u0144sk\u0105 na temat przekazania samolot\u00f3w MIG-29&#8221; &#8211; przekaza\u0142 Sztab Generalny Wojska Polskiego w&hellip;\n","protected":false},"author":2,"featured_media":141758,"comment_status":"","ping_status":"","sticky":false,"template":"","format":"standard","meta":{"footnotes":""},"categories":[12],"tags":[32,33,36,37,27,34,35,28,31,25,42,38,40,39,41,29,30,26],"class_list":{"0":"post-141757","1":"post","2":"type-post","3":"status-publish","4":"format-standard","5":"has-post-thumbnail","7":"category-polska","8":"tag-breaking-news","9":"tag-breakingnews","10":"tag-featured-news","11":"tag-featurednews","12":"tag-headlines","13":"tag-latest-news","14":"tag-latestnews","15":"tag-naglowki","16":"tag-najwazniejsze-artykuly","17":"tag-news","18":"tag-pl","19":"tag-poland","20":"tag-polish","21":"tag-polska","22":"tag-polski","23":"tag-top-stories","24":"tag-topstories","25":"tag-wiadomosci"},"share_on_mastodon":{"url":"https:\/\/pubeurope.com\/@pl\/115691630757575144","error":""},"_links":{"self":[{"href":"https:\/\/www.europesays.com\/pl\/wp-json\/wp\/v2\/posts\/141757","targetHints":{"allow":["GET"]}}],"collection":[{"href":"https:\/\/www.europesays.com\/pl\/wp-json\/wp\/v2\/posts"}],"about":[{"href":"https:\/\/www.europesays.com\/pl\/wp-json\/wp\/v2\/types\/post"}],"author":[{"embeddable":true,"href":"https:\/\/www.europesays.com\/pl\/wp-json\/wp\/v2\/users\/2"}],"replies":[{"embeddable":true,"href":"https:\/\/www.europesays.com\/pl\/wp-json\/wp\/v2\/comments?post=141757"}],"version-history":[{"count":0,"href":"https:\/\/www.europesays.com\/pl\/wp-json\/wp\/v2\/posts\/141757\/revisions"}],"wp:featuredmedia":[{"embeddable":true,"href":"https:\/\/www.europesays.com\/pl\/wp-json\/wp\/v2\/media\/141758"}],"wp:attachment":[{"href":"https:\/\/www.europesays.com\/pl\/wp-json\/wp\/v2\/media?parent=141757"}],"wp:term":[{"taxonomy":"category","embeddable":true,"href":"https:\/\/www.europesays.com\/pl\/wp-json\/wp\/v2\/categories?post=141757"},{"taxonomy":"post_tag","embeddable":true,"href":"https:\/\/www.europesays.com\/pl\/wp-json\/wp\/v2\/tags?post=141757"}],"curies":[{"name":"wp","href":"https:\/\/api.w.org\/{rel}","templated":true}]}}