{"id":141759,"date":"2025-12-09T21:02:11","date_gmt":"2025-12-09T21:02:11","guid":{"rendered":"https:\/\/www.europesays.com\/pl\/141759\/"},"modified":"2025-12-09T21:02:11","modified_gmt":"2025-12-09T21:02:11","slug":"zabojstwo-pod-pruszkowem-kobieta-nie-zyje-zatrzymano-bylego-meza-wp-wiadomosci","status":"publish","type":"post","link":"https:\/\/www.europesays.com\/pl\/141759\/","title":{"rendered":"Zab\u00f3jstwo pod Pruszkowem. Kobieta nie \u017cyje, zatrzymano by\u0142ego m\u0119\u017ca &#8211; WP Wiadomo\u015bci"},"content":{"rendered":"<ol>\n<li><a href=\"https:\/\/news.google.com\/rss\/articles\/CBMiqwFBVV95cUxORzBRNl9Ud1JfZk5ubkR3NW9xdTdoYjd6eTNITnhBVGpKSGJDbE4xdk9XZGt2MlQ4NEluR1QtdlJmXzh3aXItdHRoZXhIcFoxU29vSXpVQzdSQmRSQmU0b1VfLWtudURmdFNGem8wdl93UTRnR29hWjNyTmNhbHlaQ1QtOWcxUUVsLTZLX29CU0p1akNSN0ZTTzJTR0NudFpYU3hUWWl6LV91YWs?oc=5\" target=\"_blank\" rel=\"nofollow noopener\">Zab\u00f3jstwo pod Pruszkowem. Kobieta nie \u017cyje, zatrzymano by\u0142ego m\u0119\u017ca<\/a>&nbsp;&nbsp;WP Wiadomo\u015bci<\/li>\n<li><a href=\"https:\/\/news.google.com\/rss\/articles\/CBMiwwFBVV95cUxQTHV2VGNSR0hHa0FaSzBBazFYVkI2X3NmU1lORkRVUEs1SFlJSk51VTU4U1liWGRmcWJPOTNLZGFGeTFIMnplMVV3WFZmRGpNQUVOTVp1MncySl9nSURUeDRFZm9FU2otZVFtZ2RDVk9WLTNBTWVEWkYtYkt4Qm42WXBpOXdWVkFYdS1udTA4S2k3c0pCc19VQ2hHMzU1N19IeUZVeWtwUExQY2ZHWnFQdGJmeVdNVFR0X2JOYzRDRE00T28?oc=5\" target=\"_blank\" rel=\"nofollow noopener\">Brutalne morderstwo 46-latki na Mazowszu. Syn zaalarmowa\u0142 policj\u0119<\/a>&nbsp;&nbsp;Onet<\/li>\n<li><a href=\"https:\/\/news.google.com\/rss\/articles\/CBMivAFBVV95cUxNaVpKUVRFRlJJUmFYSkZabXF2X1NPaGhWbWJpQ0poTG4td0F2aEkyTjQzZ09jaWV3UkVjN1RfNEYtME1xSkRQVno4Z3ozU1F1S05ob2ZEM0tTTTJGUWh1UmJXZkQ3UVlXRmJRWlVJODRNWDZkYU80RGJVVXlXRTVsN0tkR1RUbGZVdlJFelRfc3Fjb3lfRkRjVzJ6UkF1Z0Zhdm1Lc2gxaFdKa2duT3BFbUFiTHR1UjNsYy1nbg?oc=5\" target=\"_blank\" rel=\"nofollow noopener\">Zab\u00f3jstwo pod Warszaw\u0105. Policja zatrzyma\u0142a by\u0142ego m\u0119\u017ca kobiety<\/a>&nbsp;&nbsp;Wydarzenia Interia<\/li>\n<li><a href=\"https:\/\/news.google.com\/rss\/articles\/CBMiqAFBVV95cUxOY3RTTXRuZmFjUXRSQUN5V01rQ29fRGNWbExBa1MteGpBYmNnUURFT09DR28zNlRHRkR3R0JtT1JITFo4LWpQakNIM0VZeXhvUlBxRG81SnRWWkhGTFhxQmNNVVJsU3N4LVpSQlV0OUFDOGRCcm4tZm1sQVoxY2QwTW1EemhxZ216WDVRUlNfbG9Wem5zcFVRWjNPalRYV0w3c1I4RkZacFY?oc=5\" target=\"_blank\" rel=\"nofollow noopener\">K\u0142\u00f3tnia z by\u0142\u0105 \u017con\u0105 i \u015bmiertelny cios. 46-latka nie \u017cyje, pomoc wezwa\u0142o dziecko<\/a>&nbsp;&nbsp;TVN24<\/li>\n<li><a href=\"https:\/\/news.google.com\/rss\/articles\/CBMiwgFBVV95cUxQRTN1YjgyWWlaeGtQQ2hQZ3pOTmc4TUhCTk5YQjJSX0YzakREWURhRmdCdHlqLVpZel81SVpNcTN0UzZNS1JGZkVqVHVQQVVScUcySlV5a1M2WUh1LThWNVp3MEY3RW5vRS01VHJSaHV4NzhHV3UtZkp5MUhwYko4YmlRSkJGUjd6VFByZFNYdkFEXzJnN3UzOE8wUWpwX3RqOEFaejhqNWxmOFJsNHZyeUVpUTdvZlVCSC1DZER6SVJtdw?oc=5\" target=\"_blank\" rel=\"nofollow noopener\">52-latek mia\u0142 zabi\u0107 no\u017cem by\u0142\u0105 \u017con\u0119. Media: Pomoc wezwa\u0142o dziecko<\/a>&nbsp;&nbsp;Gazeta<\/li>\n<\/ol>\n","protected":false},"excerpt":{"rendered":"Zab\u00f3jstwo pod Pruszkowem. Kobieta nie \u017cyje, zatrzymano by\u0142ego m\u0119\u017ca&nbsp;&nbsp;WP Wiadomo\u015bci Brutalne morderstwo 46-latki na Mazowszu. Syn zaalarmowa\u0142 policj\u0119&nbsp;&nbsp;Onet&hellip;\n","protected":false},"author":2,"featured_media":141760,"comment_status":"","ping_status":"","sticky":false,"template":"","format":"standard","meta":{"footnotes":""},"categories":[5],"tags":[32,33,36,37,27,34,35,28,31,25,42,38,40,39,41,29,30,26],"class_list":{"0":"post-141759","1":"post","2":"type-post","3":"status-publish","4":"format-standard","5":"has-post-thumbnail","7":"category-naglowki","8":"tag-breaking-news","9":"tag-breakingnews","10":"tag-featured-news","11":"tag-featurednews","12":"tag-headlines","13":"tag-latest-news","14":"tag-latestnews","15":"tag-naglowki","16":"tag-najwazniejsze-artykuly","17":"tag-news","18":"tag-pl","19":"tag-poland","20":"tag-polish","21":"tag-polska","22":"tag-polski","23":"tag-top-stories","24":"tag-topstories","25":"tag-wiadomosci"},"share_on_mastodon":{"url":"https:\/\/pubeurope.com\/@pl\/115691634417059964","error":""},"_links":{"self":[{"href":"https:\/\/www.europesays.com\/pl\/wp-json\/wp\/v2\/posts\/141759","targetHints":{"allow":["GET"]}}],"collection":[{"href":"https:\/\/www.europesays.com\/pl\/wp-json\/wp\/v2\/posts"}],"about":[{"href":"https:\/\/www.europesays.com\/pl\/wp-json\/wp\/v2\/types\/post"}],"author":[{"embeddable":true,"href":"https:\/\/www.europesays.com\/pl\/wp-json\/wp\/v2\/users\/2"}],"replies":[{"embeddable":true,"href":"https:\/\/www.europesays.com\/pl\/wp-json\/wp\/v2\/comments?post=141759"}],"version-history":[{"count":0,"href":"https:\/\/www.europesays.com\/pl\/wp-json\/wp\/v2\/posts\/141759\/revisions"}],"wp:featuredmedia":[{"embeddable":true,"href":"https:\/\/www.europesays.com\/pl\/wp-json\/wp\/v2\/media\/141760"}],"wp:attachment":[{"href":"https:\/\/www.europesays.com\/pl\/wp-json\/wp\/v2\/media?parent=141759"}],"wp:term":[{"taxonomy":"category","embeddable":true,"href":"https:\/\/www.europesays.com\/pl\/wp-json\/wp\/v2\/categories?post=141759"},{"taxonomy":"post_tag","embeddable":true,"href":"https:\/\/www.europesays.com\/pl\/wp-json\/wp\/v2\/tags?post=141759"}],"curies":[{"name":"wp","href":"https:\/\/api.w.org\/{rel}","templated":true}]}}