{"id":141821,"date":"2025-12-09T21:33:10","date_gmt":"2025-12-09T21:33:10","guid":{"rendered":"https:\/\/www.europesays.com\/pl\/141821\/"},"modified":"2025-12-09T21:33:10","modified_gmt":"2025-12-09T21:33:10","slug":"google-wykrylo-usterke-w-trzech-smartfonach-z-serii-pixel-konieczna-wymiana","status":"publish","type":"post","link":"https:\/\/www.europesays.com\/pl\/141821\/","title":{"rendered":"Google wykry\u0142o usterk\u0119 w trzech smartfonach z serii Pixel. Konieczna wymiana"},"content":{"rendered":"<p>Google poinformowa\u0142o, \u017ce w smartfonach z rodziny Pixel 9 wyst\u0119puje usterka, uniemo\u017cliwiaj\u0105ca normalne u\u017cytkowanie urz\u0105dzenia. Konieczne jest wys\u0142anie telefonu do serwisu.<\/p>\n<p>W smartfonach Google Pixel 9 Pro i Pixel 9 Pro XL mo\u017ce wyst\u0105pi\u0107 problem z poprawnym dzia\u0142aniem ekranu<\/p>\n<p>Firma z Mountain View poinformowa\u0142a, \u017ce w niekt\u00f3rych egzemplarzach smartfon\u00f3w <a href=\"https:\/\/www.tabletowo.pl\/google-pixel-9-recenzja-test-opinia\/\" data-type=\"post\" data-id=\"924930\" rel=\"nofollow noopener\" target=\"_blank\">Google Pixel 9<\/a> Pro i <a href=\"https:\/\/www.tabletowo.pl\/recenzja-google-pixel-9-pro-xl-test-opinia\/\" data-type=\"post\" data-id=\"920099\" rel=\"nofollow noopener\" target=\"_blank\">Google Pixel 9 Pro XL<\/a> mo\u017ce wyst\u0105pi\u0107 migotanie ekranu lub pojawi\u0107 si\u0119 pionowa linia na wy\u015bwietlaczu. W takim przypadku w\u0142a\u015bciciel urz\u0105dzenia ma prawo do bezp\u0142atnej naprawy w ci\u0105gu 3 lat od dnia zakupu.<\/p>\n<p><a href=\"https:\/\/www.tabletowo.pl\/wp-content\/uploads\/2024\/08\/google-pixel-9-pro-xl-pierwszewrazenia-tabletowo_01.jpeg\" rel=\"nofollow noopener\" target=\"_blank\"><img width=\"1200\" height=\"900\" src=\"https:\/\/www.europesays.com\/pl\/wp-content\/uploads\/2025\/12\/google-pixel-9-pro-xl-pierwszewrazenia-tabletowo_01-1200x900.jpeg\" alt=\"smartfon Google Pixel 9 Pro XL fot. Jakub Kordasi\u0144ski Tabletowo.pl\" class=\"wp-image-917447\" decoding=\"async\" loading=\"lazy\"\/><\/a>Google Pixel 9 Pro XL (fot. Jakub Kordasi\u0144ski | Tabletowo.pl)<\/p>\n<p>Ameryka\u0144ski gigant zastrzega jednak, \u017ce Rozszerzony program naprawczy (ang. Extender Repair Program) ma pewne ograniczenia. Je\u015bli smartfon ma p\u0119kni\u0119ty ekran, uszkodzone szk\u0142o ochronne na wy\u015bwietlaczu lub wnikn\u0105\u0142 do jego wn\u0119trza p\u0142yn, mo\u017ce nie kwalifikowa\u0107 si\u0119 do bezp\u0142atnej naprawy w ci\u0105gu 3 lat od dnia zakupu. Przed rozpocz\u0119ciem procesu wymiany ekranu zostanie dok\u0142adnie sprawdzone przez serwisanta.<\/p>\n<p>Jak sprawdzi\u0107, czy Pixel 9 Pro lub Pixel 9 Pro XL kwalifikuje si\u0119 do bezp\u0142atnej wymiany wy\u015bwietlacza?<\/p>\n<p>Google zastrzega, \u017ce do bezp\u0142atnej wymiany ekranu kwalifikuj\u0105 si\u0119 smartfony z serii Google Pixel 9, w kt\u00f3rych wyst\u0119puje migotanie ekranu lub pojawi\u0142a si\u0119 pionowa linia na wy\u015bwietlaczu \u2013 musi ona jednak przebiega\u0107 od samego do\u0142u do samej g\u00f3ry panelu. Trzeba te\u017c podkre\u015bli\u0107, \u017ce usterka ta nie wyst\u0119puje we wszystkich egzemplarzach \u2013 Mateusz z redakcji Tabletowo posiada model Pixel 9 Pro i jego sztuka nie ma \u017cadnych problem\u00f3w z ekranem.<\/p>\n<p>W\u0142a\u015bciciele egzemplarzy, na kt\u00f3rych wyst\u0105pi\u0142 jeden z przywo\u0142ywanych problem\u00f3w z poprawnym dzia\u0142aniem wy\u015bwietlacza, powinni wej\u015b\u0107 na <a href=\"https:\/\/store.google.com\/repair\" target=\"_blank\" rel=\"noopener nofollow\">t\u0119 stron\u0119 internetow\u0105<\/a>, poda\u0107 numer IMEI lub numer seryjny swojego smartfona i post\u0119powa\u0107 zgodnie z instrukcj\u0105. Wed\u0142ug Google to najszybsza metoda, cho\u0107 mo\u017cliwe oczywi\u015bcie jest te\u017c udanie si\u0119 do punktu sprzeda\u017cy, w kt\u00f3rym zosta\u0142 zakupiony sprz\u0119t, aczkolwiek to wyd\u0142u\u017cy ca\u0142y proces.<\/p>\n<p>Przed wys\u0142aniem telefonu do serwisu zaleca si\u0119 wykonanie kopii zapasowej i w\u0142\u0105czenie Repair mode. Naprawa, wykonana w ramach Rozszerzonego programu naprawczego, <a href=\"https:\/\/support.google.com\/pixelphone\/answer\/16737524\" target=\"_blank\" rel=\"noopener nofollow\">obj\u0119ta jest<\/a> 90-dniow\u0105 gwarancj\u0105. Nie wyklucza to jednak skorzystania z gwarancji producenta i r\u0119kojmi sprzedawcy.<\/p>\n<p>Problemy wyst\u0119puj\u0105 nie tylko w smartfonach Google Pixel 9 Pro i Pixel 9 Pro XL<\/p>\n<p>R\u00f3wnocze\u015bnie smartfon <a href=\"https:\/\/www.tabletowo.pl\/google-pixel-9-pro-fold-premiera-specyfikacja\/\" data-type=\"post\" data-id=\"915725\" rel=\"nofollow noopener\" target=\"_blank\">Google Pixel 9 Pro Fold<\/a> zosta\u0142 obj\u0119ty Programem rozszerzonej gwarancji (ang. Extended Warranty Program), aczkolwiek w jego przypadku firma nie precyzuje, o jakie dok\u0142adnie problemy chodzi \u2013 informuje jedynie, \u017ce mog\u0105 wyst\u0119powa\u0107 problemy wp\u0142ywaj\u0105ce na funkcjonalno\u015b\u0107.<\/p>\n<p>Posiadacze Google Pixel 9 Pro Fold maj\u0105 3 lata od dnia zakupu, aby odes\u0142a\u0107 urz\u0105dzenie i otrzyma\u0107 nowe, poniewa\u017c Program rozszerzonej gwarancji <a href=\"https:\/\/support.google.com\/pixelphone\/answer\/16737529\" target=\"_blank\" rel=\"noopener nofollow\">nie zak\u0142ada<\/a> naprawy, tylko bezp\u0142atn\u0105 wymian\u0119.<\/p>\n","protected":false},"excerpt":{"rendered":"Google poinformowa\u0142o, \u017ce w smartfonach z rodziny Pixel 9 wyst\u0119puje usterka, uniemo\u017cliwiaj\u0105ca normalne u\u017cytkowanie urz\u0105dzenia. Konieczne jest wys\u0142anie&hellip;\n","protected":false},"author":2,"featured_media":141822,"comment_status":"","ping_status":"","sticky":false,"template":"","format":"standard","meta":{"footnotes":""},"categories":[20],"tags":[120,118,119,42,38,40,39,41,116,114,115,121,117],"class_list":{"0":"post-141821","1":"post","2":"type-post","3":"status-publish","4":"format-standard","5":"has-post-thumbnail","7":"category-nauka-i-technika","8":"tag-nauka","9":"tag-nauka-i-technika","10":"tag-naukatechnika","11":"tag-pl","12":"tag-poland","13":"tag-polish","14":"tag-polska","15":"tag-polski","16":"tag-science","17":"tag-science-and-technology","18":"tag-sciencetechnology","19":"tag-technika","20":"tag-technology"},"share_on_mastodon":{"url":"https:\/\/pubeurope.com\/@pl\/115691756494636250","error":""},"_links":{"self":[{"href":"https:\/\/www.europesays.com\/pl\/wp-json\/wp\/v2\/posts\/141821","targetHints":{"allow":["GET"]}}],"collection":[{"href":"https:\/\/www.europesays.com\/pl\/wp-json\/wp\/v2\/posts"}],"about":[{"href":"https:\/\/www.europesays.com\/pl\/wp-json\/wp\/v2\/types\/post"}],"author":[{"embeddable":true,"href":"https:\/\/www.europesays.com\/pl\/wp-json\/wp\/v2\/users\/2"}],"replies":[{"embeddable":true,"href":"https:\/\/www.europesays.com\/pl\/wp-json\/wp\/v2\/comments?post=141821"}],"version-history":[{"count":0,"href":"https:\/\/www.europesays.com\/pl\/wp-json\/wp\/v2\/posts\/141821\/revisions"}],"wp:featuredmedia":[{"embeddable":true,"href":"https:\/\/www.europesays.com\/pl\/wp-json\/wp\/v2\/media\/141822"}],"wp:attachment":[{"href":"https:\/\/www.europesays.com\/pl\/wp-json\/wp\/v2\/media?parent=141821"}],"wp:term":[{"taxonomy":"category","embeddable":true,"href":"https:\/\/www.europesays.com\/pl\/wp-json\/wp\/v2\/categories?post=141821"},{"taxonomy":"post_tag","embeddable":true,"href":"https:\/\/www.europesays.com\/pl\/wp-json\/wp\/v2\/tags?post=141821"}],"curies":[{"name":"wp","href":"https:\/\/api.w.org\/{rel}","templated":true}]}}