{"id":141836,"date":"2025-12-09T21:43:16","date_gmt":"2025-12-09T21:43:16","guid":{"rendered":"https:\/\/www.europesays.com\/pl\/141836\/"},"modified":"2025-12-09T21:43:16","modified_gmt":"2025-12-09T21:43:16","slug":"znamy-lokalizacje-kamer-strefy-czystego-transportu","status":"publish","type":"post","link":"https:\/\/www.europesays.com\/pl\/141836\/","title":{"rendered":"Znamy lokalizacje kamer Strefy Czystego Transportu"},"content":{"rendered":"<p>Od stycznia 2026 roku ka\u017cdy samoch\u00f3d wje\u017cd\u017caj\u0105cy do Krakowa zostanie zarejestrowany przez kamery. Sie\u0107 ponad stu urz\u0105dze\u0144 rozpoznaj\u0105cych tablice rejestracyjne obejmie wszystkie g\u0142\u00f3wne wloty do miasta i granice Strefy Czystego Transportu. System, kt\u00f3ry ma w pe\u0142ni zautomatyzowa\u0107 kontrol\u0119 pojazd\u00f3w, jest ju\u017c gotowy \u2013 a jego obs\u0142uga ruszy\u0142a w poniedzia\u0142ek wraz z uruchomieniem miejskiego portalu SCT.<\/p>\n<p>Kamery b\u0119d\u0105 dzia\u0142a\u0107 w oparciu o technologi\u0119 ANPR (Automatic Number Plate Recognition). Ka\u017cde z urz\u0105dze\u0144 zainstalowanych na granicach strefy oraz w wybranych punktach miasta \u2013 od Balic po Bie\u017can\u00f3w, od Skawiny po Now\u0105 Hut\u0119 \u2013 zarejestruje przejazd pojazdu, wykona jego zdj\u0119cie i prze\u015ble dane do centralnego systemu. Algorytmy sztucznej inteligencji odczytaj\u0105 tablic\u0119 rejestracyjn\u0105 i por\u00f3wnaj\u0105 numer z baz\u0105 pojazd\u00f3w uprawnionych do poruszania si\u0119 po Krakowie. Informacje zostan\u0105 przekazane do miejskiej hurtowni danych, gdzie b\u0119d\u0105 \u0142\u0105czone z danymi z systemu SCT.<\/p>\n<p>Wi\u0119kszo\u015b\u0107 kamer ma stan\u0105\u0107 przy g\u0142\u00f3wnych trasach dojazdowych, a opr\u00f3cz urz\u0105dze\u0144 stacjonarnych wprowadzony zostanie tak\u017ce system czterech kamer mobilnych, z kt\u00f3rych korzysta\u0107 b\u0119d\u0105 patrole Stra\u017cy Miejskiej. W kolejnym etapie, zaplanowanym na pierwszy kwarta\u0142 2026 roku, stra\u017cnicy i policjanci otrzymaj\u0105 aplikacj\u0119 mobiln\u0105 pozwalaj\u0105c\u0105 na weryfikacj\u0119 pojazd\u00f3w w czasie rzeczywistym \u2013 pod warunkiem uzyskania finansowania na ten cel.<\/p>\n<p>Kontrole w obr\u0119bie strefy b\u0119d\u0105 prowadzone w trzech trybach: mobilnym, obejmuj\u0105cym patrole poruszaj\u0105ce si\u0119 po obszarze SCT, statycznym \u2013 w wyznaczonych punktach granicznych oraz w ramach codziennych kontroli ruchu drogowego. Wszystkie dane z kamer b\u0119d\u0105 przesy\u0142ane i przetwarzane w miejskim systemie, kt\u00f3ry umo\u017cliwi automatyczne rozpoznawanie pojazd\u00f3w i analiz\u0119 ruchu w mie\u015bcie.<\/p>\n<p><a href=\"https:\/\/krknews.pl\/ruszyl-system-obslugi-strefy-czystego-transportu-w-krakowie\/\" rel=\"nofollow noopener\" target=\"_blank\">R\u00f3wnolegle uruchomiono system obs\u0142ugi mieszka\u0144c\u00f3w.<\/a> Powsta\u0142o siedem Punkt\u00f3w Obs\u0142ugi, gdzie mo\u017cna zg\u0142osi\u0107 pojazd, z\u0142o\u017cy\u0107 wniosek o nalepk\u0119, op\u0142aci\u0107 wjazd i odebra\u0107 dokumenty. Punkty dzia\u0142aj\u0105 przy ul. Centralnej 53, ul. Reymonta 20, w budynkach Urz\u0119du Miasta przy al. Powstania Warszawskiego 10, ul. Wielickiej 28a i na os. Zgody 2, w terminalu G\u00f3rka Narodowa P+R oraz w galeriach Bronowice i Serenada. Dwa pierwsze umo\u017cliwiaj\u0105 p\u0142atno\u015bci got\u00f3wk\u0105 i kart\u0105, pozosta\u0142e pracuj\u0105 w systemie elektronicznym.<\/p>\n<blockquote class=\"wp-embedded-content\" data-secret=\"l6Zb83jeis\">\n<p><a href=\"https:\/\/krknews.pl\/budzet-sct-ponad-48-mln-zl-w-pierwszym-roku-na-kamery-parkomaty-i-radiowozy-znamy-szczegoly-wydatkow\/\" rel=\"nofollow noopener\" target=\"_blank\">Bud\u017cet SCT: ponad 4,8 mln z\u0142 w pierwszym roku na kamery, parkomaty i radiowozy<\/a><\/p>\n<\/blockquote>\n<p>System SCT, dost\u0119pny pod adresem sct.zdmk.krakow.pl, integruje obs\u0142ug\u0119 wszystkich formalno\u015bci. Pozwala zg\u0142asza\u0107 pojazdy, wnioskowa\u0107 o nalepki, uiszcza\u0107 op\u0142aty i sprawdza\u0107 status uprawnie\u0144. Dane wprowadzane przez kierowc\u00f3w s\u0105 automatycznie \u0142\u0105czone z baz\u0105 pojazd\u00f3w zarejestrowanych w Polsce, co eliminuje konieczno\u015b\u0107 sk\u0142adania dodatkowych dokument\u00f3w.<\/p>\n<p>Zgodnie z obowi\u0105zuj\u0105cymi przepisami, samochody osobowe z silnikiem benzynowym musz\u0105 spe\u0142nia\u0107 co najmniej norm\u0119 emisji spalin Euro 4 lub by\u0107 wyprodukowane nie wcze\u015bniej ni\u017c w 2005 roku. Auta z silnikiem Diesla musz\u0105 mie\u0107 co najmniej norm\u0119 Euro 6 lub pochodzi\u0107 z roku 2014 lub nowszego. Dla pojazd\u00f3w ci\u0119\u017cszych, powy\u017cej 3,5 tony, obowi\u0105zuj\u0105 podobne zasady \u2013 samochody benzynowe musz\u0105 spe\u0142nia\u0107 norm\u0119 Euro 4 lub by\u0107 wyprodukowane nie wcze\u015bniej ni\u017c w 2005 roku, natomiast diesle \u2013 norm\u0119 Euro 6 lub rok produkcji 2012 i nowszy. Osoby, kt\u00f3re posiadaj\u0105 samochody z polskimi rejestracjami i kt\u00f3rych pojazdy spe\u0142niaj\u0105 powy\u017csze wymagania, nie musz\u0105 podejmowa\u0107 \u017cadnych dzia\u0142a\u0144. Miasto zapewnia, \u017ce takie auta zostan\u0105 automatycznie uznane za uprawnione do poruszania si\u0119 w strefie.<\/p>\n<blockquote class=\"wp-embedded-content\" data-secret=\"5vLiVmx2rf\">\n<p><a href=\"https:\/\/krknews.pl\/strefa-czystego-transportu-w-krakowie-mieszkancy-bez-ograniczen-przyjezdni-za-oplata\/\" rel=\"nofollow noopener\" target=\"_blank\">Strefa Czystego Transportu w Krakowie: mieszka\u0144cy bez ogranicze\u0144, przyjezdni za op\u0142at\u0105<\/a><\/p>\n<\/blockquote>\n","protected":false},"excerpt":{"rendered":"Od stycznia 2026 roku ka\u017cdy samoch\u00f3d wje\u017cd\u017caj\u0105cy do Krakowa zostanie zarejestrowany przez kamery. Sie\u0107 ponad stu urz\u0105dze\u0144 rozpoznaj\u0105cych&hellip;\n","protected":false},"author":2,"featured_media":141837,"comment_status":"","ping_status":"","sticky":false,"template":"","format":"standard","meta":{"footnotes":""},"categories":[12],"tags":[32,33,36,37,27,28984,28985,34,35,28,31,25,42,38,40,39,41,28986,28987,28988,29,30,28989,26,28990],"class_list":{"0":"post-141836","1":"post","2":"type-post","3":"status-publish","4":"format-standard","5":"has-post-thumbnail","7":"category-polska","8":"tag-breaking-news","9":"tag-breakingnews","10":"tag-featured-news","11":"tag-featurednews","12":"tag-headlines","13":"tag-kamery-krakow","14":"tag-kontrola-pojazdow","15":"tag-latest-news","16":"tag-latestnews","17":"tag-naglowki","18":"tag-najwazniejsze-artykuly","19":"tag-news","20":"tag-pl","21":"tag-poland","22":"tag-polish","23":"tag-polska","24":"tag-polski","25":"tag-sct-krakow","26":"tag-strefa-czystego-transportu","27":"tag-system-anpr","28":"tag-top-stories","29":"tag-topstories","30":"tag-transport-miejski","31":"tag-wiadomosci","32":"tag-zdmk"},"share_on_mastodon":{"url":"https:\/\/pubeurope.com\/@pl\/115691795601317736","error":""},"_links":{"self":[{"href":"https:\/\/www.europesays.com\/pl\/wp-json\/wp\/v2\/posts\/141836","targetHints":{"allow":["GET"]}}],"collection":[{"href":"https:\/\/www.europesays.com\/pl\/wp-json\/wp\/v2\/posts"}],"about":[{"href":"https:\/\/www.europesays.com\/pl\/wp-json\/wp\/v2\/types\/post"}],"author":[{"embeddable":true,"href":"https:\/\/www.europesays.com\/pl\/wp-json\/wp\/v2\/users\/2"}],"replies":[{"embeddable":true,"href":"https:\/\/www.europesays.com\/pl\/wp-json\/wp\/v2\/comments?post=141836"}],"version-history":[{"count":0,"href":"https:\/\/www.europesays.com\/pl\/wp-json\/wp\/v2\/posts\/141836\/revisions"}],"wp:featuredmedia":[{"embeddable":true,"href":"https:\/\/www.europesays.com\/pl\/wp-json\/wp\/v2\/media\/141837"}],"wp:attachment":[{"href":"https:\/\/www.europesays.com\/pl\/wp-json\/wp\/v2\/media?parent=141836"}],"wp:term":[{"taxonomy":"category","embeddable":true,"href":"https:\/\/www.europesays.com\/pl\/wp-json\/wp\/v2\/categories?post=141836"},{"taxonomy":"post_tag","embeddable":true,"href":"https:\/\/www.europesays.com\/pl\/wp-json\/wp\/v2\/tags?post=141836"}],"curies":[{"name":"wp","href":"https:\/\/api.w.org\/{rel}","templated":true}]}}