{"id":141868,"date":"2025-12-09T22:01:23","date_gmt":"2025-12-09T22:01:23","guid":{"rendered":"https:\/\/www.europesays.com\/pl\/141868\/"},"modified":"2025-12-09T22:01:23","modified_gmt":"2025-12-09T22:01:23","slug":"ten-smartwatch-moze-byc-hitem-oled-niska-cena-i-mocna-bateria","status":"publish","type":"post","link":"https:\/\/www.europesays.com\/pl\/141868\/","title":{"rendered":"Ten smartwatch mo\u017ce by\u0107 hitem &#8211; OLED, niska cena i mocna bateria"},"content":{"rendered":"<p>W tym roku testowa\u0142em dwa zegarki Amazfit: Active 2 oraz T-Rex 3. Oba w mojej ocenie wypad\u0142y rewelacyjnie. Powiem wi\u0119cej, sta\u0142em si\u0119 pewnego rodzaju fanem marki i czekam na kolejne premiery. Jedna z nich wkr\u00f3tce ma nadej\u015b\u0107 za spraw\u0105 modelu Amazfit Active Max.<\/p>\n<p>    Dalsza cz\u0119\u015b\u0107 tekstu pod wideo<\/p>\n<p>\n                                Amazfit Active Max\n            <\/p>\n<p>Z doniesie\u0144 wynika, \u017ce nowy zegarek b\u0119dzie wyposa\u017cony w 1,5-calowy ekran OLED o rozdzielczo\u015bci 480 \u00d7 480 pikseli, czyli taki sam, jak w modelu T-Rex 3. Dla por\u00f3wnania Active 2 ma 1,32-calowy wy\u015bwietlacz (466 \u00d7 466).<\/p>\n<p>        <img loading=\"lazy\" decoding=\"async\" src=\"https:\/\/www.europesays.com\/pl\/wp-content\/uploads\/2025\/12\/1765221429_173_B32963402.414688363;dc_trk_aid=607216972;dc_trk_cid=228291445;ord=[timestamp];dc_lat=;dc_rdid=;tag_f.gif\" attributionsrc=\"\" border=\"0\" height=\"1\" width=\"1\" alt=\"Advertisement\"\/><\/p>\n<p>        <img decoding=\"async\" src=\"data:image\/png;base64,iVBORw0KGgoAAAANSUhEUgAAAlgAAAGQCAMAAABF6+6qAAAAFXRFWHRDcmVhdGlvbiBUaW1lAAfYBx8NGgTieuHaAAAAB3RJTUUH2AcfDRornKo\/8wAAAAlwSFlzAABcRgAAXEYBFJRDQQAAAANQTFRF\/\/\/\/p8QbyAAAAAF0Uk5TAEDm2GYAAAD\/SURBVHja7cEBDQAAAMKg909tDwcUAAAAAAAAAAAAAAAAAAAAAAAAAAAAAAAAAAAAAAAAAAAAAAAAAAAAAAAAAAAAAAAAAAAAAAAAAAAAAAAAAAAAAAAAAAAAAAAAAAAAAAAAAAAAAAAAAAAAAAAAAAAAAAAAAAAAAAAAAAAAAAAAAAAAAAAAAAAAAAAAAAAAAAAAAAAAAAAAAAAAAAAAAAAAAAAAAAAAAAAAAAAAAAAAAAAAAAAAAAAAAAAAAAAAAAAAAAAAAAAAAAAAAAAAAAAAAAAAAAAAAAAAAAAAAAAAAAAAAAAAAAAAAAAAAAAAAAAAAAAAAAAAAAAAAPBiqz0AAUeOb7kAAAAASUVORK5CYII=\" alt=\"Ten smartwatch mo\u017ce by\u0107 hitem - OLED, niska cena i mocna bateria\" fetchpriority=\"\" data-lazy=\"1\" data-controller=\"lazy-image symfony--ux-lazy-image--lazy-image\" data-symfony--ux-lazy-image--lazy-image-src-value=\"https:\/\/pliki.telepolis.pl\/file\/241954\/original.jpg\" class=\"image\" width=\"100%\" height=\"auto\"\/><\/p>\n<p>Ca\u0142kiem nie\u017ale zapowiada si\u0119 te\u017c bateria o pojemno\u015bci 576 mAh. B\u0119dzie ona sporo wi\u0119ksza ni\u017c w Active 2 (270 mAh), ale jednocze\u015bnie mniejsza ni\u017c w dro\u017cszym Balance 2 (658 mAh).<\/p>\n<p>Poza tym Amazfit Active Max ma mie\u0107 4 GB pami\u0119ci masowej (cz\u0119\u015b\u0107 zajmowana przez system), GPS, Bluetooth 5.3, NFC, wodoodporno\u015b\u0107 do 50 metr\u00f3w, oficjalne wsparcie dla HYROX (nowa, modna dyscyplina sportowa). Ca\u0142o\u015b\u0107 ma dzia\u0142a\u0107 na systemie Zepp OS.<\/p>\n<p>        <img decoding=\"async\" src=\"data:image\/png;base64,iVBORw0KGgoAAAANSUhEUgAAAlgAAAGQCAMAAABF6+6qAAAAFXRFWHRDcmVhdGlvbiBUaW1lAAfYBx8NGgTieuHaAAAAB3RJTUUH2AcfDRornKo\/8wAAAAlwSFlzAABcRgAAXEYBFJRDQQAAAANQTFRF\/\/\/\/p8QbyAAAAAF0Uk5TAEDm2GYAAAD\/SURBVHja7cEBDQAAAMKg909tDwcUAAAAAAAAAAAAAAAAAAAAAAAAAAAAAAAAAAAAAAAAAAAAAAAAAAAAAAAAAAAAAAAAAAAAAAAAAAAAAAAAAAAAAAAAAAAAAAAAAAAAAAAAAAAAAAAAAAAAAAAAAAAAAAAAAAAAAAAAAAAAAAAAAAAAAAAAAAAAAAAAAAAAAAAAAAAAAAAAAAAAAAAAAAAAAAAAAAAAAAAAAAAAAAAAAAAAAAAAAAAAAAAAAAAAAAAAAAAAAAAAAAAAAAAAAAAAAAAAAAAAAAAAAAAAAAAAAAAAAAAAAAAAAAAAAAAAAAAAAAAAAAAAAAAAAPBiqz0AAUeOb7kAAAAASUVORK5CYII=\" alt=\"Ten smartwatch mo\u017ce by\u0107 hitem - OLED, niska cena i mocna bateria\" fetchpriority=\"\" data-lazy=\"1\" data-controller=\"lazy-image symfony--ux-lazy-image--lazy-image\" data-symfony--ux-lazy-image--lazy-image-src-value=\"https:\/\/pliki.telepolis.pl\/file\/241955\/original.jpg\" class=\"image\" width=\"100%\" height=\"auto\"\/><\/p>\n<p>Zegarek ma kosztowa\u0107 oko\u0142o 170 euro. B\u0119dzie go to plasowa\u0107 w dolnej cz\u0119\u015bci oferty Amazfit. Ta\u0144szy b\u0119dzie tylko Active 2 (130 euro). Za to dro\u017csze s\u0105 Balance 2 (300 euro) oraz T-Rex 3 Pro (400 euro).<\/p>\n","protected":false},"excerpt":{"rendered":"W tym roku testowa\u0142em dwa zegarki Amazfit: Active 2 oraz T-Rex 3. Oba w mojej ocenie wypad\u0142y rewelacyjnie.&hellip;\n","protected":false},"author":2,"featured_media":141869,"comment_status":"","ping_status":"","sticky":false,"template":"","format":"standard","meta":{"footnotes":""},"categories":[20],"tags":[18260,28993,120,118,119,42,38,40,39,41,116,114,115,28994,629,25925,121,117],"class_list":{"0":"post-141868","1":"post","2":"type-post","3":"status-publish","4":"format-standard","5":"has-post-thumbnail","7":"category-nauka-i-technika","8":"tag-amazfit","9":"tag-amazfit-active-max","10":"tag-nauka","11":"tag-nauka-i-technika","12":"tag-naukatechnika","13":"tag-pl","14":"tag-poland","15":"tag-polish","16":"tag-polska","17":"tag-polski","18":"tag-science","19":"tag-science-and-technology","20":"tag-sciencetechnology","21":"tag-sportowy-smartwatch","22":"tag-sprzet","23":"tag-tani-smartwatch","24":"tag-technika","25":"tag-technology"},"share_on_mastodon":{"url":"https:\/\/pubeurope.com\/@pl\/115691866602272912","error":""},"_links":{"self":[{"href":"https:\/\/www.europesays.com\/pl\/wp-json\/wp\/v2\/posts\/141868","targetHints":{"allow":["GET"]}}],"collection":[{"href":"https:\/\/www.europesays.com\/pl\/wp-json\/wp\/v2\/posts"}],"about":[{"href":"https:\/\/www.europesays.com\/pl\/wp-json\/wp\/v2\/types\/post"}],"author":[{"embeddable":true,"href":"https:\/\/www.europesays.com\/pl\/wp-json\/wp\/v2\/users\/2"}],"replies":[{"embeddable":true,"href":"https:\/\/www.europesays.com\/pl\/wp-json\/wp\/v2\/comments?post=141868"}],"version-history":[{"count":0,"href":"https:\/\/www.europesays.com\/pl\/wp-json\/wp\/v2\/posts\/141868\/revisions"}],"wp:featuredmedia":[{"embeddable":true,"href":"https:\/\/www.europesays.com\/pl\/wp-json\/wp\/v2\/media\/141869"}],"wp:attachment":[{"href":"https:\/\/www.europesays.com\/pl\/wp-json\/wp\/v2\/media?parent=141868"}],"wp:term":[{"taxonomy":"category","embeddable":true,"href":"https:\/\/www.europesays.com\/pl\/wp-json\/wp\/v2\/categories?post=141868"},{"taxonomy":"post_tag","embeddable":true,"href":"https:\/\/www.europesays.com\/pl\/wp-json\/wp\/v2\/tags?post=141868"}],"curies":[{"name":"wp","href":"https:\/\/api.w.org\/{rel}","templated":true}]}}