{"id":141888,"date":"2025-12-09T22:12:09","date_gmt":"2025-12-09T22:12:09","guid":{"rendered":"https:\/\/www.europesays.com\/pl\/141888\/"},"modified":"2025-12-09T22:12:09","modified_gmt":"2025-12-09T22:12:09","slug":"nowy-sondaz-pis-znowu-traci-duzy-wzrost-dla-partii-grzegorza-brauna","status":"publish","type":"post","link":"https:\/\/www.europesays.com\/pl\/141888\/","title":{"rendered":"Nowy sonda\u017c. PiS znowu traci, du\u017cy wzrost dla partii Grzegorza Brauna"},"content":{"rendered":"<ul class=\"UnorderedList_container__nmfSl\">\n<li class=\"UnorderedList_listElement__Py7xi\" data-id=\"ai-summary-link\">Du\u017co czytania, a ma\u0142o czasu? Sprawd\u017a\u00a0skr\u00f3t\u00a0artyku\u0142u<\/li>\n<\/ul>\n<p class=\"Paragraph_desktopParagraph__U31Gm\">Gdyby wybory do Sejmu odby\u0142y si\u0119 teraz, wygra\u0142aby je Koalicja Obywatelska z wynikiem 32,9 proc. (wzrost o 1,2 pkt proc. w por\u00f3wnaniu z poprzednim sonda\u017cem tej samej pracowni z pocz\u0105tku grudnia).<\/p>\n<p class=\"VideoPlayerText_videoPlayerText__iDwyz\">Dalszy ci\u0105g materia\u0142u pod wideo<\/p>\n<p class=\"Paragraph_desktopParagraph__U31Gm\">Prawo i Sprawiedliwo\u015b\u0107 uplasowa\u0142o si\u0119 na drugim miejscu z poparciem 24,6 proc., co oznacza spadek o 0,5 pkt proc. Trzecia pozycja przypad\u0142a Konfederacji, na kt\u00f3r\u0105 zag\u0142osowa\u0142oby 13,2 proc. respondent\u00f3w, czyli o 1,4 pkt proc. mniej ni\u017c wcze\u015bniej.<\/p>\n<ul class=\"OchatFollowUps_wrapper__1ry7X\">\n<li class=\"OchatFollowUps_item__Dhyly OchatFollowUps_itemDesktop__R6aBv\">Jakie poparcie ma Koalicja Obywatelska?<\/li>\n<li class=\"OchatFollowUps_item__Dhyly OchatFollowUps_itemDesktop__R6aBv\">Jak wypad\u0142o Prawo i Sprawiedliwo\u015b\u0107 w sonda\u017cu?<\/li>\n<li class=\"OchatFollowUps_item__Dhyly OchatFollowUps_itemDesktop__R6aBv\">Ile os\u00f3b popar\u0142o Konfederacj\u0119 Korony Polskiej?<\/li>\n<li class=\"OchatFollowUps_item__Dhyly OchatFollowUps_itemDesktop__R6aBv\">Jakie wyniki uzyska\u0142a Lewica w tym sonda\u017cu?<\/li>\n<\/ul>\n<p>Znacz\u0105cy wzrost poparcia dla Konfederacji Korony Polskiej <\/p>\n<p class=\"Paragraph_desktopParagraph__U31Gm\">Na czwartym miejscu znalaz\u0142a si\u0119 Konfederacja Korony Polskiej. Ugrupowanie Grzegorza Brauna uzyska\u0142o 9,6 proc. poparcia. To wzrost o 3,4 pkt proc. w stosunku do poprzedniego badania.<\/p>\n<p class=\"Paragraph_desktopParagraph__U31Gm\">Lewica, kt\u00f3ra w poprzednich sonda\u017cach utrzymywa\u0142a si\u0119 powy\u017cej progu wyborczego, tym razem uzyska\u0142a 4,7 proc. g\u0142os\u00f3w. Oznacza to spadek o 1,9 pkt proc. i brak szans na wej\u015bcie do Sejmu.<\/p>\n<p class=\"Paragraph_desktopParagraph__U31Gm\">W dalszej cz\u0119\u015bci zestawienia znalaz\u0142y si\u0119: partia Razem z wynikiem 2,5 proc., co oznacza spadek o 2,1 pkt proc., Polskie Stronnictwo Ludowe z poparciem 2,4 proc. (wzrost o 1,2 pkt proc.) oraz Polska 2050, na kt\u00f3r\u0105 wskaza\u0142o 1,8 proc. respondent\u00f3w (spadek o 1 pkt proc.). Opcj\u0119 &#8222;inna partia&#8221; wybra\u0142o 3 proc. ankietowanych<\/p>\n<p class=\"Paragraph_desktopParagraph__U31Gm\">Sonda\u017c zosta\u0142 zrealizowany w dniach 4-7 grudnia na reprezentatywnej pr\u00f3bie 1001 doros\u0142ych Polak\u00f3w. Badanie przeprowadzono metod\u0105 CATI i CAWI, czyli za pomoc\u0105 wywiad\u00f3w telefonicznych wspomaganych komputerowo oraz wywiad\u00f3w internetowych.<\/p>\n","protected":false},"excerpt":{"rendered":"Du\u017co czytania, a ma\u0142o czasu? Sprawd\u017a\u00a0skr\u00f3t\u00a0artyku\u0142u Gdyby wybory do Sejmu odby\u0142y si\u0119 teraz, wygra\u0142aby je Koalicja Obywatelska z&hellip;\n","protected":false},"author":2,"featured_media":141889,"comment_status":"","ping_status":"","sticky":false,"template":"","format":"standard","meta":{"footnotes":""},"categories":[5],"tags":[32,33,36,37,7514,27,67,1119,34,35,4463,28,31,53,25,52,68,51,55,42,38,40,39,41,868,4735,47,1129,29,30,65,50,26],"class_list":{"0":"post-141888","1":"post","2":"type-post","3":"status-publish","4":"format-standard","5":"has-post-thumbnail","7":"category-naglowki","8":"tag-breaking-news","9":"tag-breakingnews","10":"tag-featured-news","11":"tag-featurednews","12":"tag-grzegorz_braun_polityk_rezyser","13":"tag-headlines","14":"tag-intextvideo_splayer","15":"tag-koalicja_obywatelska_ko","16":"tag-latest-news","17":"tag-latestnews","18":"tag-lewica","19":"tag-naglowki","20":"tag-najwazniejsze-artykuly","21":"tag-new_header","22":"tag-news","23":"tag-onet3","24":"tag-onet3d","25":"tag-onet3d_2i","26":"tag-phx","27":"tag-pl","28":"tag-poland","29":"tag-polish","30":"tag-polska","31":"tag-polski","32":"tag-prawo_i_sprawiedliwosc_pis","33":"tag-psl_polskie_stronnictwo_ludowe","34":"tag-screening_general","35":"tag-sondaze_sondaz","36":"tag-top-stories","37":"tag-topstories","38":"tag-update_me","39":"tag-v2021","40":"tag-wiadomosci"},"share_on_mastodon":{"url":"","error":"Validation failed: Text character limit of 500 exceeded"},"_links":{"self":[{"href":"https:\/\/www.europesays.com\/pl\/wp-json\/wp\/v2\/posts\/141888","targetHints":{"allow":["GET"]}}],"collection":[{"href":"https:\/\/www.europesays.com\/pl\/wp-json\/wp\/v2\/posts"}],"about":[{"href":"https:\/\/www.europesays.com\/pl\/wp-json\/wp\/v2\/types\/post"}],"author":[{"embeddable":true,"href":"https:\/\/www.europesays.com\/pl\/wp-json\/wp\/v2\/users\/2"}],"replies":[{"embeddable":true,"href":"https:\/\/www.europesays.com\/pl\/wp-json\/wp\/v2\/comments?post=141888"}],"version-history":[{"count":0,"href":"https:\/\/www.europesays.com\/pl\/wp-json\/wp\/v2\/posts\/141888\/revisions"}],"wp:featuredmedia":[{"embeddable":true,"href":"https:\/\/www.europesays.com\/pl\/wp-json\/wp\/v2\/media\/141889"}],"wp:attachment":[{"href":"https:\/\/www.europesays.com\/pl\/wp-json\/wp\/v2\/media?parent=141888"}],"wp:term":[{"taxonomy":"category","embeddable":true,"href":"https:\/\/www.europesays.com\/pl\/wp-json\/wp\/v2\/categories?post=141888"},{"taxonomy":"post_tag","embeddable":true,"href":"https:\/\/www.europesays.com\/pl\/wp-json\/wp\/v2\/tags?post=141888"}],"curies":[{"name":"wp","href":"https:\/\/api.w.org\/{rel}","templated":true}]}}