{"id":141943,"date":"2025-12-09T22:45:11","date_gmt":"2025-12-09T22:45:11","guid":{"rendered":"https:\/\/www.europesays.com\/pl\/141943\/"},"modified":"2025-12-09T22:45:11","modified_gmt":"2025-12-09T22:45:11","slug":"eurocash-pokazuje-nowa-strategie-stawia-na-franczyze-zwolni-3-tysiace-osob-i-zamknie-150-sklepow-wlasnych-delikatesow-centrum-wiadomosci-handlowe","status":"publish","type":"post","link":"https:\/\/www.europesays.com\/pl\/141943\/","title":{"rendered":"Eurocash pokazuj\u0119 now\u0105 strategi\u0119! Stawia na franczyz\u0119, zwolni 3 tysi\u0105ce os\u00f3b i zamknie 150 sklep\u00f3w w\u0142asnych Delikates\u00f3w Centrum &#8211; Wiadomo\u015bci Handlowe"},"content":{"rendered":"<ol>\n<li><a href=\"https:\/\/news.google.com\/rss\/articles\/CBMilwJBVV95cUxOZDhWMGgzc0lLc2NCWXA1akNFekxXbEV2OEE0bm1xc25wYmpMTmRlMEJsX2ZVX0llZDFSYnBjVDdfSDJqUVo4TGxzZzJTVWFCSFRpa1RhVFRESHFNeEF0X1NzanlKeWk0UW9veXE3MVFnNy1YQkRydDJEaHhGT01VeEo2MmNudXdPb2JWSUFmOGhWUkdoRjdrNGcwSXBLR3dkWlNXLV80cDV1QnhaVEJxajZ5T0lVNmpEakN6QlNLWG1CcVBsaWRqNXJLcTJWTXRkdmI5Zm9adkhEbkgxanV0VkgzMmktdkhxalllZzZwVk1xc29qZkxGeTN6RGhMRUZPcEQ1Z1A4VFdzRHZLalBzWTNKcjBUNlE?oc=5\" target=\"_blank\" rel=\"nofollow noopener\">Eurocash pokazuj\u0119 now\u0105 strategi\u0119! Stawia na franczyz\u0119, zwolni 3 tysi\u0105ce os\u00f3b i zamknie 150 sklep\u00f3w w\u0142asnych Delikates\u00f3w Centrum<\/a>&nbsp;&nbsp;Wiadomo\u015bci Handlowe<\/li>\n<li><a href=\"https:\/\/news.google.com\/rss\/articles\/CBMiiwFBVV95cUxPX1ZMX2EtUkYwOHc5S1YtbTJwM1VjNTFwZ0g2Wm9MX3JhNExMRHFzSGFmeVVWVW8zb1VDcW9lTDJnb05MRTBkZ3pSSl9YWEpSd3lydDJTV1VEZnhRa29Nd3YzWFJJd09paEVyVWF1ME9mNTdoblU1OUhPR3JEODRaM3RINVR3QVp5WEpB?oc=5\" target=\"_blank\" rel=\"nofollow noopener\">Eurocash ma now\u0105 strategi\u0119. Chce rozwin\u0105\u0107 sie\u0107 franczyzow\u0105<\/a>&nbsp;&nbsp;pb.pl<\/li>\n<li><a href=\"https:\/\/news.google.com\/rss\/articles\/CBMiqwFBVV95cUxNTHJoV05yMVlBTnhtZk1mTm1PVk9NOElseFZ2TGlmTHVWa2ZvcHZWYzlHUHF5ckpEaC1QdGxQUnJvUG04QktBVXhBSnlKcGhlUDljSGExQVZwODVHRDRrRTV6Qi1yQnFydDFiRUFGaDFCN2tQNmlveHpfZ3BNSmF3QTNQenIxR1BZUVU1dUVkTloycnZqdWNRblhlRXRHS3VlVFlYZjNDc1A2a28?oc=5\" target=\"_blank\" rel=\"nofollow noopener\">Og\u0142osili powstanie nowej sieci handlowej. Nazwa was zaskoczy<\/a>&nbsp;&nbsp;Fakt<\/li>\n<li><a href=\"https:\/\/news.google.com\/rss\/articles\/CBMivgFBVV95cUxOV3QtdjFMaG5tNGZISWR2VUdFa2hwYjN3TU9FVTBzN3pRNk9yM2s0dURncVljWlY3Q1ZmUnVMQ09sWWxfVUQ0WjlKWWZfcHJNWDl0TTI0UHlQRE01Y0o3MVVOcFV3d2pNVHpfQ3A1d1UyTHFjLS1VMk9ldFBiQTZTeTdXWTVRZlBxUVVmMEJXVldLa0R6ek4tTnhnVWRHYUNSWnpqa0M3RWxCOWZCYXhnUVlJRXd1b1pqcTFQbW1R?oc=5\" target=\"_blank\" rel=\"nofollow noopener\">Eurocash w zw. z realizacj\u0105 strategii zawi\u0105\u017ce rezerw\u0119 w wys. 200-300 mln z\u0142<\/a>&nbsp;&nbsp;strefainwestorow.pl<\/li>\n<li><a href=\"https:\/\/news.google.com\/rss\/articles\/CBMirwFBVV95cUxQZFBFcldTNDBSZk9DRDJQanVHOTdDMDZLMTlNUmN5dmdkQUVzWjhja20wSjRSUjlPOXZ4YXlzLTNja1pGR0tIZ2gyZFJHV1V1emZnQ0ljRExpRGJObzVRejN6dXBvYlFkbC03bTRraG1CbDNoRWZXaVpOWVNndlJIeXdKNHZPdDBaWGNNYnU0cGotdlY0MWYtT0lLektOZFlYZWZjSlJZT3hxeDctZm1r?oc=5\" target=\"_blank\" rel=\"nofollow noopener\">Eurocash tnie koszty i zamknie 150 sklep\u00f3w. 3 tysi\u0105ce os\u00f3b straci prac\u0119<\/a>&nbsp;&nbsp;Biznes Interia<\/li>\n<\/ol>\n","protected":false},"excerpt":{"rendered":"Eurocash pokazuj\u0119 now\u0105 strategi\u0119! Stawia na franczyz\u0119, zwolni 3 tysi\u0105ce os\u00f3b i zamknie 150 sklep\u00f3w w\u0142asnych Delikates\u00f3w Centrum&nbsp;&nbsp;Wiadomo\u015bci&hellip;\n","protected":false},"author":2,"featured_media":141944,"comment_status":"","ping_status":"","sticky":false,"template":"","format":"standard","meta":{"footnotes":""},"categories":[16],"tags":[113,112,25386,28998,28997,42,38,40,39,41],"class_list":{"0":"post-141943","1":"post","2":"type-post","3":"status-publish","4":"format-standard","5":"has-post-thumbnail","7":"category-biznes","8":"tag-biznes","9":"tag-business","10":"tag-eurocash","11":"tag-franczyza","12":"tag-nowa-strategia-eurocash","13":"tag-pl","14":"tag-poland","15":"tag-polish","16":"tag-polska","17":"tag-polski"},"share_on_mastodon":{"url":"https:\/\/pubeurope.com\/@pl\/115692039253654353","error":""},"_links":{"self":[{"href":"https:\/\/www.europesays.com\/pl\/wp-json\/wp\/v2\/posts\/141943","targetHints":{"allow":["GET"]}}],"collection":[{"href":"https:\/\/www.europesays.com\/pl\/wp-json\/wp\/v2\/posts"}],"about":[{"href":"https:\/\/www.europesays.com\/pl\/wp-json\/wp\/v2\/types\/post"}],"author":[{"embeddable":true,"href":"https:\/\/www.europesays.com\/pl\/wp-json\/wp\/v2\/users\/2"}],"replies":[{"embeddable":true,"href":"https:\/\/www.europesays.com\/pl\/wp-json\/wp\/v2\/comments?post=141943"}],"version-history":[{"count":0,"href":"https:\/\/www.europesays.com\/pl\/wp-json\/wp\/v2\/posts\/141943\/revisions"}],"wp:featuredmedia":[{"embeddable":true,"href":"https:\/\/www.europesays.com\/pl\/wp-json\/wp\/v2\/media\/141944"}],"wp:attachment":[{"href":"https:\/\/www.europesays.com\/pl\/wp-json\/wp\/v2\/media?parent=141943"}],"wp:term":[{"taxonomy":"category","embeddable":true,"href":"https:\/\/www.europesays.com\/pl\/wp-json\/wp\/v2\/categories?post=141943"},{"taxonomy":"post_tag","embeddable":true,"href":"https:\/\/www.europesays.com\/pl\/wp-json\/wp\/v2\/tags?post=141943"}],"curies":[{"name":"wp","href":"https:\/\/api.w.org\/{rel}","templated":true}]}}