{"id":141948,"date":"2025-12-09T22:49:11","date_gmt":"2025-12-09T22:49:11","guid":{"rendered":"https:\/\/www.europesays.com\/pl\/141948\/"},"modified":"2025-12-09T22:49:11","modified_gmt":"2025-12-09T22:49:11","slug":"siatkowka-tomasz-fornal-rezygnuje-z-klubu-ujawniono-kulisy-decyzji-gwiazdy","status":"publish","type":"post","link":"https:\/\/www.europesays.com\/pl\/141948\/","title":{"rendered":"Siatk\u00f3wka. Tomasz Fornal rezygnuje z klubu. Ujawniono kulisy decyzji gwiazdy"},"content":{"rendered":"<p class=\"typography ids-typeset-body ids-typeset-body--preset-large link paragraph ids-paragraph ids-paragraph--default\">Tomasz Fornal przez wiele lat by\u0142 czo\u0142ow\u0105 postaci\u0105 PlusLigi i jedn\u0105 z najwi\u0119kszych gwiazd na polskich parkietach. Przyjmuj\u0105cy gra\u0142 dla Czarnych Radom oraz Jastrz\u0119bskiego W\u0119gla. W tym drugim klubie mia\u0142 szans\u0119 wygra\u0107 kilka wa\u017cnych trofe\u00f3w z trzema mistrzostwami Polski na czele. Wydawa\u0142o si\u0119, \u017ce Fornal mo\u017ce by\u0107 zadowolony z pobytu w Jastrz\u0119bskim i jego barwy b\u0119dzie reprezentowa\u0142 d\u0142u\u017cej. Kilka miesi\u0119cy temu sta\u0142o si\u0119 jednak jasne, \u017ce siatkarz zmieni lig\u0119.<\/p>\n<p class=\"typography ids-typeset-body ids-typeset-body--preset-large link paragraph ids-paragraph ids-paragraph--default\"><a href=\"https:\/\/sport.interia.pl\/sportowe-zycie\/news-tak-wyglada-prawda-o-zyciu-fornala-w-turcji-wystarczylo-kilk,nId,22465442\" target=\"_blank\" rel=\"nofollow noopener\">Przed trwaj\u0105cym sezonem Fornal przeni\u00f3s\u0142 si\u0119 do Turcji<\/a>, a konkretnie do Ziraat Bankkart Ankara. Nie od dzi\u015b wiadomo, \u017ce w kraju nad cie\u015bnin\u0105 Bosfor p\u0142aci si\u0119 ogromne pieni\u0105dze siatkarkom i siatkarzom, kt\u00f3rzy cz\u0119sto wybieraj\u0105 ten kierunek w\u0142a\u015bnie ze wzgl\u0119du na finanse. Wed\u0142ug nieoficjalnych wiadomo\u015bci Fornal w Ankarze ma zarabia\u0107 nawet 800 tysi\u0119cy euro za sezon. Do tego maj\u0105 dochodzi\u0107 premie.<\/p>\n<p>Fornal zdecydowa\u0142 si\u0119 na wyjazd z Turcji. Znamy kulisy nag\u0142ej zmiany siatkarza<\/p>\n<p class=\"typography ids-typeset-body ids-typeset-body--preset-large link paragraph ids-paragraph ids-paragraph--default\">Tym bardziej zaskakuj\u0105ce by\u0142y informacje, \u017ce Fornal w Turcji ma sp\u0119dzi\u0107 zaledwie sezon i szybko zrezygnowa\u0107 z pobytu w tamtejszej lidze. Kilka tygodni temu zacz\u0119\u0142y pojawia\u0107 si\u0119 doniesienia, \u017ce przyjmuj\u0105cy rozwa\u017ca powr\u00f3t do PlusLigi. Do kt\u00f3rego klubu? Na razie nie jest to jasne, ale odej\u015bcie Fornala z Ziraat Bankkart wydaje si\u0119 ju\u017c przes\u0105dzone. \u015awiadcz\u0105 o tym s\u0142owa Paw\u0142a Zagumnego oraz Jakuba Malke &#8211; mened\u017cera zawodnika &#8211; kt\u00f3re pad\u0142y w programie &#8222;Misja Sport&#8221;.<\/p>\n<p class=\"typography ids-typeset-body ids-typeset-body--preset-large link paragraph ids-paragraph ids-paragraph--default\">Zdaniem by\u0142ego reprezentanta Polski w siatk\u00f3wce, Fornalowi nie spodoba\u0142o si\u0119 to, jak funkcjonuje klub. &#8222;Nie spodoba\u0142o mu si\u0119 i wraca. To ambitny, pracowity zawodnik. Wybra\u0142 kraj, kt\u00f3ry s\u0142ynie z wysokich kontrakt\u00f3w, ale niekoniecznie z dobrej organizacji wszystkiego wok\u00f3\u0142 i pracowito\u015bci koleg\u00f3w z zespo\u0142u&#8221; &#8211; stwierdzi\u0142 Zagumny. Nieco wi\u0119cej zdradzi\u0142 mened\u017cer przyjmuj\u0105cego.<\/p>\n<p class=\"typography ids-typeset-body ids-typeset-body--preset-large link paragraph ids-paragraph ids-paragraph--default\">&#8222;Tam przegranie jednego seta uznawane jest za pora\u017ck\u0119. P\u0142ac\u0105, wi\u0119c oczekuj\u0105 zwyci\u0119stw do zera. Dru\u017cyna by\u0142a budowana tak, by przed swoj\u0105 publiczno\u015bci\u0105 gra\u0107 o tytu\u0142. Podobn\u0105 sytuacj\u0119 przerabiali\u015bmy kilka lat temu przy Halkbanku&#8221; &#8211; wyjawi\u0142 Malke. Wielu fan\u00f3w polskiej siatk\u00f3wki na pewno wyczekuje, jak potocz\u0105 si\u0119 losy Fornala.<\/p>\n<p>\u0141ukasz \u017bygad\u0142o zdradzi\u0142 kulisy zatrudnienia nowego trenera. &#8222;Rozmowa by\u0142a kr\u00f3tka&#8221;Polsat Sport<\/p>\n<p><img decoding=\"async\" class=\"ids-image-holder__img\" loading=\"lazy\" alt=\"Zawodnik dru\u017cyny siatkarskiej ubrany w zielony str\u00f3j z polsk\u0105 flag\u0105 i logo sponsor\u00f3w, skupiony podczas rozmowy z koleg\u0105 z dru\u017cyny, w tle rozmazani inni zawodnicy.\" title=\"Tomasz Fornal\" width=\"1280\" height=\"853\" src=\"https:\/\/www.europesays.com\/pl\/wp-content\/uploads\/2025\/10\/000LOI3N7SELVK7A-C322-F4.webp.webp\"\/><\/p>\n<p>Tomasz Fornalvolleyball worldmateria\u0142y prasowe<\/p>\n<p><img decoding=\"async\" class=\"ids-image-holder__img\" loading=\"lazy\" alt=\"Dwaj siatkarze w czerwonych koszulkach reprezentacji Polski podczas meczu, jeden z nich z brod\u0105 i blond w\u0142osami patrzy do g\u00f3ry, a drugi zwraca si\u0119 do niego, jakby przekazywa\u0142 wskaz\u00f3wki lub rozmawia\u0142.\" title=\"Tomasz Fornal\" width=\"2000\" height=\"1333\" src=\"https:\/\/www.europesays.com\/pl\/wp-content\/uploads\/2025\/12\/000LFJ8QUX8BVIW4-C322-F4.webp.webp\"\/><\/p>\n<p>Tomasz FornalPiotr MatusewiczEast News<\/p>\n<p><a class=\"ids-undecorated-link source ids-page-info--source__link\" href=\"https:\/\/www.interia.pl\" rel=\"nofollow noopener\" target=\"_blank\"><img decoding=\"async\" class=\"ids-image-holder__img\" loading=\"lazy\" alt=\"\" title=\"\" height=\"24px\" src=\"https:\/\/www.europesays.com\/pl\/wp-content\/uploads\/2025\/12\/1765301954_117_0009A60QQ5I2TYF7-C202-F4.webp.webp\"\/><\/a><\/p>\n<p>Masz sugestie, uwagi albo widzisz b\u0142\u0105d? Napisz do nas<\/p>\n","protected":false},"excerpt":{"rendered":"Tomasz Fornal przez wiele lat by\u0142 czo\u0142ow\u0105 postaci\u0105 PlusLigi i jedn\u0105 z najwi\u0119kszych gwiazd na polskich parkietach. Przyjmuj\u0105cy&hellip;\n","protected":false},"author":2,"featured_media":141949,"comment_status":"","ping_status":"","sticky":false,"template":"","format":"standard","meta":{"footnotes":""},"categories":[24],"tags":[42,38,40,39,41,127,126],"class_list":{"0":"post-141948","1":"post","2":"type-post","3":"status-publish","4":"format-standard","5":"has-post-thumbnail","7":"category-sport","8":"tag-pl","9":"tag-poland","10":"tag-polish","11":"tag-polska","12":"tag-polski","13":"tag-sport","14":"tag-sports"},"share_on_mastodon":{"url":"https:\/\/pubeurope.com\/@pl\/115692055514704837","error":""},"_links":{"self":[{"href":"https:\/\/www.europesays.com\/pl\/wp-json\/wp\/v2\/posts\/141948","targetHints":{"allow":["GET"]}}],"collection":[{"href":"https:\/\/www.europesays.com\/pl\/wp-json\/wp\/v2\/posts"}],"about":[{"href":"https:\/\/www.europesays.com\/pl\/wp-json\/wp\/v2\/types\/post"}],"author":[{"embeddable":true,"href":"https:\/\/www.europesays.com\/pl\/wp-json\/wp\/v2\/users\/2"}],"replies":[{"embeddable":true,"href":"https:\/\/www.europesays.com\/pl\/wp-json\/wp\/v2\/comments?post=141948"}],"version-history":[{"count":0,"href":"https:\/\/www.europesays.com\/pl\/wp-json\/wp\/v2\/posts\/141948\/revisions"}],"wp:featuredmedia":[{"embeddable":true,"href":"https:\/\/www.europesays.com\/pl\/wp-json\/wp\/v2\/media\/141949"}],"wp:attachment":[{"href":"https:\/\/www.europesays.com\/pl\/wp-json\/wp\/v2\/media?parent=141948"}],"wp:term":[{"taxonomy":"category","embeddable":true,"href":"https:\/\/www.europesays.com\/pl\/wp-json\/wp\/v2\/categories?post=141948"},{"taxonomy":"post_tag","embeddable":true,"href":"https:\/\/www.europesays.com\/pl\/wp-json\/wp\/v2\/tags?post=141948"}],"curies":[{"name":"wp","href":"https:\/\/api.w.org\/{rel}","templated":true}]}}