{"id":141970,"date":"2025-12-09T23:10:14","date_gmt":"2025-12-09T23:10:14","guid":{"rendered":"https:\/\/www.europesays.com\/pl\/141970\/"},"modified":"2025-12-09T23:10:14","modified_gmt":"2025-12-09T23:10:14","slug":"artur-boruc-w-przejmujacym-wyznaniu-zaczal-mowic-o-depresji","status":"publish","type":"post","link":"https:\/\/www.europesays.com\/pl\/141970\/","title":{"rendered":"Artur Boruc w przejmuj\u0105cym wyznaniu. Zacz\u0105\u0142 m\u00f3wi\u0107 o depresji"},"content":{"rendered":"<p class=\"article-p\" data-section=\"detail-body\">Artur Boruc na koniec kariery wr\u00f3ci\u0142 do Legii Warszawa. Z zawodow\u0105 pi\u0142k\u0105 na dobre po\u017cegna\u0142 si\u0119 latem 2022 r.<\/p>\n<p class=\"article-p\" data-section=\"detail-body\"><a href=\"https:\/\/sport.fakt.pl\/pilka-nozna\/on-zastapi-marka-papszuna-jego-druzyna-jest-rewelacja-oni-sa-ewenementem\/7h4bdff\" id=\"400dbee4-65fe-4992-bc80-01b502c0d987\" rel=\"nofollow noopener\" target=\"_blank\">Oto nast\u0119pca Marka Papszuna? Jego dru\u017cyna jest rewelacj\u0105. &#8222;Oni s\u0105 ewenementem&#8221;<\/a><\/p>\n<p>        Przejmuj\u0105ce wyznanie Artura Boruca. &#8222;Pojawi\u0142a si\u0119 ma\u0142a depresja&#8221;<\/p>\n<p class=\"article-p\" data-section=\"detail-body\">65-krotny reprezentant Polski w rozmowie z WP Sportowe Fakty wyjawi\u0142, \u017ce pocz\u0105tek sportowej emerytury by\u0142 dla niego trudny. \u2014 Przyznam szczerze, \u017ce inaczej wyobra\u017ca\u0142em sobie przej\u015bcie na emerytur\u0119. Spodziewa\u0142em si\u0119, \u017ce okres przej\u015bciowy b\u0119dzie \u0142atwiejszy. My\u015bla\u0142em, \u017ce po pi\u0142ce b\u0119dzie sielanka. Tymczasem by\u0142em lekko przyduszony przez \u017cycie i sam jestem sobie winien. Mam tu na my\u015bli to, czym si\u0119 zajmowa\u0142em, czyli brak zaj\u0119\u0107. By\u0142o to obci\u0105\u017caj\u0105ce dla mojej g\u0142owy. Mog\u0119 powiedzie\u0107, \u017ce pojawi\u0142a si\u0119 ma\u0142a depresja \u2014 wyzna\u0142 legendarny bramkarz.<\/p>\n<p class=\"article-p\" data-section=\"detail-body\">By\u0142y golkiper przyzna\u0142, \u017ce brak zaj\u0119\u0107 i pomys\u0142u na siebie by\u0142 dla niego ogromnym obci\u0105\u017ceniem psychicznym. \u2014 My\u015bla\u0142em, \u017ce najpierw sobie odpoczn\u0119, p\u00f3\u0142 roku posiedz\u0119 w domu, brzydko m\u00f3wi\u0105c: b\u0119d\u0119 sobie &#8222;pierdzia\u0142 w sto\u0142ek&#8221; i b\u0119dzie fajnie. Troszk\u0119 jednak przestrzeli\u0142em z pomys\u0142em na pierwszy etap emerytury \u2014 wyzna\u0142. Bramkarz zdradzi\u0142, \u017ce pomog\u0142a mu wsp\u00f3\u0142praca z psychologiem.<\/p>\n<p class=\"article-p\" data-section=\"detail-body\">45-latek zdradzi\u0142, \u017ce przyzwyczajenie si\u0119 do nowej rzeczywisto\u015bci zaj\u0119\u0142o mu oko\u0142o roku. Obecnie z rodzin\u0105 mieszka w Hiszpanii i cieszy si\u0119 \u017cyciem. \u2014 Nagle masz du\u017co czasu, nie musisz wstawa\u0107 na trening, odpada ci dyscyplina, codzienna rutyna. Czujesz, jakby\u015b z dnia na dzie\u0144 stawa\u0142 si\u0119 po prostu mniej potrzebny. Ludzie, kt\u00f3rzy interesuj\u0105 si\u0119 sportem, przestaj\u0105 si\u0119 do ciebie odzywa\u0107, dzwoni\u0107. [&#8230;] Nagle ubywa os\u00f3b wok\u00f3\u0142 ciebie. Zainteresowanie twoj\u0105 osob\u0105 topnieje i blednie i tego po prostu brakuje. Do\u015bwiadczy\u0142em tego. Przesta\u0142em czu\u0107 si\u0119 a\u017c tak potrzebny, jak w trakcie kariery \u2014 opowiedzia\u0142 Boruc w rozmowie z WP Sportowe Fakty. <\/p>\n<p class=\"article-p\" data-section=\"detail-body\">\u2014 Wydaje mi si\u0119, \u017ce wyszed\u0142em ju\u017c na prost\u0105. Jestem w momencie, w kt\u00f3rym ciesz\u0119 si\u0119 \u017cyciem na emeryturze. Doceniam czas, kt\u00f3ry sp\u0119dzam z rodzin\u0105, z dzie\u0107mi \u2014 doda\u0142.<\/p>\n<p class=\"article-p\" data-section=\"detail-body\">Boruc w trakcie kariery reprezentowa\u0142 barwy m.in. Legii Warszawa, Celticu Glasgow, czy Bournemouth. Po zawieszeniu but\u00f3w na ko\u0142ek nie porzuci\u0142 futbolu ca\u0142kowicie. Razem z \u0141ukaszem Fabia\u0144skim i Wojciechem Kowalewskim otworzy\u0142 szk\u00f3\u0142k\u0119 bramkarsk\u0105.<\/p>\n<p>        \/3<\/p>\n<p>                    <img decoding=\"async\" class=\"article-image-img\" loading=\"lazy\" alt=\"\" src=\"https:\/\/www.europesays.com\/pl\/wp-content\/uploads\/2025\/12\/gzek9kuTURBXy8zNGI5M2U4OC1jZmZjLTRmNTgtOWFlNS04YjU1NDhjMzg2Y2MuanBlZ5GTAs0DSM0CJN4AAqEwAaExAQ.jpeg\" width=\"840\" height=\"548\"\/><\/p>\n<p>                  \u0141ukasz Sobala \/ Pressfocus<\/p>\n<p class=\"article-gallery-p\">\n        Artur Boruc od 2022 r. jest na sportowej emeryturze.\n    <\/p>\n<p>        \/3<\/p>\n<p>                    <img decoding=\"async\" class=\"article-image-img\" loading=\"lazy\" alt=\"\" src=\"https:\/\/www.europesays.com\/pl\/wp-content\/uploads\/2025\/12\/Quhk9kqTURBXy8xZjhiYTYzMTczMzkxZWIwZTIxMzUxMWNjNjQwN2UyMy5qcGVnkZMCzQNIzQIw3gACoTABoTEB.jpeg\" width=\"840\" height=\"560\"\/><\/p>\n<p>                  Piotr Kucza \/ FOTOPYK<\/p>\n<p class=\"article-gallery-p\">\n        By\u0142y reprezentant Polski opowiedzia\u0142 o trudnych prze\u017cyciach po zako\u0144czeniu kariery.\n    <\/p>\n","protected":false},"excerpt":{"rendered":"Artur Boruc na koniec kariery wr\u00f3ci\u0142 do Legii Warszawa. Z zawodow\u0105 pi\u0142k\u0105 na dobre po\u017cegna\u0142 si\u0119 latem 2022&hellip;\n","protected":false},"author":2,"featured_media":141971,"comment_status":"","ping_status":"","sticky":false,"template":"","format":"standard","meta":{"footnotes":""},"categories":[24],"tags":[42,38,40,39,41,127,126],"class_list":{"0":"post-141970","1":"post","2":"type-post","3":"status-publish","4":"format-standard","5":"has-post-thumbnail","7":"category-sport","8":"tag-pl","9":"tag-poland","10":"tag-polish","11":"tag-polska","12":"tag-polski","13":"tag-sport","14":"tag-sports"},"share_on_mastodon":{"url":"https:\/\/pubeurope.com\/@pl\/115692138002031024","error":""},"_links":{"self":[{"href":"https:\/\/www.europesays.com\/pl\/wp-json\/wp\/v2\/posts\/141970","targetHints":{"allow":["GET"]}}],"collection":[{"href":"https:\/\/www.europesays.com\/pl\/wp-json\/wp\/v2\/posts"}],"about":[{"href":"https:\/\/www.europesays.com\/pl\/wp-json\/wp\/v2\/types\/post"}],"author":[{"embeddable":true,"href":"https:\/\/www.europesays.com\/pl\/wp-json\/wp\/v2\/users\/2"}],"replies":[{"embeddable":true,"href":"https:\/\/www.europesays.com\/pl\/wp-json\/wp\/v2\/comments?post=141970"}],"version-history":[{"count":0,"href":"https:\/\/www.europesays.com\/pl\/wp-json\/wp\/v2\/posts\/141970\/revisions"}],"wp:featuredmedia":[{"embeddable":true,"href":"https:\/\/www.europesays.com\/pl\/wp-json\/wp\/v2\/media\/141971"}],"wp:attachment":[{"href":"https:\/\/www.europesays.com\/pl\/wp-json\/wp\/v2\/media?parent=141970"}],"wp:term":[{"taxonomy":"category","embeddable":true,"href":"https:\/\/www.europesays.com\/pl\/wp-json\/wp\/v2\/categories?post=141970"},{"taxonomy":"post_tag","embeddable":true,"href":"https:\/\/www.europesays.com\/pl\/wp-json\/wp\/v2\/tags?post=141970"}],"curies":[{"name":"wp","href":"https:\/\/api.w.org\/{rel}","templated":true}]}}