{"id":141976,"date":"2025-12-09T23:15:18","date_gmt":"2025-12-09T23:15:18","guid":{"rendered":"https:\/\/www.europesays.com\/pl\/141976\/"},"modified":"2025-12-09T23:15:18","modified_gmt":"2025-12-09T23:15:18","slug":"eksperci-przewiduja-gigantyczna-dziure-w-nfz-zabraknac-ma-setek-miliardow-2","status":"publish","type":"post","link":"https:\/\/www.europesays.com\/pl\/141976\/","title":{"rendered":"Eksperci przewiduj\u0105 gigantyczn\u0105 dziur\u0119 w NFZ. Zabrakn\u0105\u0107 ma setek miliard\u00f3w"},"content":{"rendered":"<ul class=\"UnorderedList_container__nmfSl\">\n<li class=\"UnorderedList_listElement__Py7xi\" data-id=\"ai-summary-link\">Du\u017co czytania, a ma\u0142o czasu? Sprawd\u017a\u00a0skr\u00f3t\u00a0artyku\u0142u<\/li>\n<\/ul>\n<p class=\"Paragraph_desktopParagraph__U31Gm\">Ju\u017c obecnie w kasie Narodowego Funduszu Zdrowia brakuje ogromnych kwot. Wp\u0142ywy ze sk\u0142adek zdrowotnych p\u0142aconych przez Polak\u00f3w nie wystarczaj\u0105 na pokrycie rosn\u0105cych koszt\u00f3w. NFZ w tym roku dosta\u0142 z bud\u017cetu pa\u0144stwa ponad 27 mld z\u0142, a mo\u017cliwe, \u017ce to jeszcze nie koniec dotacji.<\/p>\n<p class=\"Paragraph_desktopParagraph__U31Gm\">Problemy finansowe Funduszu spowodowa\u0142y, \u017ce szpitale w ostatnich miesi\u0105cach roku zacz\u0119\u0142y przek\u0142ada\u0107 planowane przyj\u0119cia. Prezydent Karol Nawrocki zapowiada\u0142, \u017ce w zwi\u0105zku z trudn\u0105 sytuacj\u0105 w ochronie zdrowia <a href=\"https:\/\/wiadomosci.onet.pl\/kraj\/karol-nawrocki-planuje-zwolac-rade-gabinetowa-chodzi-o-sluzbe-zdrowia\/ml2b78l\" id=\"6aa1d7d0-63d5-4407-8632-b5c49a13f952\" rel=\"nofollow noopener\" target=\"_blank\">zwo\u0142a rad\u0119 gabinetow\u0105<\/a>, czyli posiedzenie rz\u0105du pod jego przewodnictwem.<\/p>\n<p class=\"Paragraph_desktopParagraph__U31Gm\">Wed\u0142ug przewidywa\u0144 Ministerstwa Zdrowia <a href=\"https:\/\/www.medonet.pl\/zdrowie\/wiadomosci,nfz-z-deficytem-23-mld-zl-w-2026-r--szykuja-sie-oszczednosci--wiadomo--co-ze-skladka-zdrowotna,artykul,38431522.html\" id=\"3a3e5cfc-27ff-46df-a339-6c7953251c0d\" rel=\"nofollow noopener\" target=\"_blank\">luka w bud\u017cecie NFZ ma wynie\u015b\u0107 w przysz\u0142ym roku 23 mld z\u0142<\/a>, jednak w ostatnim czasie resortowe prognozy okazywa\u0142y si\u0119 niedoszacowane. Premier <a href=\"https:\/\/wiadomosci.onet.pl\/kraj\/skladka-zdrowotna-jest-deklaracja-premiera-donalda-tuska\/h76js4y\" id=\"172b8d39-a4f0-480a-ba09-2d94ef792045\" rel=\"nofollow noopener\" target=\"_blank\">Donald Tusk zapewnia\u0142 na pocz\u0105tku grudnia<\/a>, \u017ce jego rz\u0105d nie zamierza podnosi\u0107 sk\u0142adki zdrowotnej.<\/p>\n<p class=\"VideoPlayerText_videoPlayerText__iDwyz\">Dalszy ci\u0105g materia\u0142u pod wideo<\/p>\n<ul class=\"OchatFollowUps_wrapper__1ry7X\">\n<li class=\"OchatFollowUps_item__Dhyly OchatFollowUps_itemDesktop__R6aBv\">Jakie s\u0105 prognozy dotycz\u0105ce dziury bud\u017cetowej w NFZ?<\/li>\n<li class=\"OchatFollowUps_item__Dhyly OchatFollowUps_itemDesktop__R6aBv\">Kto jest autorem raportu o brakach w NFZ?<\/li>\n<li class=\"OchatFollowUps_item__Dhyly OchatFollowUps_itemDesktop__R6aBv\">Ile brakuje w kasie NFZ w tym roku?<\/li>\n<li class=\"OchatFollowUps_item__Dhyly OchatFollowUps_itemDesktop__R6aBv\">Jakie grupy s\u0105 uwa\u017cane za uprzywilejowane w systemie zdrowia?<\/li>\n<\/ul>\n<p>Dziura na setki miliard\u00f3w <\/p>\n<p class=\"Paragraph_desktopParagraph__U31Gm\">Deficyt b\u0119dzie tylko r\u00f3s\u0142 i to w tempie szybszym ni\u017c przedtem by\u0142o to zak\u0142adane \u2014 ostrzegaj\u0105 specjali\u015bci. Za 15 lat dziura finansowa w NFZ wyniesie 171 mld z\u0142, a w 2060 r. nawet 434 mld z\u0142 \u2014 takie wnioski zawiera najnowszy raport przygotowany przez Narodowy Instytut Zdrowia Publicznego (NIZP) i Federacj\u0119 Przedsi\u0119biorc\u00f3w Polskich (FPP).<\/p>\n<p class=\"Paragraph_desktopParagraph__U31Gm\">\u2014 System staje si\u0119 niewydolny i wymaga sta\u0142ych dop\u0142at z bud\u017cetu \u2014 zaznacza\u0142 podczas prezentacji wylicze\u0144 dyrektor NIZP Bernard Wa\u015bko. \u2014 Ten model jest nie do utrzymania w kolejnych latach. Formu\u0142a si\u0119 wyczerpuje i potrzebujemy pilnych dzia\u0142a\u0144. Nie mamy czasu na dywagacje \u2014 dodawa\u0142 Wojciech Wi\u015bniewski, ekspert do spraw ochrony zdrowia FPP.<\/p>\n<p class=\"Paragraph_desktopParagraph__U31Gm\">Autorzy raportu przypominaj\u0105, \u017ce wed\u0142ug prognoz Polsk\u0119 czekaj\u0105 wielkie zmiany demograficzne. W 2040 r. populacja naszego kraju ma spa\u015b\u0107 do 35,2 mln, a w 2060 r. do zaledwie 30,1 mln ludzi. W ci\u0105gu 35 lat liczba Polak\u00f3w w wieku produkcyjnym, a wi\u0119c tych p\u0142ac\u0105cych sk\u0142adki zdrowotne, ma zmale\u0107 od 25 do nawet 40 proc. Jednocze\u015bnie znacznie wzrosn\u0105\u0107 ma proporcja os\u00f3b w wieku powy\u017cej 75 lat, czyli tych, kt\u00f3re najbardziej potrzebuj\u0105 medycznych \u015bwiadcze\u0144.<\/p>\n<p class=\"Paragraph_desktopParagraph__U31Gm\">Dr hab. Barbara Wi\u0119ckowska, g\u0142\u00f3wny ekonomista Ministerstwa Zdrowia, przyznaje w rozmowie z Onetem, \u017ce szacunki przedstawione w raporcie s\u0105 wiarygodne. Zastrzega jednak, \u017ce dotycz\u0105 one scenariusza, w kt\u00f3rym nie dosz\u0142oby do \u017cadnych zmian. Podkre\u015bla, \u017ce &#8222;ten scenariusz na pewno si\u0119 nie zi\u015bci, bo dzia\u0142ania zostan\u0105 podj\u0119te&#8221;.<\/p>\n<p class=\"Paragraph_desktopParagraph__U31Gm\">Jednocze\u015bnie nie chce odpowiedzie\u0107 na pytanie, ile ostatecznie wyniesie luka finansowa w tym roku i odsy\u0142a nas w tej sprawie do NFZ.<\/p>\n<p>&#8222;Ludzie b\u0119d\u0105 umiera\u0107 jak gwiazdy bluesa w USA&#8221; <\/p>\n<p class=\"Paragraph_desktopParagraph__U31Gm\">Przedstawiony we wtorek raport wskazuje na konieczno\u015b\u0107 ograniczenia koszt\u00f3w, ale te\u017c zwi\u0119kszenia przychod\u00f3w w publicznym systemie. \u2014 Nie b\u0119dziemy w stanie zapewni\u0107 stabilnego finansowania, je\u017celi nadal b\u0119dziemy mie\u0107 du\u017co grup uprzywilejowanych, zwolnionych z p\u0142acenia danin. Dzi\u015b jest ich kilkana\u015bcie. Szczeg\u00f3lnie \u017ce liczba pracuj\u0105cych b\u0119dzie si\u0119 zmniejsza\u0107 \u2014 uwa\u017ca Wojciech Wi\u015bniewski, ekspert FPP i jeden z autor\u00f3w publikacji.<\/p>\n<p class=\"Paragraph_desktopParagraph__U31Gm\">Jakie uprzywilejowane grupy ma na my\u015bli? \u2014 Na przyk\u0142ad rolnik\u00f3w, czy mundurowych, kt\u00f3rzy s\u0105 zwolnieni z p\u0142acenia sk\u0142adek \u2014 odpowiada Wi\u015bniewski. \u2014 Przedsi\u0119biorc\u00f3w tak\u017ce, szczeg\u00f3lnie tych z bardzo wysokimi dochodami. Sprawdzi\u0142bym te\u017c, ile os\u00f3b ubezpieczonych w KRUS naprawd\u0119 prowadzi dzia\u0142alno\u015b\u0107 rolnicz\u0105. My\u015bl\u0119, \u017ce wynik m\u00f3g\u0142by nas zaskoczy\u0107.<\/p>\n<p class=\"Paragraph_desktopParagraph__U31Gm\">\u2014 Pan premier wykluczy\u0142 podniesienie poziomu sk\u0142adki. Ja bym jednak prowadzi\u0142 t\u0119 dyskusj\u0119. \u017beby uzupe\u0142ni\u0107 sam efekt demograficzny, rocznie b\u0119dziemy potrzebowa\u0107 od 2 do 4 mld z\u0142. Sk\u0105d\u015b trzeba je wzi\u0105\u0107 \u2014 m\u00f3wi ekspert Federacji Przedsi\u0119biorc\u00f3w Polskich.<\/p>\n<p class=\"Paragraph_desktopParagraph__U31Gm\">\u2014 W Polsce nie mamy wysokiego poziomu oszcz\u0119dno\u015bci i kapita\u0142u \u2014 dodaje. \u2014 W naszych warunkach ka\u017cdy system inny ni\u017c powszechne ubezpieczenie zdrowotne oznacza, \u017ce ludzie s\u0142absi z niego wypadaj\u0105. I umieraj\u0105 szybciej, jak gwiazdy bluesa w Stanach Zjednoczonych. Pytanie, czy Polacy s\u0105 na tyle niesolidarni ze swoimi wsp\u00f3\u0142obywatelami, \u017ceby do tego doprowadzi\u0107.<\/p>\n<p class=\"Paragraph_desktopParagraph__U31Gm\">Chcesz porozmawia\u0107 z autorem? Napisz: marcin.terlik@redakcjaonet.pl<\/p>\n","protected":false},"excerpt":{"rendered":"Du\u017co czytania, a ma\u0142o czasu? Sprawd\u017a\u00a0skr\u00f3t\u00a0artyku\u0142u Ju\u017c obecnie w kasie Narodowego Funduszu Zdrowia brakuje ogromnych kwot. Wp\u0142ywy ze&hellip;\n","protected":false},"author":2,"featured_media":141977,"comment_status":"","ping_status":"","sticky":false,"template":"","format":"standard","meta":{"footnotes":""},"categories":[12],"tags":[32,33,36,37,27,67,34,35,534,28,31,53,25,814,52,68,51,55,42,38,40,39,41,47,5865,29,30,50,26,253],"class_list":{"0":"post-141976","1":"post","2":"type-post","3":"status-publish","4":"format-standard","5":"has-post-thumbnail","7":"category-polska","8":"tag-breaking-news","9":"tag-breakingnews","10":"tag-featured-news","11":"tag-featurednews","12":"tag-headlines","13":"tag-intextvideo_splayer","14":"tag-latest-news","15":"tag-latestnews","16":"tag-ministerstwo_zdrowia","17":"tag-naglowki","18":"tag-najwazniejsze-artykuly","19":"tag-new_header","20":"tag-news","21":"tag-nfz_narodowy_fundusz_zdrowia","22":"tag-onet3","23":"tag-onet3d","24":"tag-onet3d_2i","25":"tag-phx","26":"tag-pl","27":"tag-poland","28":"tag-polish","29":"tag-polska","30":"tag-polski","31":"tag-screening_general","32":"tag-sluzba_zdrowia_szpital_lekarz_pielegniarka_medycy_ratownicy_polozne","33":"tag-top-stories","34":"tag-topstories","35":"tag-v2021","36":"tag-wiadomosci","37":"tag-zdrowie"},"share_on_mastodon":{"url":"","error":"Validation failed: Text character limit of 500 exceeded"},"_links":{"self":[{"href":"https:\/\/www.europesays.com\/pl\/wp-json\/wp\/v2\/posts\/141976","targetHints":{"allow":["GET"]}}],"collection":[{"href":"https:\/\/www.europesays.com\/pl\/wp-json\/wp\/v2\/posts"}],"about":[{"href":"https:\/\/www.europesays.com\/pl\/wp-json\/wp\/v2\/types\/post"}],"author":[{"embeddable":true,"href":"https:\/\/www.europesays.com\/pl\/wp-json\/wp\/v2\/users\/2"}],"replies":[{"embeddable":true,"href":"https:\/\/www.europesays.com\/pl\/wp-json\/wp\/v2\/comments?post=141976"}],"version-history":[{"count":0,"href":"https:\/\/www.europesays.com\/pl\/wp-json\/wp\/v2\/posts\/141976\/revisions"}],"wp:featuredmedia":[{"embeddable":true,"href":"https:\/\/www.europesays.com\/pl\/wp-json\/wp\/v2\/media\/141977"}],"wp:attachment":[{"href":"https:\/\/www.europesays.com\/pl\/wp-json\/wp\/v2\/media?parent=141976"}],"wp:term":[{"taxonomy":"category","embeddable":true,"href":"https:\/\/www.europesays.com\/pl\/wp-json\/wp\/v2\/categories?post=141976"},{"taxonomy":"post_tag","embeddable":true,"href":"https:\/\/www.europesays.com\/pl\/wp-json\/wp\/v2\/tags?post=141976"}],"curies":[{"name":"wp","href":"https:\/\/api.w.org\/{rel}","templated":true}]}}