{"id":142021,"date":"2025-12-09T23:58:13","date_gmt":"2025-12-09T23:58:13","guid":{"rendered":"https:\/\/www.europesays.com\/pl\/142021\/"},"modified":"2025-12-09T23:58:13","modified_gmt":"2025-12-09T23:58:13","slug":"aborcjonistka-gizela-jagielska-zwolniona-ze-szpitala-w-olesnicy","status":"publish","type":"post","link":"https:\/\/www.europesays.com\/pl\/142021\/","title":{"rendered":"Aborcjonistka Gizela Jagielska zwolniona ze szpitala w Ole\u015bnicy"},"content":{"rendered":"\n<p>&#13;<br \/>\nP\u00f3\u0142 roku temu Gizela Jagielska odesz\u0142a ze\u00a0stanowiska wicedyrektora w\u00a0szpitalu w\u00a0Ole\u015bnicy. Z\u00a0ko\u0144cem grudnia ca\u0142kowicie traci prac\u0119 w\u00a0plac\u00f3wce. Jak powiedzia\u0142a &#8222;Gazecie Wyborczej&#8221;, to\u00a0szpital &#8222;zrezygnowa\u0142 z\u00a0niej&#8221;.  &#13;\n<\/p>\n<p>&#13;<br \/>\n&#8222;Wyborcza&#8221; kreuje aborcjonistk\u0119 na\u00a0bohaterk\u0119. &#8222;Jagielska by\u0142a jedn\u0105 z\u00a0nielicznych lekarek w\u00a0Polsce, kt\u00f3re nie\u00a0ba\u0142y si\u0119 przeprowadza\u0107 aborcji za\u00a0rz\u0105d\u00f3w PiS. Sta\u0142a si\u0119 wrogiem numer jeden dla\u00a0przeciwnik\u00f3w przerywania ci\u0105\u017cy. G\u0142o\u015bno by\u0142o r\u00f3wnie\u017c o\u00a0niej, gdy zaatakowa\u0142 j\u0105 w\u00a0szpitalu Grzegorz Braun, europose\u0142 Konfederacji Korony Polskiej. W\u00a0Powiatowym Zespole Szpitali w\u00a0Ole\u015bnicy pracuje tak\u017ce jej m\u0105\u017c, dr \u0141ukasz Jagielski. Jest ordynatorem oddzia\u0142u po\u0142o\u017cniczo-ginekologicznego. On r\u00f3wnie\u017c musi odej\u015b\u0107&#8221; \u2013\u00a0czytamy.  &#13;\n<\/p>\n<p>Ma\u0142\u017ce\u0144stwo Jagielskich wyrzucone z\u00a0pracy<\/p>\n<p>&#13;<br \/>\n\u2013 31 grudnia ko\u0144cz\u0105 nam si\u0119 kontrakty. Przygotowali\u015bmy oferty, by\u00a0je\u00a0przed\u0142u\u017cy\u0107. Nasi zast\u0119pcy, znaj\u0105c je, przygotowali swoje i\u00a0z\u0142o\u017cyli je\u00a0dyrekcji. Z\u00a0premedytacj\u0105 wysadzili nas w\u00a0ten spos\u00f3b ze\u00a0stanowisk \u2013\u00a0m\u00f3wi Jagielska. W\u0142adze szpitala po\u00a0zapoznaniu si\u0119 z\u00a0ofertami zdecydowa\u0142y, \u017ce\u00a0nie przed\u0142u\u017c\u0105 umowy Jagielskim. Podpisz\u0105 j\u0105 z\u00a0dotychczasowym zast\u0119pc\u0105 kierownika oddzia\u0142u ginekologii i\u00a0zast\u0119pczyni\u0105 koordynatora bloku porodowego. &#13;\n<\/p>\n<p>&#13;<br \/>\n\u2013 Osoby, kt\u00f3re wszystkiego nauczyli\u015bmy, przej\u0119\u0142y to, co\u00a0praktycznie od\u00a0zera tworzyli\u015bmy przez 10 lat \u2013\u00a0m\u00f3wi Jagielska. \u2013\u00a0Sama czego\u015b takiego nigdy bym nie\u00a0zrobi\u0142a. Dlatego zupe\u0142nie mnie to\u00a0zaskoczy\u0142o. Nie\u00a0spodziewa\u0142am si\u0119 ciosu z\u00a0tej strony. By\u0142oby mi \u0142atwiej, gdyby powodem by\u0142a polityka. Nie\u00a0wiem, jaka by\u0142a motywacja tych ludzi. Mo\u017ce kto\u015b ich do\u00a0tego nam\u00f3wi\u0142, ale\u00a0moja zast\u0119pczyni te\u017c masowo wykonywa\u0142a aborcje. Mam nadziej\u0119, \u017ce\u00a0od\u00a01 stycznia rozpoczn\u0119 prac\u0119 w\u00a0innym szpitalu \u2013\u00a0wskazuje.  &#13;\n<\/p>\n<p>&#13;<br \/>\nCzytaj te\u017c:<br \/><a href=\"https:\/\/dorzeczy.pl\/opinie\/747432\/gizela-jagielska-nie-bedzie-dluzej-wicedyrektorem-zmiany-w-szpitalu-w-olesnicy.html\" rel=\"follow nofollow noopener\" data-schema=\"DORZECZY\" data-image=\"https:\/\/img.dorzeczy.pl\/_thumb\/0a\/a8\/373beb959298be98f2e64b53e179.jpeg\" target=\"_blank\">Zmiany w\u00a0szpitalu w\u00a0Ole\u015bnicy. Chodzi o\u00a0Gizel\u0119 Jagielsk\u0105<\/a>Czytaj te\u017c:<br \/><a href=\"https:\/\/dorzeczy.pl\/kraj\/727812\/olesnica-gizela-jagielska-doktor-aborcja.html\" rel=\"follow nofollow noopener\" data-schema=\"DORZECZY\" data-image=\"https:\/\/img.dorzeczy.pl\/_thumb\/81\/a4\/d0eb3719ee2534d96958a4d273e8.jpeg\" target=\"_blank\">Doktor Aborcja<\/a> &#13;<\/p>\n","protected":false},"excerpt":{"rendered":"&#13; P\u00f3\u0142 roku temu Gizela Jagielska odesz\u0142a ze\u00a0stanowiska wicedyrektora w\u00a0szpitalu w\u00a0Ole\u015bnicy. Z\u00a0ko\u0144cem grudnia ca\u0142kowicie traci prac\u0119 w\u00a0plac\u00f3wce. Jak&hellip;\n","protected":false},"author":2,"featured_media":142022,"comment_status":"","ping_status":"","sticky":false,"template":"","format":"standard","meta":{"footnotes":""},"categories":[5],"tags":[4434,32,33,98,36,37,27,29001,49,34,35,28,31,25,103,6854,42,38,40,39,41,29,30,26],"class_list":{"0":"post-142021","1":"post","2":"type-post","3":"status-publish","4":"format-standard","5":"has-post-thumbnail","7":"category-naglowki","8":"tag-aborcja","9":"tag-breaking-news","10":"tag-breakingnews","11":"tag-dorzeczy","12":"tag-featured-news","13":"tag-featurednews","14":"tag-headlines","15":"tag-jagielska","16":"tag-kraj","17":"tag-latest-news","18":"tag-latestnews","19":"tag-naglowki","20":"tag-najwazniejsze-artykuly","21":"tag-news","22":"tag-obserwator-mediow","23":"tag-olesnica","24":"tag-pl","25":"tag-poland","26":"tag-polish","27":"tag-polska","28":"tag-polski","29":"tag-top-stories","30":"tag-topstories","31":"tag-wiadomosci"},"share_on_mastodon":{"url":"https:\/\/pubeurope.com\/@pl\/115692326399197238","error":""},"_links":{"self":[{"href":"https:\/\/www.europesays.com\/pl\/wp-json\/wp\/v2\/posts\/142021","targetHints":{"allow":["GET"]}}],"collection":[{"href":"https:\/\/www.europesays.com\/pl\/wp-json\/wp\/v2\/posts"}],"about":[{"href":"https:\/\/www.europesays.com\/pl\/wp-json\/wp\/v2\/types\/post"}],"author":[{"embeddable":true,"href":"https:\/\/www.europesays.com\/pl\/wp-json\/wp\/v2\/users\/2"}],"replies":[{"embeddable":true,"href":"https:\/\/www.europesays.com\/pl\/wp-json\/wp\/v2\/comments?post=142021"}],"version-history":[{"count":0,"href":"https:\/\/www.europesays.com\/pl\/wp-json\/wp\/v2\/posts\/142021\/revisions"}],"wp:featuredmedia":[{"embeddable":true,"href":"https:\/\/www.europesays.com\/pl\/wp-json\/wp\/v2\/media\/142022"}],"wp:attachment":[{"href":"https:\/\/www.europesays.com\/pl\/wp-json\/wp\/v2\/media?parent=142021"}],"wp:term":[{"taxonomy":"category","embeddable":true,"href":"https:\/\/www.europesays.com\/pl\/wp-json\/wp\/v2\/categories?post=142021"},{"taxonomy":"post_tag","embeddable":true,"href":"https:\/\/www.europesays.com\/pl\/wp-json\/wp\/v2\/tags?post=142021"}],"curies":[{"name":"wp","href":"https:\/\/api.w.org\/{rel}","templated":true}]}}