{"id":142062,"date":"2025-12-10T01:00:21","date_gmt":"2025-12-10T01:00:21","guid":{"rendered":"https:\/\/www.europesays.com\/pl\/142062\/"},"modified":"2025-12-10T01:00:21","modified_gmt":"2025-12-10T01:00:21","slug":"solidarnosc-powolala-sztab-akcji-protestacyjnej-rozpoczynamy-przygotowania-do-ogolnokrajowej-akcji-protestacyjnej","status":"publish","type":"post","link":"https:\/\/www.europesays.com\/pl\/142062\/","title":{"rendered":"Solidarno\u015b\u0107 powo\u0142a\u0142a Sztab Akcji Protestacyjnej. &#8222;Rozpoczynamy przygotowania do og\u00f3lnokrajowej akcji protestacyjnej&#8221;"},"content":{"rendered":"<p>&#8222;W zwi\u0105zku z dramatycznie pogarszaj\u0105c\u0105 si\u0119 sytuacj\u0105 spo\u0142eczno-gospodarcz\u0105 w Polsce oraz brakiem jakiegokolwiek realnego dialogu spo\u0142ecznego ze strony rz\u0105du, Komisja Krajowa NSZZ \u00abSolidarno\u015b\u0107\u00bb podejmuje decyzj\u0119 o rozpocz\u0119ciu przygotowa\u0144 do og\u00f3lnokrajowej akcji protestacyjnej oraz o powo\u0142aniu Sztabu Akcji Protestacyjnej&#8221; \u2013 napisali dzi\u015b cz\u0142onkowie Komisji Krajowej w specjalnym stanowisku.<\/p>\n<p>Co musisz wiedzie\u0107:<\/p>\n<ul>&#13;<\/p>\n<li style=\"margin-bottom: 0cm;\">W Zakopanem trwa posiedzenie Komisji Krajowej NSZZ &#8222;Solidarno\u015b\u0107&#8221;.<\/li>\n<p>&#13;<\/p>\n<li style=\"margin-bottom: 0cm;\">Komisja Krajowa NSZZ &#8222;S&#8221; powo\u0142a\u0142a dzi\u015b Sztab Akcji Protestacyjnej.<\/li>\n<p>&#13;<\/p>\n<li style=\"margin-bottom: 0cm;\">&#8222;W zwi\u0105zku z dramatycznie pogarszaj\u0105c\u0105 si\u0119 sytuacj\u0105 spo\u0142eczno-gospodarcz\u0105 w Polsce oraz brakiem jakiegokolwiek realnego dialogu spo\u0142ecznego ze strony rz\u0105du, Komisja Krajowa NSZZ \u00abSolidarno\u015b\u0107\u00bb podejmuje decyzj\u0119 o rozpocz\u0119ciu przygotowa\u0144 do og\u00f3lnokrajowej akcji protestacyjnej oraz o powo\u0142aniu Sztabu Akcji Protestacyjnej&#8221;\u00a0\u2013 napisali cz\u0142onkowie Komisji Krajowej w specjalnym stanowisku.<\/li>\n<p>&#13;\n<\/ul>\n<p>\u00a0<\/p>\n<p>&#8222;Do obecnego kryzysu zaufania spo\u0142ecznego doprowadzi\u0142 rz\u0105d&#8221;<\/p>\n<p>Podczas dzisiejszego posiedzenia Komisji Krajowej NSZZ &#8222;S&#8221; powo\u0142ano Sztab Akcji Protestacyjnej oraz podj\u0119to decyzj\u0119 o rozpocz\u0119ciu przygotowa\u0144 do og\u00f3lnokrajowej akcji protestacyjnej.<\/p>\n<blockquote><p>&#13;<\/p>\n<p>Narastaj\u0105ca fala zwolnie\u0144 grupowych w wielu bran\u017cach, upad\u0142o\u015bci przedsi\u0119biorstw oraz gwa\u0142towne pogorszenie warunk\u00f3w pracy w kluczowych sektorach gospodarki to bezpo\u015bredni skutek systematycznego ignorowania g\u0142osu pracownik\u00f3w prezentowanego systematycznie przez NSZZ &#8221;Solidarno\u015b\u0107&#8221;<\/p>\n<p>&#13;\n<\/p><\/blockquote>\n<p>\u2013\u00a0napisano w specjalnym stanowisku\u00a0w sprawie dramatycznej sytuacji spo\u0142eczno-gospodarczej w Polsce i powo\u0142ania Sztabu Akcji Protestacyjnej.<\/p>\n<blockquote><p>&#13;<\/p>\n<p>Nale\u017cy jednoznacznie podkre\u015bli\u0107, \u017ce do obecnego kryzysu zaufania spo\u0142ecznego doprowadzi\u0142 rz\u0105d, trwale lekcewa\u017c\u0105c sygna\u0142y p\u0142yn\u0105ce z zak\u0142ad\u00f3w pracy, nie reaguj\u0105c na narastaj\u0105ce problemy, forsuj\u0105c rozwi\u0105zania pog\u0142\u0119biaj\u0105ce kryzys w polskiej gospodarce, stanowi\u0105cy zagro\u017cenie dla wielu tysi\u0119cy pracownik\u00f3w. Polityka obecnego rz\u0105du, od chwili jego powo\u0142ania w dniu 13 grudnia 2023 roku, destabilizuje rynek pracy, os\u0142abia pozycj\u0119 pracownik\u00f3w i podwa\u017ca bezpiecze\u0144stwo pa\u0144stwa poprzez ignorowanie skomplikowanej sytuacji w wielu strategicznych przedsi\u0119biorstwach. Ci\u0105g\u0142e odrzucanie przez rz\u0105d dialogu spo\u0142ecznego stanowi powa\u017cne zagro\u017cenie dla stabilno\u015bci gospodarczej i spo\u0142ecznej Polski<\/p>\n<p>&#13;\n<\/p><\/blockquote>\n<p>\u2013 dodano.<\/p>\n<p>Cz\u0142onkowie Komisji Krajowej NSZZ &#8222;S&#8221; wezwali jednocze\u015bnie rz\u0105d do natychmiastowego podj\u0119cia uczciwych i merytorycznych negocjacji w celu realizacji postulat\u00f3w Zwi\u0105zku, a tak\u017ce do rozpocz\u0119cia realnych rozm\u00f3w bran\u017cowych, regionalnych i zak\u0142adowych w sprawach kluczowych dla poszczeg\u00f3lnych miejsc pracy i sektor\u00f3w polskiej gospodarki. Zaznaczono, \u017ce brak reakcji oraz dalsze procedowanie rozwi\u0105za\u0144 sprzecznych z interesem pracownik\u00f3w b\u0119dzie jednoznacznym potwierdzeniem braku wiarygodno\u015bci rz\u0105du.<\/p>\n<p>\u00a0<\/p>\n<p>Postulaty<\/p>\n<p>Komisja Krajowa NSZZ &#8221;Solidarno\u015b\u0107&#8221; przedstawi\u0142a jednocze\u015bnie postulaty, kt\u00f3rych spe\u0142nienie jest warunkiem zatrzymania akcji protestacyjnej Zwi\u0105zku.\u00a0<\/p>\n<p>Przedstawiciele Solidarno\u015bci za\u017c\u0105dali:<\/p>\n<blockquote><p>&#13;<\/p>\n<p>\u2022 Zahamowania zwolnie\u0144 grupowych w wielu bran\u017cach, w tym w sektorze publicznym i wprowadzenia rozwi\u0105za\u0144 gwarantuj\u0105cych ochron\u0119 miejsc pracy;<\/p>\n<p>&#13;<br \/>\n&#13;<\/p>\n<p>\u2022 Natychmiastowego wycofania si\u0119 z praktyki wypowiadania uk\u0142ad\u00f3w zbiorowych pracy w sp\u00f3\u0142kach Skarbu Pa\u0144stwa oraz wygaszania praw pracowniczych pod pretekstem tzw. reform; ewentualnie: &#8221;dzia\u0142a\u0144 naprawczych&#8221;;<\/p>\n<p>&#13;<br \/>\n&#13;<\/p>\n<p>\u2022 Jednoznacznego odrzucenia przez Polsk\u0119 destrukcyjnej polityki klimatycznej prowadzonej przez Komisj\u0119 Europejsk\u0105, w tym: &#8221;Fit for 55&#8221; oraz system\u00f3w ETS i ETS2, dodatkowo pozbawionych naukowego uzasadnienia, prowadz\u0105cych do upadku polskiego przemys\u0142u, likwidacji tysi\u0119cy miejsc pracy i ub\u00f3stwa polskich pracownik\u00f3w;<\/p>\n<p>&#13;<br \/>\n&#13;<\/p>\n<p>\u2022 Zapewnienia skutecznego wsparcia przedsi\u0119biorstwom w bran\u017cach kluczowych dla bezpiecze\u0144stwa energetycznego i przemys\u0142owego kraju, m.in. w g\u00f3rnictwie, energetyce czy bran\u017cy metalowej, a tak\u017ce wielu innych bran\u017cach, zagro\u017conych polityk\u0105 klimatyczn\u0105 UE;<\/p>\n<p>&#13;<br \/>\n&#13;<\/p>\n<p>\u2022 Rozs\u0105dnego gospodarowania zasobami naturalnymi kraju, w tym prowadzenia sprawdzonej przez wiele lat, popartej wiedz\u0105 naukow\u0105 gospodarki le\u015bnej zapewniaj\u0105cej bezpieczn\u0105 dost\u0119pno\u015b\u0107 teren\u00f3w le\u015bnych dla obywateli i zabezpieczaj\u0105cej dostawy strategicznego surowca dla bran\u017cy drzewnej;<\/p>\n<p>&#13;<br \/>\n&#13;<\/p>\n<p>\u2022 Zapewnienia systemowych rozwi\u0105za\u0144 wypracowanych w rzetelnym dialogu spo\u0142ecznym nie tylko dla pracownik\u00f3w tej bran\u017cy, ale tak\u017ce w celu poprawy dost\u0119pno\u015bci \u015bwiadcze\u0144 medycznych dla pacjent\u00f3w;<\/p>\n<p>&#13;<br \/>\n&#13;<\/p>\n<p>\u2022 Zagwarantowania niezw\u0142ocznej i realnej waloryzacji wynagrodze\u0144 w sektorze finans\u00f3w publicznych, opartej na faktycznych kosztach ponoszonych przez pracownik\u00f3w, a nie na oderwanych od rzeczywisto\u015bci prognozach rz\u0105dowych;<\/p>\n<p>&#13;<br \/>\n&#13;<\/p>\n<p>\u2022 Przywr\u00f3cenia realnego dialogu spo\u0142ecznego na poziomie krajowym, regionalnym, bran\u017cowym i zak\u0142adowym; zako\u0144czenia praktyki jednostronnego narzucania rozwi\u0105za\u0144 oraz przywr\u00f3cenia rzeczywistej roli Rady Dialogu Spo\u0142ecznego;<\/p>\n<p>&#13;<br \/>\n&#13;<\/p>\n<p>\u2022 Rozs\u0105dnego stymulowania rozwoju gospodarczego kraju poprzez m.in.: realne przywr\u00f3cenie i przy\u015bpieszenie realizacji inwestycji strategicznych takich jak Centralny Port Komunikacyjny, elektrownie atomowe, rozbudow\u0119 sieci naftowych i gazowych, portu kontenerowego w \u015awinouj\u015bciu i \u017ceglowno\u015bci Odry. Takie dzia\u0142ania wygeneruj\u0105 nowe miejsca pracy i pobudz\u0105 polski przemys\u0142, co prze\u0142o\u017cy si\u0119 na zwi\u0119kszenie zasobno\u015bci pa\u0144stwa i jego obywateli;<\/p>\n<p>&#13;<br \/>\n&#13;<\/p>\n<p>\u2022 Wstrzymania wdra\u017cania ustaw i rozporz\u0105dze\u0144 uderzaj\u0105cych w bezpiecze\u0144stwo ekonomiczne polskich pracownik\u00f3w i ich rodzin, w tym dzia\u0142a\u0144 podnosz\u0105cych koszty \u017cycia i pracy;<\/p>\n<p>&#13;<br \/>\n&#13;<\/p>\n<p>\u2022 Realizacji szybkiej rozbudowy polskiej armii, z wykorzystaniem polskiego potencja\u0142u produkcyjnego oraz praktycznej realizacji kontrakt\u00f3w na jej uzbrojenie;<\/p>\n<p>&#13;<br \/>\n&#13;<\/p>\n<p>\u2022 Ochrony polskiego rolnictwa przed skutkami zaakceptowanej przez rz\u0105d Donalda Tuska umowy UE\u2013Mercosur oraz umowy UE\u2013Ukraina;<\/p>\n<p>&#13;<br \/>\n&#13;<\/p>\n<p>\u2022 Zabezpieczenie interes\u00f3w polskich przedsi\u0119biorstw i zapewnienie bezpiecze\u0144stwa kraju w kszta\u0142tuj\u0105cej si\u0119 obecnie sytuacji mi\u0119dzynarodowej zmierzaj\u0105cej do zako\u0144czenie wojny w Ukrainie;<\/p>\n<p>&#13;<br \/>\n&#13;<\/p>\n<p>\u2022 Napisali r\u00f3wnie\u017c: &#8221;\u017b\u0105damy kompleksowej reformy finansowania i organizacji edukacji i nauki \u2013 zwi\u0119kszenia nak\u0142ad\u00f3w do poziomu europejskiego. Domagamy si\u0119 wstrzymania chaotycznych, niekonsultowanych zmian podstaw programowych, likwidacji przedmiot\u00f3w i arbitralnych modyfikacji podstaw, a tak\u017ce rezygnacji z ideologicznych rozwi\u0105za\u0144, kt\u00f3re obni\u017caj\u0105 jako\u015b\u0107 kszta\u0142cenia i przeci\u0105\u017caj\u0105 nauczycieli&#8221;.<\/p>\n<p>&#13;\n<\/p><\/blockquote>\n<p>Komisja Krajowa NSZZ &#8221;Solidarno\u015b\u0107&#8221; wezwa\u0142a jednocze\u015bnie wszystkie organizacje zwi\u0105zkowe do bezwzgl\u0119dnego w\u0142\u0105czenia si\u0119 w akcje organizowane przez w\u0142adze krajowe, regionalne i bran\u017cowe NSZZ &#8221;Solidarno\u015b\u0107&#8221;.<\/p>\n<p>\u00a0<\/p>\n<p>Dalsze dzia\u0142ania<\/p>\n<p>Zwi\u0105zkowcy o\u015bwiadczyli, \u017ce w przypadku ignorowania postulat\u00f3w Zwi\u0105zku podj\u0119te zostan\u0105 zdecydowane, og\u00f3lnokrajowe, bran\u017cowe, regionalne i zak\u0142adowe dzia\u0142ania protestacyjne.<\/p>\n<blockquote><p>&#13;<\/p>\n<p>Jednocze\u015bnie upowa\u017cnia Sztab Akcji Protestacyjnej do opracowania harmonogramu protest\u00f3w i jego wdro\u017cenia, je\u015bli rz\u0105d nadal b\u0119dzie unika\u0142 rzeczywistego i konstruktywnego dialogu spo\u0142ecznego, a postulaty Zwi\u0105zku pozostan\u0105 bez satysfakcjonuj\u0105cych rozwi\u0105za\u0144<\/p>\n<p>&#13;\n<\/p><\/blockquote>\n<p>\u2013 podkre\u015blono.<\/p>\n<p><img loading=\"lazy\" decoding=\"async\" height=\"834\" src=\"https:\/\/www.europesays.com\/pl\/wp-content\/uploads\/2025\/12\/1765292713_zrzut-ekranu-2025-12-09-160151.png\" width=\"588\"\/><\/p>\n<p><img loading=\"lazy\" decoding=\"async\" height=\"830\" src=\"https:\/\/www.europesays.com\/pl\/wp-content\/uploads\/2025\/12\/1765292726_zrzut-ekranu-2025-12-09-160203.png\" width=\"585\"\/><\/p>\n<p><img loading=\"lazy\" decoding=\"async\" height=\"833\" src=\"https:\/\/www.europesays.com\/pl\/wp-content\/uploads\/2025\/12\/1765292739_zrzut-ekranu-2025-12-09-160218.png\" width=\"582\"\/><\/p>\n","protected":false},"excerpt":{"rendered":"&#8222;W zwi\u0105zku z dramatycznie pogarszaj\u0105c\u0105 si\u0119 sytuacj\u0105 spo\u0142eczno-gospodarcz\u0105 w Polsce oraz brakiem jakiegokolwiek realnego dialogu spo\u0142ecznego ze strony&hellip;\n","protected":false},"author":2,"featured_media":142063,"comment_status":"","ping_status":"","sticky":false,"template":"","format":"standard","meta":{"footnotes":""},"categories":[12],"tags":[29005,32,33,36,37,27,34,35,28,31,25,42,38,40,39,41,7870,29004,29,30,26],"class_list":{"0":"post-142062","1":"post","2":"type-post","3":"status-publish","4":"format-standard","5":"has-post-thumbnail","7":"category-polska","8":"tag-akcja-protestacyjna","9":"tag-breaking-news","10":"tag-breakingnews","11":"tag-featured-news","12":"tag-featurednews","13":"tag-headlines","14":"tag-latest-news","15":"tag-latestnews","16":"tag-naglowki","17":"tag-najwazniejsze-artykuly","18":"tag-news","19":"tag-pl","20":"tag-poland","21":"tag-polish","22":"tag-polska","23":"tag-polski","24":"tag-solidarnosc","25":"tag-sztab-akcji-protestacyjnej","26":"tag-top-stories","27":"tag-topstories","28":"tag-wiadomosci"},"share_on_mastodon":{"url":"https:\/\/pubeurope.com\/@pl\/115692570325323226","error":""},"_links":{"self":[{"href":"https:\/\/www.europesays.com\/pl\/wp-json\/wp\/v2\/posts\/142062","targetHints":{"allow":["GET"]}}],"collection":[{"href":"https:\/\/www.europesays.com\/pl\/wp-json\/wp\/v2\/posts"}],"about":[{"href":"https:\/\/www.europesays.com\/pl\/wp-json\/wp\/v2\/types\/post"}],"author":[{"embeddable":true,"href":"https:\/\/www.europesays.com\/pl\/wp-json\/wp\/v2\/users\/2"}],"replies":[{"embeddable":true,"href":"https:\/\/www.europesays.com\/pl\/wp-json\/wp\/v2\/comments?post=142062"}],"version-history":[{"count":0,"href":"https:\/\/www.europesays.com\/pl\/wp-json\/wp\/v2\/posts\/142062\/revisions"}],"wp:featuredmedia":[{"embeddable":true,"href":"https:\/\/www.europesays.com\/pl\/wp-json\/wp\/v2\/media\/142063"}],"wp:attachment":[{"href":"https:\/\/www.europesays.com\/pl\/wp-json\/wp\/v2\/media?parent=142062"}],"wp:term":[{"taxonomy":"category","embeddable":true,"href":"https:\/\/www.europesays.com\/pl\/wp-json\/wp\/v2\/categories?post=142062"},{"taxonomy":"post_tag","embeddable":true,"href":"https:\/\/www.europesays.com\/pl\/wp-json\/wp\/v2\/tags?post=142062"}],"curies":[{"name":"wp","href":"https:\/\/api.w.org\/{rel}","templated":true}]}}