{"id":142082,"date":"2025-12-10T01:30:10","date_gmt":"2025-12-10T01:30:10","guid":{"rendered":"https:\/\/www.europesays.com\/pl\/142082\/"},"modified":"2025-12-10T01:30:10","modified_gmt":"2025-12-10T01:30:10","slug":"musialowski-chcial-transferu-do-bayernu-i-city-on-nie-rozumie-pilki","status":"publish","type":"post","link":"https:\/\/www.europesays.com\/pl\/142082\/","title":{"rendered":"Musia\u0142owski chcia\u0142 transferu do Bayernu i City. &#8222;On nie rozumie pi\u0142ki&#8221;"},"content":{"rendered":"<p>Mateuszowi Musia\u0142owskiemu wieszczono spor\u0105 karier\u0119 na\u00a0podstawie jego wyst\u0119p\u00f3w w\u00a0rezerwowych dru\u017cynach Liverpoolu, ale\u00a0nic za\u00a0tym nie\u00a0posz\u0142o, pi\u0142karz obecnie grzeje \u0142awk\u0119 w\u00a0Omonii Nikozja. Do\u00a0sprawy odni\u00f3s\u0142 si\u0119 Cezary Kucharski, kt\u00f3ry\u00a0mia\u0142 go\u00a0reprezentowa\u0107.<\/p>\n<p>By\u0142y agent na\u00a0Wesz\u0142oTV powiedzia\u0142: \u2013 Musia\u0142owski i\u00a0jego rodzina zg\u0142osili si\u0119 do\u00a0mnie, \u017cebym go\u00a0reprezentowa\u0142. Po\u00a0paru rozmowach i\u00a0paru sytuacjach uznali\u015bmy, \u017ce\u00a0to\u00a0nie\u00a0ma\u00a0sensu. Rodzina chce czego\u015b, co\u00a0jest niemo\u017cliwe do\u00a0zrealizowania. Oni wyobra\u017cali sobie, \u017ce\u00a0skoro on\u00a0\u201egra w\u00a0Liverpoolu\u201d, to\u00a0ja\u00a0mu\u00a0zorganizuj\u0119 transfer do\u00a0Bayernu czy\u00a0Manchesteru City. Ja\u00a0go\u00a0przekonywa\u0142em, subtelnie, bo\u00a0on\u00a0by\u0142 bardzo na\u00a0nie, do\u00a0powrotu do\u00a0Polski. On\u00a0potrzebuje trenera, kt\u00f3ry\u00a0go\u00a0zrozumie, kt\u00f3rego\u00a0on\u00a0zrozumie i\u00a0wyt\u0142umaczy mu\u00a0na\u00a0czym polega zawodowa pi\u0142ka.<\/p>\n<p>Niestety zdaniem Kucharskiego 22-latek dalej tego nie\u00a0rozumie: \u2013 On\u00a0my\u015bli, \u017ce\u00a0dalej jest juniorem i\u00a0mo\u017ce tak\u00a0gra\u0107 w\u00a0powa\u017cnym futbolu. Tak\u00a0si\u0119 nie\u00a0gra. To\u00a0nie\u00a0on\u00a0i\u00a0jego rodzina decyduje, jak ma\u00a0gra\u0107 i\u00a0trenowa\u0107, tylko\u00a0trener i\u00a0klub.<\/p>\n<p>Musia\u0142owski przez\u00a0dwa sezony na\u00a0Cyprze rozegra\u0142 15 mecz\u00f3w i\u00a0strzeli\u0142 dwa gole.<\/p>\n<p>CZYTAJ WI\u0118CEJ:                    <\/p>\n","protected":false},"excerpt":{"rendered":"Mateuszowi Musia\u0142owskiemu wieszczono spor\u0105 karier\u0119 na\u00a0podstawie jego wyst\u0119p\u00f3w w\u00a0rezerwowych dru\u017cynach Liverpoolu, ale\u00a0nic za\u00a0tym nie\u00a0posz\u0142o, pi\u0142karz obecnie grzeje \u0142awk\u0119&hellip;\n","protected":false},"author":2,"featured_media":142083,"comment_status":"","ping_status":"","sticky":false,"template":"","format":"standard","meta":{"footnotes":""},"categories":[24],"tags":[1740,29007,42,38,40,39,41,127,126],"class_list":{"0":"post-142082","1":"post","2":"type-post","3":"status-publish","4":"format-standard","5":"has-post-thumbnail","7":"category-sport","8":"tag-cezary-kucharski","9":"tag-mateusz-musialowski","10":"tag-pl","11":"tag-poland","12":"tag-polish","13":"tag-polska","14":"tag-polski","15":"tag-sport","16":"tag-sports"},"share_on_mastodon":{"url":"https:\/\/pubeurope.com\/@pl\/115692688067803925","error":""},"_links":{"self":[{"href":"https:\/\/www.europesays.com\/pl\/wp-json\/wp\/v2\/posts\/142082","targetHints":{"allow":["GET"]}}],"collection":[{"href":"https:\/\/www.europesays.com\/pl\/wp-json\/wp\/v2\/posts"}],"about":[{"href":"https:\/\/www.europesays.com\/pl\/wp-json\/wp\/v2\/types\/post"}],"author":[{"embeddable":true,"href":"https:\/\/www.europesays.com\/pl\/wp-json\/wp\/v2\/users\/2"}],"replies":[{"embeddable":true,"href":"https:\/\/www.europesays.com\/pl\/wp-json\/wp\/v2\/comments?post=142082"}],"version-history":[{"count":0,"href":"https:\/\/www.europesays.com\/pl\/wp-json\/wp\/v2\/posts\/142082\/revisions"}],"wp:featuredmedia":[{"embeddable":true,"href":"https:\/\/www.europesays.com\/pl\/wp-json\/wp\/v2\/media\/142083"}],"wp:attachment":[{"href":"https:\/\/www.europesays.com\/pl\/wp-json\/wp\/v2\/media?parent=142082"}],"wp:term":[{"taxonomy":"category","embeddable":true,"href":"https:\/\/www.europesays.com\/pl\/wp-json\/wp\/v2\/categories?post=142082"},{"taxonomy":"post_tag","embeddable":true,"href":"https:\/\/www.europesays.com\/pl\/wp-json\/wp\/v2\/tags?post=142082"}],"curies":[{"name":"wp","href":"https:\/\/api.w.org\/{rel}","templated":true}]}}