{"id":142088,"date":"2025-12-10T01:37:10","date_gmt":"2025-12-10T01:37:10","guid":{"rendered":"https:\/\/www.europesays.com\/pl\/142088\/"},"modified":"2025-12-10T01:37:10","modified_gmt":"2025-12-10T01:37:10","slug":"relacja-z-trybun-trybuny-w-formie-gra-w-normie-legionisci-com-legia-warszawa","status":"publish","type":"post","link":"https:\/\/www.europesays.com\/pl\/142088\/","title":{"rendered":"Relacja z trybun: Trybuny w formie, gra w &quot;normie&quot; &#8211; Legionisci.com &#8211; Legia Warszawa"},"content":{"rendered":"<ol>\n<li><a href=\"https:\/\/news.google.com\/rss\/articles\/CBMijwFBVV95cUxOc1VSSnJqWWZtS0Rkai1xMGxaQnIwQU1ZVTZFZlV4ZXFubVoyaGxrZVZReVlyaEN4SDB2SEYyU2pKQUlEUzlHS3UzS3hmcXAtSXlRNWh0Sk8wekVaQngzN2l0WnBaQkhQUFlrejM5S24zWDJyUDNpempmRFlnem1FTkQ5N0puOGQtSE1zd1J0bw?oc=5\" target=\"_blank\" rel=\"nofollow noopener\">Relacja z trybun: Trybuny w formie, gra w &#8222;normie&#8221;<\/a>&nbsp;&nbsp;Legionisci.com &#8211; Legia Warszawa<\/li>\n<li><a href=\"https:\/\/news.google.com\/rss\/articles\/CBMiqgFBVV95cUxPTXdwMmFOMG1iMW96SkVMMjdBSy1tbERRcWtEVHFpazNqVC10OGpyTk9lQlN2TGZ6UUlacVdOU2V3cnMwWk9FeXZXQWRvTWlEeUdlMFRkVk5DVkNGYlBjUVE3UEE2Yk9GUXFfU3hnSmVXZGYtVk5IX3VfT0VmS2UzMV90WTd2WWVMWndjazBXQU9vOGhTWTJYbHQ4d3I5MlhoWDBudXVvOFRiQQ?oc=5\" target=\"_blank\" rel=\"nofollow noopener\">Legia Warszawa na dnie tabeli. &#8222;Teraz przynajmniej ma si\u0119 od czego odbi\u0107&#8221;<\/a>&nbsp;&nbsp;Wyborcza.pl<\/li>\n<li><a href=\"https:\/\/news.google.com\/rss\/articles\/CBMixwFBVV95cUxNU3NJWXd5RzZ6TFBLcWpwNWNLLXFUbkR3TVpvQnppbk1kNTVOaUd6UWM1UFNsZ2NkTFBaNjRoOWdMX2hvdVowOUtmMkVOTldCYUJWYlhuRWJrUmx6eFFQMDNLYW1jZFNfZ1l4aHNjelhRa05Kc250UDV2RFBhSXNVRmphdTQ4Y0s3dE9EaV9CZEZKc0kzaVNobnhRZEdETUo1ZE04eEFLeFV1ZzZfTVkwMFIxMGxIWTNsOEo4ZGRFMEVNNUE3b2ln?oc=5\" target=\"_blank\" rel=\"nofollow noopener\">Media ujawniaj\u0105, co pi\u0142karze Legii zrobili dzie\u0144 po pora\u017cce<\/a>&nbsp;&nbsp;SportoweFakty<\/li>\n<li><a href=\"https:\/\/news.google.com\/rss\/articles\/CBMisAFBVV95cUxQRWh6S0VRaEoxbWpONTB2d3EzWDZ3THl2Q2xNX3J2TGtmMkpRMEZkQVJRY3cxU3M3cnRSelpkeWhZelRiVjRfX01vMm5zVXhCcllnRHV5WWdWS0dXUjdiblFMZDhqT3hMUGtKQ1hfNEt4SDJxUUVaeGZMYmkxSHd2OUVjLW9oTS1LVHF1c2IzUXlSb2s1cnEyXzR2bzRUbjJCa2xzUjJqQ0pydHJ4bXBENdIBtgFBVV95cUxOYVY5aFEteHlyS04wbDVWT0tIVVA5S3NfbXZqZExvaGJCZk5maXI4ZV9YeFBYdnVkY00xMkxtdHFWcnBDWlEwWjRGYnhoeGFzUmUtWmZuRFM0aFRlUm5qcTBEZ2pRWFpwRi1QeWRtUElzcmgzbkl1Q3FZSFhjOXlxMGx5d3V1dDUzQWdpQVM4VDBqRGRvbHlBakc1UWpTdnpNblpRenhoVXptcnRpekpzUnRULUMtZw?oc=5\" target=\"_blank\" rel=\"nofollow noopener\">Legia Warszawa ju\u017c spad\u0142a z ligi w 1936 roku. Pi\u0142karzy nazywano&#8230; &#8222;dezerterami&#8221;<\/a>&nbsp;&nbsp;sport.tvp.pl<\/li>\n<li><a href=\"https:\/\/news.google.com\/rss\/articles\/CBMiwwFBVV95cUxOX3dDc2R3Y2ZQWHE3QXNGQjZobjIxak12Z05CZXAtTUlhX0I4MG02cmc4Xy1haUh4VEY3VjhzS2ZGVVpuU3gyaWc0U3pTRElGdU1NUGhaSWtEUkFXMGJ6WWtfb3RXbGtzQ0VHMEVCUmtGZGF5ZXpSM3NxeGJ4TzJGdW9iVnM5OWgtLVdpbXc3TFhrSWRNVmM0cGoxNk5PQk5wbXBmZk5BTl9xbzB2LWlRTS0zNmRaeGEtdmpEbWRZOUREOFU?oc=5\" target=\"_blank\" rel=\"nofollow noopener\">To on jest winowajc\u0105 katastrofy w Legii Warszawa! Jasny wyb\u00f3r<\/a>&nbsp;&nbsp;Przegl\u0105d Sportowy Onet<\/li>\n<\/ol>\n","protected":false},"excerpt":{"rendered":"Relacja z trybun: Trybuny w formie, gra w &#8222;normie&#8221;&nbsp;&nbsp;Legionisci.com &#8211; Legia Warszawa Legia Warszawa na dnie tabeli. &#8222;Teraz&hellip;\n","protected":false},"author":2,"featured_media":142089,"comment_status":"","ping_status":"","sticky":false,"template":"","format":"standard","meta":{"footnotes":""},"categories":[24],"tags":[42,38,40,39,41,127,126],"class_list":{"0":"post-142088","1":"post","2":"type-post","3":"status-publish","4":"format-standard","5":"has-post-thumbnail","7":"category-sport","8":"tag-pl","9":"tag-poland","10":"tag-polish","11":"tag-polska","12":"tag-polski","13":"tag-sport","14":"tag-sports"},"share_on_mastodon":{"url":"https:\/\/pubeurope.com\/@pl\/115692715557620055","error":""},"_links":{"self":[{"href":"https:\/\/www.europesays.com\/pl\/wp-json\/wp\/v2\/posts\/142088","targetHints":{"allow":["GET"]}}],"collection":[{"href":"https:\/\/www.europesays.com\/pl\/wp-json\/wp\/v2\/posts"}],"about":[{"href":"https:\/\/www.europesays.com\/pl\/wp-json\/wp\/v2\/types\/post"}],"author":[{"embeddable":true,"href":"https:\/\/www.europesays.com\/pl\/wp-json\/wp\/v2\/users\/2"}],"replies":[{"embeddable":true,"href":"https:\/\/www.europesays.com\/pl\/wp-json\/wp\/v2\/comments?post=142088"}],"version-history":[{"count":0,"href":"https:\/\/www.europesays.com\/pl\/wp-json\/wp\/v2\/posts\/142088\/revisions"}],"wp:featuredmedia":[{"embeddable":true,"href":"https:\/\/www.europesays.com\/pl\/wp-json\/wp\/v2\/media\/142089"}],"wp:attachment":[{"href":"https:\/\/www.europesays.com\/pl\/wp-json\/wp\/v2\/media?parent=142088"}],"wp:term":[{"taxonomy":"category","embeddable":true,"href":"https:\/\/www.europesays.com\/pl\/wp-json\/wp\/v2\/categories?post=142088"},{"taxonomy":"post_tag","embeddable":true,"href":"https:\/\/www.europesays.com\/pl\/wp-json\/wp\/v2\/tags?post=142088"}],"curies":[{"name":"wp","href":"https:\/\/api.w.org\/{rel}","templated":true}]}}