{"id":142110,"date":"2025-12-10T02:03:08","date_gmt":"2025-12-10T02:03:08","guid":{"rendered":"https:\/\/www.europesays.com\/pl\/142110\/"},"modified":"2025-12-10T02:03:08","modified_gmt":"2025-12-10T02:03:08","slug":"brutalne-morderstwo-46-latki-na-mazowszu-dzieci-zaalarmowaly-policje-onet","status":"publish","type":"post","link":"https:\/\/www.europesays.com\/pl\/142110\/","title":{"rendered":"Brutalne morderstwo 46-latki na Mazowszu. Dzieci zaalarmowa\u0142y policj\u0119 &#8211; Onet"},"content":{"rendered":"<ol>\n<li><a href=\"https:\/\/news.google.com\/rss\/articles\/CBMiyAFBVV95cUxNYUdoNnA5Um5GTnhlc2ViM2JQNV9WWmxMeTJ1elJrMmZlR203SVNjT3g0dXROV1hEclBzU2hxT2xNSkRFNmdOM1BRZE5ZM25aVGI5cV9vejIwaW8zTE9SaEdtXzVqSnp1RXZjUmsyOVo0Z3V1VHkxUWlGakhZTGd2UGYxZm9mNFZXOHBDNzJ3RzFES05GaC13eVYtczJQZnNtSWpHejluT1hpdXowT2xyQjhZdUh0RnpIMGRZTU1KV3RubktncDNqZQ?oc=5\" target=\"_blank\" rel=\"nofollow noopener\">Brutalne morderstwo 46-latki na Mazowszu. Dzieci zaalarmowa\u0142y policj\u0119<\/a>&nbsp;&nbsp;Onet<\/li>\n<li><a href=\"https:\/\/news.google.com\/rss\/articles\/CBMiuwFBVV95cUxQczN1M041MTVpcGxSck1rcFdacUpfdm9LUmhxcEFPQ204VzhWZXhmTlJJRlNhbDRYREpXR1JFbDJjNk1ndUozeEpjU0Z5czZVaHNNenhpRjEyZVVEeXZnQnN0blNYZ2JRTC1nQUttbXp0bkJhRE9TWDdxeG5rSk52aU5UcGJKdkptd2lnd1hKRV8wME5VdjN1UGdpQ1NEUzFTVXdFdHJWZGltT3BtN2xTTEdDdTFkWldUNFFJ?oc=5\" target=\"_blank\" rel=\"nofollow noopener\">Brutalne zab\u00f3jstwo na Mazowszu. Dzieci zaalarmowa\u0142y policj\u0119<\/a>&nbsp;&nbsp;Onet<\/li>\n<li><a href=\"https:\/\/news.google.com\/rss\/articles\/CBMiqAFBVV95cUxOY3RTTXRuZmFjUXRSQUN5V01rQ29fRGNWbExBa1MteGpBYmNnUURFT09DR28zNlRHRkR3R0JtT1JITFo4LWpQakNIM0VZeXhvUlBxRG81SnRWWkhGTFhxQmNNVVJsU3N4LVpSQlV0OUFDOGRCcm4tZm1sQVoxY2QwTW1EemhxZ216WDVRUlNfbG9Wem5zcFVRWjNPalRYV0w3c1I4RkZacFY?oc=5\" target=\"_blank\" rel=\"nofollow noopener\">K\u0142\u00f3tnia z by\u0142\u0105 \u017con\u0105 i \u015bmiertelny cios. 46-latka nie \u017cyje, pomoc wezwa\u0142o dziecko<\/a>&nbsp;&nbsp;TVN24<\/li>\n<li><a href=\"https:\/\/news.google.com\/rss\/articles\/CBMitgFBVV95cUxNNkNWN25VNVhuSFBuWFhiR20wRzBGd0hxU0oxSDd2UGRCVGRQYVNwQnlIQ3VIbjNtMkdzb2xpV284OVlUeU1meVYxZm8wNEFQbDQ3Yk9BUldrdGdMemxaVHlNLXc4VDZoTWhaRF9aeXAxSm5SR1ZGdHk2dFBnSXlzTV9Ec3J3cDJYLVJvU01haWZtdU1melYzZFFDaUlMandaUDBvMjdtaUtIcDZxdFhEMHIydFJWdw?oc=5\" target=\"_blank\" rel=\"nofollow noopener\">Makabra na Mazowszu. Syn zawiadomi\u0142 policj\u0119 o zamordowaniu matki<\/a>&nbsp;&nbsp;RMF24<\/li>\n<li><a href=\"https:\/\/news.google.com\/rss\/articles\/CBMiqwFBVV95cUxORzBRNl9Ud1JfZk5ubkR3NW9xdTdoYjd6eTNITnhBVGpKSGJDbE4xdk9XZGt2MlQ4NEluR1QtdlJmXzh3aXItdHRoZXhIcFoxU29vSXpVQzdSQmRSQmU0b1VfLWtudURmdFNGem8wdl93UTRnR29hWjNyTmNhbHlaQ1QtOWcxUUVsLTZLX29CU0p1akNSN0ZTTzJTR0NudFpYU3hUWWl6LV91YWs?oc=5\" target=\"_blank\" rel=\"nofollow noopener\">Zab\u00f3jstwo pod Pruszkowem. Kobieta nie \u017cyje, zatrzymano by\u0142ego m\u0119\u017ca<\/a>&nbsp;&nbsp;WP Wiadomo\u015bci<\/li>\n<\/ol>\n","protected":false},"excerpt":{"rendered":"Brutalne morderstwo 46-latki na Mazowszu. Dzieci zaalarmowa\u0142y policj\u0119&nbsp;&nbsp;Onet Brutalne zab\u00f3jstwo na Mazowszu. Dzieci zaalarmowa\u0142y policj\u0119&nbsp;&nbsp;Onet K\u0142\u00f3tnia z by\u0142\u0105&hellip;\n","protected":false},"author":2,"featured_media":141802,"comment_status":"","ping_status":"","sticky":false,"template":"","format":"standard","meta":{"footnotes":""},"categories":[12],"tags":[32,33,245,36,37,27,67,34,35,9760,28,31,53,25222,25,52,68,51,55,42,38,251,40,39,41,47,29,30,65,50,26,3459,28947],"class_list":{"0":"post-142110","1":"post","2":"type-post","3":"status-publish","4":"format-standard","5":"has-post-thumbnail","7":"category-polska","8":"tag-breaking-news","9":"tag-breakingnews","10":"tag-dziecko_dzieci_dziecinstwo","11":"tag-featured-news","12":"tag-featurednews","13":"tag-headlines","14":"tag-intextvideo_splayer","15":"tag-latest-news","16":"tag-latestnews","17":"tag-mazowsze","18":"tag-naglowki","19":"tag-najwazniejsze-artykuly","20":"tag-new_header","21":"tag-new_layout_tst2","22":"tag-news","23":"tag-onet3","24":"tag-onet3d","25":"tag-onet3d_2i","26":"tag-phx","27":"tag-pl","28":"tag-poland","29":"tag-policja_policjanci_policjant_policjantka_policjantki","30":"tag-polish","31":"tag-polska","32":"tag-polski","33":"tag-screening_general","34":"tag-top-stories","35":"tag-topstories","36":"tag-update_me","37":"tag-v2021","38":"tag-wiadomosci","39":"tag-zabojstwo_morderstwo_morderstwa_zabojstwa","40":"tag-zona"},"share_on_mastodon":{"url":"","error":"Validation failed: Text character limit of 500 exceeded"},"_links":{"self":[{"href":"https:\/\/www.europesays.com\/pl\/wp-json\/wp\/v2\/posts\/142110","targetHints":{"allow":["GET"]}}],"collection":[{"href":"https:\/\/www.europesays.com\/pl\/wp-json\/wp\/v2\/posts"}],"about":[{"href":"https:\/\/www.europesays.com\/pl\/wp-json\/wp\/v2\/types\/post"}],"author":[{"embeddable":true,"href":"https:\/\/www.europesays.com\/pl\/wp-json\/wp\/v2\/users\/2"}],"replies":[{"embeddable":true,"href":"https:\/\/www.europesays.com\/pl\/wp-json\/wp\/v2\/comments?post=142110"}],"version-history":[{"count":0,"href":"https:\/\/www.europesays.com\/pl\/wp-json\/wp\/v2\/posts\/142110\/revisions"}],"wp:featuredmedia":[{"embeddable":true,"href":"https:\/\/www.europesays.com\/pl\/wp-json\/wp\/v2\/media\/141802"}],"wp:attachment":[{"href":"https:\/\/www.europesays.com\/pl\/wp-json\/wp\/v2\/media?parent=142110"}],"wp:term":[{"taxonomy":"category","embeddable":true,"href":"https:\/\/www.europesays.com\/pl\/wp-json\/wp\/v2\/categories?post=142110"},{"taxonomy":"post_tag","embeddable":true,"href":"https:\/\/www.europesays.com\/pl\/wp-json\/wp\/v2\/tags?post=142110"}],"curies":[{"name":"wp","href":"https:\/\/api.w.org\/{rel}","templated":true}]}}