{"id":142112,"date":"2025-12-10T02:06:17","date_gmt":"2025-12-10T02:06:17","guid":{"rendered":"https:\/\/www.europesays.com\/pl\/142112\/"},"modified":"2025-12-10T02:06:17","modified_gmt":"2025-12-10T02:06:17","slug":"katarzyna-cichopek-na-swiatecznej-kolacji-polsatu-sukienka-z-rozcieciem-zrobila-furore-2","status":"publish","type":"post","link":"https:\/\/www.europesays.com\/pl\/142112\/","title":{"rendered":"Katarzyna Cichopek na \u015bwi\u0105tecznej kolacji Polsatu. Sukienka z rozci\u0119ciem zrobi\u0142a furor\u0119"},"content":{"rendered":"<p class=\"ods-c-paragraph \">\u015awi\u0119ta Bo\u017cego Narodzenia coraz bli\u017cej, a wraz z nimi czas pe\u0142en zawodowych i towarzyskich spotka\u0144 w \u015bwi\u0105tecznej atmosferze. Cho\u0107 za oknami brak \u015bniegu, magia tego okresu wci\u0105\u017c inspiruje do tworzenia wyj\u0105tkowego klimatu. Jak si\u0119 okazuje, dla wielu os\u00f3b wa\u017cny jest tak\u017ce odpowiedni dob\u00f3r stylizacji, co udowodni\u0142a <a href=\"https:\/\/plejada.pl\/temat\/katarzyna-cichopek-aktorka\" id=\"128c642b-9fbe-447c-a03f-e86cfb38c434\" rel=\"nofollow noopener\" target=\"_blank\">Katarzyna Cichopek<\/a>.<\/p>\n<p>Dalszy ci\u0105g artyku\u0142u pod materia\u0142em wideo<\/p>\n<p> Jak\u0105 sukienk\u0119 mia\u0142a na sobie Katarzyna Cichopek? <\/p>\n<p> Jakie dodatki towarzyszy\u0142y stylizacji Cichopek? <\/p>\n<p> Kiedy odby\u0142o si\u0119 \u015bwi\u0105teczne spotkanie Polsatu? <\/p>\n<p> Jakim kolorem charakteryzowa\u0142a si\u0119 sukienka Cichopek? <\/p>\n<p>  Katarzyna Cichopek na \u015bwi\u0105tecznej kolacji Polsatu. Postawi\u0142a na sukni\u0119 z rozci\u0119ciem<\/p>\n<p class=\"ods-c-paragraph \">Katarzyna Cichopek na \u015bwi\u0105teczne spotkanie z Polsatem wybra\u0142a kreacj\u0119, kt\u00f3ra mog\u0142aby \u015bmia\u0142o konkurowa\u0107 z kreacjami z czerwonych dywan\u00f3w. Prezenterka &#8222;Halo tu Polsat&#8221; postawi\u0142a na wieczorow\u0105 sukni\u0119 w modnym odcieniu ciemnego br\u0105zu, okre\u015blanym jako &#8222;dark chocolate&#8221;.<\/p>\n<p class=\"ods-c-paragraph \">Suknia wyr\u00f3\u017cnia\u0142a si\u0119 opi\u0119tym fasonem z d\u0142ugimi r\u0119kawami, p\u00f3\u0142golfem oraz zaostrzon\u0105 lini\u0105 ramion. Uwag\u0119 przykuwa\u0142y tak\u017ce marszczenia, kt\u00f3re zbiegaj\u0105c si\u0119 w materia\u0142owy supe\u0142 na wysoko\u015bci talii, podkre\u015bla\u0142y sylwetk\u0119. Rozci\u0119cie w dolnej cz\u0119\u015bci kreacji nadawa\u0142o sukni lekko\u015bci, eksponuj\u0105c nogi. To klasyczna elegancja w nowoczesnym wydaniu.<\/p>\n<p class=\"ods-c-paragraph \">Stylizacj\u0119 dope\u0142ni\u0142y cz\u00f3\u0142enka na szpilkach z bi\u017cuteryjnym detalem oraz z\u0142ote kolczyki o nietypowym kszta\u0142cie. Katarzyna Cichopek udowodni\u0142a, \u017ce nawet na mniej formalne okazje mo\u017cna postawi\u0107 na szyk, nie trac\u0105c przy tym klasy. W takim wydaniu prezenterka mog\u0142aby bez wahania poprowadzi\u0107 uroczyst\u0105 gal\u0119.<\/p>\n<p class=\"ods-c-paragraph \">Zobaczcie, jak si\u0119 prezentowa\u0142a.<\/p>\n<p><img decoding=\"async\" src=\"https:\/\/www.europesays.com\/pl\/wp-content\/uploads\/2025\/12\/_vik9lBaHR0cHM6Ly9vY2RuLmV1L3B1bHNjbXMvTURBXy8yNmY5MzYxMmU3YmVhOTk2YzI0MmE2NjRmOWY1MGJlNC5qcGeRlQLNA.jpeg\" height=\"529\" width=\"940\" alt=\"Katarzyna Cichopek\" loading=\"lazy\" class=\"ods-c-image__img ods-c-image__img--vertical\"\/><\/p>\n<p>Katarzyna Cichopekinstagram.com\/katarzynacichopek\/<\/p>\n<p> <img decoding=\"async\" src=\"https:\/\/www.europesays.com\/pl\/wp-content\/uploads\/2025\/12\/gWBk9lBaHR0cHM6Ly9vY2RuLmV1L3B1bHNjbXMvTURBXy83NWJjYWE5M2IyOTQ0NGFjNjU5OTlhMjUwNjQyYTZiYi5qcGeRlQLNA.jpeg\" height=\"529\" width=\"940\" alt=\"Katarzyna Cichopek\" loading=\"lazy\" class=\"ods-c-image__img ods-c-image__img--vertical\"\/><\/p>\n<p>Katarzyna Cichopekinstagram.com\/katarzynacichopek\/<\/p>\n<p> <img decoding=\"async\" src=\"https:\/\/www.europesays.com\/pl\/wp-content\/uploads\/2025\/12\/fmak9lBaHR0cHM6Ly9vY2RuLmV1L3B1bHNjbXMvTURBXy84N2NiZDc0ZGQ1MmVlMWE0NjBmYzE4ZjUwNTI4YWYzMC5qcGeRlQLNA.jpeg\" height=\"529\" width=\"940\" alt=\"Maciej Kurzajewski, Katarzyna Cichopek\" loading=\"lazy\" class=\"ods-c-image__img ods-c-image__img--vertical\"\/><\/p>\n<p>Maciej Kurzajewski, Katarzyna Cichopekinstagram.com\/katarzynacichopek\/<\/p>\n<p class=\"ods-c-paragraph \">Dzi\u0119kujemy, \u017ce przeczyta\u0142a\u015b\/e\u015b nasz artyku\u0142 do ko\u0144ca. W serwisie Plejada.pl ka\u017cdego dnia piszemy o najwa\u017cniejszych wydarzeniach show-biznesowych. B\u0105d\u017a na bie\u017c\u0105co! <a rel=\"nofollow noopener\" href=\"https:\/\/profile.google.com\/cp\/Cg0vZy8xMWJ6X19wdHBx\" id=\"16b444c4-469e-4c42-a688-01dfc39148bf\" target=\"_blank\">Obserwuj<\/a> Plejad\u0119 w Wiadomo\u015bciach Google. Odwied\u017a nas tak\u017ce na <a rel=\"nofollow noopener\" href=\"https:\/\/www.facebook.com\/plejadapl\" id=\"d79d97a8-84f3-42c7-b234-d037e23c0cfc\" target=\"_blank\">Facebooku<\/a>, <a rel=\"nofollow noopener\" href=\"https:\/\/www.instagram.com\/plejadapl\/\" id=\"600a74e8-d54b-4342-9278-4330d19b8716\" target=\"_blank\">Instagramie<\/a>, <a rel=\"nofollow noopener\" href=\"https:\/\/www.youtube.com\/c\/plejada\" id=\"e693a7cf-97a8-4551-ae84-b26eb8428565\" target=\"_blank\">YouTube<\/a> oraz <a rel=\"nofollow noopener\" href=\"https:\/\/www.tiktok.com\/@plejada_pl\" id=\"89843eeb-07df-4055-938d-e625eb74603b\" target=\"_blank\">TikToku<\/a>.<\/p>\n<p class=\"ods-c-paragraph \">Chcesz podzieli\u0107 si\u0119 ciekawym newsem lub zaproponowa\u0107 temat? Skontaktuj si\u0119 z nami, pisz\u0105c e-maila na adres: <a rel=\"nofollow noopener\" href=\"https:\/\/plejada.pl\/newsy\/katarzyna-cichopek-na-swiatecznej-kolacji-polsatu-sukienka-z-rozcieciem-zrobila\/mailto:plejada@redakcjaonet.pl\" id=\"c6b28b9e-7b78-44b5-9ae6-05469c9d4d38\" target=\"_blank\">plejada@redakcjaonet.pl<\/a>.<\/p>\n<p><script async src=\"\/\/www.instagram.com\/embed.js\"><\/script><script async src=\"\/\/www.tiktok.com\/embed.js\"><\/script><\/p>\n","protected":false},"excerpt":{"rendered":"\u015awi\u0119ta Bo\u017cego Narodzenia coraz bli\u017cej, a wraz z nimi czas pe\u0142en zawodowych i towarzyskich spotka\u0144 w \u015bwi\u0105tecznej atmosferze.&hellip;\n","protected":false},"author":2,"featured_media":142113,"comment_status":"","ping_status":"","sticky":false,"template":"","format":"standard","meta":{"footnotes":""},"categories":[22],"tags":[122,5649,48,125,46,42,38,40,39,41,25865,123,47],"class_list":{"0":"post-142112","1":"post","2":"type-post","3":"status-publish","4":"format-standard","5":"has-post-thumbnail","7":"category-rozrywka","8":"tag-entertainment","9":"tag-katarzyna_cichopek","10":"tag-nat_styl","11":"tag-newsy","12":"tag-omp","13":"tag-pl","14":"tag-poland","15":"tag-polish","16":"tag-polska","17":"tag-polski","18":"tag-rebrand_ai_tst0","19":"tag-rozrywka","20":"tag-screening_general"},"share_on_mastodon":{"url":"https:\/\/pubeurope.com\/@pl\/115692829922486782","error":""},"_links":{"self":[{"href":"https:\/\/www.europesays.com\/pl\/wp-json\/wp\/v2\/posts\/142112","targetHints":{"allow":["GET"]}}],"collection":[{"href":"https:\/\/www.europesays.com\/pl\/wp-json\/wp\/v2\/posts"}],"about":[{"href":"https:\/\/www.europesays.com\/pl\/wp-json\/wp\/v2\/types\/post"}],"author":[{"embeddable":true,"href":"https:\/\/www.europesays.com\/pl\/wp-json\/wp\/v2\/users\/2"}],"replies":[{"embeddable":true,"href":"https:\/\/www.europesays.com\/pl\/wp-json\/wp\/v2\/comments?post=142112"}],"version-history":[{"count":0,"href":"https:\/\/www.europesays.com\/pl\/wp-json\/wp\/v2\/posts\/142112\/revisions"}],"wp:featuredmedia":[{"embeddable":true,"href":"https:\/\/www.europesays.com\/pl\/wp-json\/wp\/v2\/media\/142113"}],"wp:attachment":[{"href":"https:\/\/www.europesays.com\/pl\/wp-json\/wp\/v2\/media?parent=142112"}],"wp:term":[{"taxonomy":"category","embeddable":true,"href":"https:\/\/www.europesays.com\/pl\/wp-json\/wp\/v2\/categories?post=142112"},{"taxonomy":"post_tag","embeddable":true,"href":"https:\/\/www.europesays.com\/pl\/wp-json\/wp\/v2\/tags?post=142112"}],"curies":[{"name":"wp","href":"https:\/\/api.w.org\/{rel}","templated":true}]}}