{"id":142156,"date":"2025-12-10T03:16:31","date_gmt":"2025-12-10T03:16:31","guid":{"rendered":"https:\/\/www.europesays.com\/pl\/142156\/"},"modified":"2025-12-10T03:16:31","modified_gmt":"2025-12-10T03:16:31","slug":"debska-grochowska-gessler-gwiazdy-zachwycily-na-pokazie-gosi-baczynskiej-2","status":"publish","type":"post","link":"https:\/\/www.europesays.com\/pl\/142156\/","title":{"rendered":"D\u0119bska, Grochowska, Gessler. Gwiazdy zachwyci\u0142y na pokazie Gosi Baczy\u0144skiej"},"content":{"rendered":"<p class=\"Paragraph_desktopParagraph__U31Gm\">&#8222;Fashion Christmas Party&#8221; to wi\u0119cej ni\u017c pokaz mody. Wydarzenie rozpocz\u0119\u0142o si\u0119 od mini koncertu kol\u0119d. Ch\u00f3r wprowadzi\u0142 go\u015bci w \u015bwi\u0105teczny klimat. A dopiero po wyst\u0119pie na wybiegu, kt\u00f3ry ustawiono w samym centrum przestrzeni, pojawi\u0142y si\u0119 modelki oraz modele ubrani w najnowsze propozycje Gosi Baczy\u0144skiej. Co ciekawe, zgromadzone na miejscu gwiazdy, dziennikarze oraz przyjaciele marki nie podziwiali ich z krzese\u0142 ustawionych w liczne rz\u0119dy, ale \u2014 po prostu \u2014 stoj\u0105c wok\u00f3\u0142 specjalnej platformy. Jak na przyj\u0119ciu u dobrej przyjaci\u00f3\u0142ki.<\/p>\n<p class=\"VideoPlayerText_videoPlayerText__iDwyz\">Dalszy ci\u0105g materia\u0142u pod wideo<\/p>\n<ul class=\"OchatFollowUps_wrapper__1ry7X\">\n<li class=\"OchatFollowUps_item__Dhyly OchatFollowUps_itemDesktop__R6aBv\">Jakie by\u0142o g\u0142\u00f3wne wydarzenie podczas Fashion Christmas Party?<\/li>\n<li class=\"OchatFollowUps_item__Dhyly OchatFollowUps_itemDesktop__R6aBv\">Kt\u00f3re gwiazdy pojawi\u0142y si\u0119 na pokazie Gosi Baczy\u0144skiej?<\/li>\n<li class=\"OchatFollowUps_item__Dhyly OchatFollowUps_itemDesktop__R6aBv\">Co rozpocz\u0119\u0142o wydarzenie Fashion Christmas Party?<\/li>\n<li class=\"OchatFollowUps_item__Dhyly OchatFollowUps_itemDesktop__R6aBv\">Jakie stylizacje mia\u0142y gwiazdy podczas pokazu?<\/li>\n<\/ul>\n<p>Gwiazdy na pokazie Gosi Baczy\u0144skiej <\/p>\n<p class=\"Paragraph_desktopParagraph__U31Gm\">A skoro mowa o gwiazdach: Agnieszka Grochowska pojawi\u0142a si\u0119 na wydarzeniu w srebrnej sukni, kt\u00f3ra przyci\u0105gn\u0119\u0142a wzrok fotoreporter\u00f3w, jak r\u00f3wnie\u017c go\u015bci. Lara Gessler postawi\u0142a na r\u00f3\u017c. Natomiast Monika Olejnik na cekiny.<\/p>\n<p class=\"Paragraph_desktopParagraph__U31Gm\">Maria D\u0119bska te\u017c zachwyci\u0142a. Aktorka zestawi\u0142a top i sp\u00f3dniczk\u0119 mini z najmodniejsz\u0105 w tym sezonie kurtk\u0105 sk\u00f3rzan\u0105 w odcieniu czekoladowego br\u0105zu. Sw\u00f3j look uzupe\u0142ni\u0142a o kozaki na obcasie, czyli kolejny hit tego sezonu.<\/p>\n<p class=\"Paragraph_desktopParagraph__U31Gm\">Udzia\u0142 w &#8222;Fashion Christmas Party&#8221; wzi\u0119li r\u00f3wnie\u017c Dawid Woli\u0144ski, Marcin Tyszka, Weronika Ksi\u0105\u017ckiewicz, Maria Sadowska, Ilona Ostrowska, Mateusz Banasiuk czy Joanna Horody\u0144ska. Niekt\u00f3rzy zaskoczyli stylizacjami.<\/p>\n<p><img decoding=\"async\" class=\"Image_image__0tuHp Image_autoHeight__f2n87 \" height=\"720\" width=\"480\" src=\"https:\/\/www.europesays.com\/pl\/wp-content\/uploads\/2025\/12\/yW6k9kpTURBXy8zYWRiZWJmYzgyZDE5OTNkYWQxZmE1NmFkNWI1OTZjNC5qcGeSlQLNAjwAwsOVAgDNAtDCw94AA6EwAaExAaEzw.jpeg\" alt=\"akpa20251208 christmasparty jk 9453\" loading=\"lazy\" \/>Jacek Kurnikowski \/ AKPA<img decoding=\"async\" class=\"Image_image__0tuHp Image_autoHeight__f2n87 \" height=\"720\" width=\"480\" src=\"https:\/\/www.europesays.com\/pl\/wp-content\/uploads\/2025\/12\/gp3k9kpTURBXy83YzY1OTNmNjY0ZTFkMTkzYTFhODdiYzdkYjE5MzVmMi5qcGeSlQLNAjwAwsOVAgDNAtDCw94AA6EwAaExAaEzw.jpeg\" alt=\"Maria D\u0119bska\" loading=\"lazy\" \/>Jacek Kurnikowski \/ AKPA<\/p>\n","protected":false},"excerpt":{"rendered":"&#8222;Fashion Christmas Party&#8221; to wi\u0119cej ni\u017c pokaz mody. Wydarzenie rozpocz\u0119\u0142o si\u0119 od mini koncertu kol\u0119d. Ch\u00f3r wprowadzi\u0142 go\u015bci&hellip;\n","protected":false},"author":2,"featured_media":142157,"comment_status":"","ping_status":"","sticky":false,"template":"","format":"standard","meta":{"footnotes":"","_share_on_mastodon":"0"},"categories":[22],"tags":[27262,122,15980,67,9861,15638,922,13707,53,52,68,51,55,42,13447,38,40,39,41,123,47,196,65,50],"class_list":["post-142156","post","type-post","status-publish","format-standard","has-post-thumbnail","category-rozrywka","tag-agnieszka_grochowska","tag-entertainment","tag-gosia_baczynska","tag-intextvideo_splayer","tag-lara_gessler","tag-maria_debska_aktorka","tag-moda_pokazy_mody_ubrania_design","tag-monika_olejnik","tag-new_header","tag-onet3","tag-onet3d","tag-onet3d_2i","tag-phx","tag-pl","tag-pokaz_mody","tag-poland","tag-polish","tag-polska","tag-polski","tag-rozrywka","tag-screening_general","tag-styl_zycia","tag-update_me","tag-v2021"],"share_on_mastodon":{"url":"https:\/\/pubeurope.com\/@pl\/115693105080272060","error":""},"_links":{"self":[{"href":"https:\/\/www.europesays.com\/pl\/wp-json\/wp\/v2\/posts\/142156","targetHints":{"allow":["GET"]}}],"collection":[{"href":"https:\/\/www.europesays.com\/pl\/wp-json\/wp\/v2\/posts"}],"about":[{"href":"https:\/\/www.europesays.com\/pl\/wp-json\/wp\/v2\/types\/post"}],"author":[{"embeddable":true,"href":"https:\/\/www.europesays.com\/pl\/wp-json\/wp\/v2\/users\/2"}],"replies":[{"embeddable":true,"href":"https:\/\/www.europesays.com\/pl\/wp-json\/wp\/v2\/comments?post=142156"}],"version-history":[{"count":0,"href":"https:\/\/www.europesays.com\/pl\/wp-json\/wp\/v2\/posts\/142156\/revisions"}],"wp:featuredmedia":[{"embeddable":true,"href":"https:\/\/www.europesays.com\/pl\/wp-json\/wp\/v2\/media\/142157"}],"wp:attachment":[{"href":"https:\/\/www.europesays.com\/pl\/wp-json\/wp\/v2\/media?parent=142156"}],"wp:term":[{"taxonomy":"category","embeddable":true,"href":"https:\/\/www.europesays.com\/pl\/wp-json\/wp\/v2\/categories?post=142156"},{"taxonomy":"post_tag","embeddable":true,"href":"https:\/\/www.europesays.com\/pl\/wp-json\/wp\/v2\/tags?post=142156"}],"curies":[{"name":"wp","href":"https:\/\/api.w.org\/{rel}","templated":true}]}}