{"id":142212,"date":"2025-12-10T05:07:06","date_gmt":"2025-12-10T05:07:06","guid":{"rendered":"https:\/\/www.europesays.com\/pl\/142212\/"},"modified":"2025-12-10T05:07:06","modified_gmt":"2025-12-10T05:07:06","slug":"jesli-klub-ekstraklasy-sie-na-to-zgodzi-dostanie-astronomiczne-pieniadze-przeglad-sportowy-onet","status":"publish","type":"post","link":"https:\/\/www.europesays.com\/pl\/142212\/","title":{"rendered":"Je\u015bli klub Ekstraklasy si\u0119 na to zgodzi, dostanie astronomiczne pieni\u0105dze &#8211; Przegl\u0105d Sportowy Onet"},"content":{"rendered":"<ol>\n<li><a href=\"https:\/\/news.google.com\/rss\/articles\/CBMi0wFBVV95cUxPSlNuVjFmUlkweV9pUXEyZ3RSMkszbk9hbjlPWFoxREd2OHpkamZlWWMyRmVNdXBtRXRBZmgzM2pXNWVZUVhOMEdUdXdaWHhPTjE0MjlxTnFpenFiMHZiRVFydUM2Wl9OaTdzNktULXYtcXNJck9abVo0bDFvN1NDQ3pXbGY3OXpWWG5RakY0Yi1Tb0dlMVRfV2UxY0ZXMER3Nk1rVmJBcVBlWjkwaGtIajJNcFNGcWhJWHZPLWI5dTNfdm1mWGxTTjdtVi13QmxXbjI0?oc=5\" target=\"_blank\" rel=\"nofollow noopener\">Je\u015bli klub Ekstraklasy si\u0119 na to zgodzi, dostanie astronomiczne pieni\u0105dze<\/a>&nbsp;&nbsp;Przegl\u0105d Sportowy Onet<\/li>\n<li><a href=\"https:\/\/news.google.com\/rss\/articles\/CBMiugFBVV95cUxNblFCc1kxVlhlV1p2QjM2cUd5YnBwZHJWeXBGeDA4b0hsdWcyQUl5Y0Y4X0hUTkQwYUlXT2x6b2pmbmRIVmRTdzkyRDA2Wm9CaVcxZ0Y1TXVvZk9YQk1yak9ZUjk2eGhYTGw2Rm5KOVFfUEhRWDRsYjVqRFV6MzhJOXRjUzQ1TTN0VmtBckdzWG9HTFpHTkVUOWZHeWdHY1V6YjQxeG10R0lSeWhRTUd2QmM5ak1yUVdzS1E?oc=5\" target=\"_blank\" rel=\"nofollow noopener\">Bobcek za co najmniej 5 mln euro, ca\u0142a Lechia w g\u00f3r\u0119<\/a>&nbsp;&nbsp;Gda\u0144sk &#8211; oficjalny portal miasta<\/li>\n<li><a href=\"https:\/\/news.google.com\/rss\/articles\/CBMiiAFBVV95cUxOVkxCQllKTHlpWTZSZkNLQm1MRWYxQWV1cFVRbFdNSzlMeDh3bjd2U0lQb0hBM3JmazYyaWRTWnZCSmZpeVFWZkpYQkNUTEhZYnlTU3BNU1hvVTE1SG1GdHVzQUlQZzY1TzlDQndDTlJOM0hTNl84Nkp1cDBBOGhjNHRESWJya1R2?oc=5\" target=\"_blank\" rel=\"nofollow noopener\">\u0141owca dublet\u00f3w. Pierwsza taka seria<\/a>&nbsp;&nbsp;Ekstraklasa<\/li>\n<li><a href=\"https:\/\/news.google.com\/rss\/articles\/CBMifkFVX3lxTE1tbHRrS1lwaU1HZTBkRzc4YzdnVlNsVjhlTDFQQlZsTnBvbzg0LS1hY3hGaVBhYUdLZUt4RVVScXA4TU9lemE0RjdTdVUxZnF4bWNaZEZ6RG1oV2RSVGZ2Y01ZdnZWM2lqYWZTMjJhdHp6M3N2SklBNWVVcGN4Zw?oc=5\" target=\"_blank\" rel=\"nofollow noopener\">Lider powi\u0119kszy\u0142 przewag\u0119<\/a>&nbsp;&nbsp;SportoweFakty<\/li>\n<li><a href=\"https:\/\/news.google.com\/rss\/articles\/CBMitwFBVV95cUxNNnRtZ3ZvcW5rcjk5YkNxVWpjX093bWVMbmF4b0wwekpYMkVodHdDVzh3UTJvWEhNN21oVnVRY0FBZmwyZjAxUEw4NFR4d3IwRm1ST09TMVVGZko3NTlxX3NUU0M2WUd1MzRIaXBTM005SEdBTWVneTFlWW80cTB5bDBEZDhHV2IySkU1WHJMYm9Ia0JlT2tfWDREcnQ3VEd1NHI0Sy1QZlpVVWpKOVBGOWZuZkVSUnM?oc=5\" target=\"_blank\" rel=\"nofollow noopener\">Gwiazdor Ekstraklasy odejdzie za grube miliony. Polski klub mo\u017ce liczy\u0107 zysk<\/a>&nbsp;&nbsp;Meczyki.pl<\/li>\n<\/ol>\n","protected":false},"excerpt":{"rendered":"Je\u015bli klub Ekstraklasy si\u0119 na to zgodzi, dostanie astronomiczne pieni\u0105dze&nbsp;&nbsp;Przegl\u0105d Sportowy Onet Bobcek za co najmniej 5 mln&hellip;\n","protected":false},"author":2,"featured_media":142213,"comment_status":"","ping_status":"","sticky":false,"template":"","format":"standard","meta":{"footnotes":""},"categories":[24],"tags":[274,67,551,42,38,40,39,41,136,28861,128,47,127,135,126,29015,2817,130],"class_list":{"0":"post-142212","1":"post","2":"type-post","3":"status-publish","4":"format-standard","5":"has-post-thumbnail","7":"category-sport","8":"tag-ekstraklasa","9":"tag-intextvideo_splayer","10":"tag-lechia_gdansk","11":"tag-pl","12":"tag-poland","13":"tag-polish","14":"tag-polska","15":"tag-polski","16":"tag-ps_detal_new","17":"tag-ps_omp_tst0","18":"tag-psv2","19":"tag-screening_general","20":"tag-sport","21":"tag-sport_sport","22":"tag-sports","23":"tag-tomas_bobcek","24":"tag-transfery","25":"tag-wiadomosci_sportowe"},"share_on_mastodon":{"url":"https:\/\/pubeurope.com\/@pl\/115693541323256624","error":""},"_links":{"self":[{"href":"https:\/\/www.europesays.com\/pl\/wp-json\/wp\/v2\/posts\/142212","targetHints":{"allow":["GET"]}}],"collection":[{"href":"https:\/\/www.europesays.com\/pl\/wp-json\/wp\/v2\/posts"}],"about":[{"href":"https:\/\/www.europesays.com\/pl\/wp-json\/wp\/v2\/types\/post"}],"author":[{"embeddable":true,"href":"https:\/\/www.europesays.com\/pl\/wp-json\/wp\/v2\/users\/2"}],"replies":[{"embeddable":true,"href":"https:\/\/www.europesays.com\/pl\/wp-json\/wp\/v2\/comments?post=142212"}],"version-history":[{"count":0,"href":"https:\/\/www.europesays.com\/pl\/wp-json\/wp\/v2\/posts\/142212\/revisions"}],"wp:featuredmedia":[{"embeddable":true,"href":"https:\/\/www.europesays.com\/pl\/wp-json\/wp\/v2\/media\/142213"}],"wp:attachment":[{"href":"https:\/\/www.europesays.com\/pl\/wp-json\/wp\/v2\/media?parent=142212"}],"wp:term":[{"taxonomy":"category","embeddable":true,"href":"https:\/\/www.europesays.com\/pl\/wp-json\/wp\/v2\/categories?post=142212"},{"taxonomy":"post_tag","embeddable":true,"href":"https:\/\/www.europesays.com\/pl\/wp-json\/wp\/v2\/tags?post=142212"}],"curies":[{"name":"wp","href":"https:\/\/api.w.org\/{rel}","templated":true}]}}