{"id":142226,"date":"2025-12-10T05:28:08","date_gmt":"2025-12-10T05:28:08","guid":{"rendered":"https:\/\/www.europesays.com\/pl\/142226\/"},"modified":"2025-12-10T05:28:08","modified_gmt":"2025-12-10T05:28:08","slug":"papszun-poprowadzi-rakow-jeszcze-w-trzech-meczach","status":"publish","type":"post","link":"https:\/\/www.europesays.com\/pl\/142226\/","title":{"rendered":"Papszun poprowadzi Rak\u00f3w jeszcze w trzech meczach"},"content":{"rendered":"<p class=\"p2\">Marek Papszun zostanie w\u00a0Rakowie Cz\u0119stochowa na\u00a0wszystkie mecze do\u00a0ko\u0144ca 2025 roku. Takie potwierdzenie pad\u0142o z\u00a0ust Piotra Obidzi\u0144skiego w\u00a0programie na\u00a0\u017cywo transmitowanym na\u00a0kanale EkstraklasaTV.<\/p>\n<p class=\"p2\">Przed\u00a0Rakowem Cz\u0119stochowa jeszcze trzy spotkania. Ju\u017c w\u00a0czwartek wicemistrz Polski zmierzy si\u0119 ze\u00a0Zrinjskim Mostar w\u00a0ramach Ligi Konferencji. W\u00a0weekend dru\u017cyn\u0119 Marka Papszuna czeka starcie z\u00a0Zag\u0142\u0119biem Lubin, a\u00a018 grudnia odb\u0119dzie si\u0119 mecz z\u00a0Omoni\u0105 Nikozja.<\/p>\n<p>\u2013 Marek Papszun poprowadzi Rak\u00f3w w\u00a0trzech ostatnich meczach roku? \u2013 spyta\u0142 prowadz\u0105cy.<\/p>\n<p>\u2013 Tak, potwierdzam. Poprowadzi, wed\u0142ug mojej\u00a0najlepszej wiedzy \u2013 odpar\u0142 na\u00a0to\u00a0prezes Rakowa.<\/p>\n<p>Papszun w\u00a0Rakowie jeszcze co\u00a0najmniej na\u00a0trzy mecze <\/p>\n<p class=\"p2\">Obidzi\u0144ski nie\u00a0chcia\u0142 komentowa\u0107\u00a0s\u0142\u00f3w \u0141ukasza Tomczyka, kt\u00f3ry\u00a0w\u00a0otwarty spos\u00f3b opowiada\u0142 we\u00a0wtorek o\u00a0przeci\u0105gaj\u0105cych si\u0119 rozmowach z\u00a0Rakowem. \u2013 Z\u00a0tego, co\u00a0wiem, rozmowy na\u00a0linii Rak\u00f3w \u2013 Legia w\u00a0sprawie trenera Marka Papszuna s\u0105\u00a0na\u00a0zaawansowanym etapie. I\u00a0ja\u00a0te\u017c jestem na\u00a0zaawansowanym etapie \u2013 <a href=\"https:\/\/weszlo.com\/nowy-trener-rakowa-zaprzecza-ze-wplynal-na-papszuna\/\" rel=\"nofollow noopener\" target=\"_blank\">m\u00f3wi\u0142 szkoleniowiec Polonii Bytom w\u00a0Interii.<\/a><\/p>\n<p class=\"p2\">To\u00a0\u017cadna tajemnica, \u017ce\u00a0Tomczyk b\u0119dzie nast\u0119pc\u0105 Marka Papszuna. P\u00f3ki nie\u00a0zosta\u0142 podpisany kontrakt, klub tego jednak nie\u00a0potwierdza. \u2013 Takich rzeczy przed\u00a0og\u0142oszeniem i\u00a0zamkni\u0119ciem temat\u00f3w nie\u00a0nale\u017cy komentowa\u0107\u00a0w \u017caden spos\u00f3b. Pozwol\u0119\u00a0sobie nie\u00a0odpowiedzie\u0107 na\u00a0to\u00a0pytanie \u2013 odpar\u0142 Obidzi\u0144ski zapytany o\u00a0komentarz do\u00a0s\u0142\u00f3w trenera.<\/p>\n<p class=\"p2\">Dzia\u0142acz wypowiedzia\u0142 si\u0119\u00a0r\u00f3wnie\u017c na\u00a0temat potencjalnych propozycji za\u00a0Jonatana Brauta Brunesa.<\/p>\n<p class=\"p2\">\u2013 Zawodnik si\u0119\u00a0odbudowa\u0142, gra jeszcze lepiej ni\u017c\u00a0w zesz\u0142ym sezonie i\u00a0pokazuje si\u0119 w\u00a0Europie. Mam nadziej\u0119, \u017ce\u00a0b\u0119dziemy w\u00a0\u00f3semce, kt\u00f3ra\u00a0wychodzi bezpo\u015brednio do\u00a01\/8 Ligi Konferencji, wobec czego to\u00a0b\u0119dzie jeszcze wi\u0119ksza promocja dla zawodnik\u00f3w, przez\u00a0co\u00a0oferty b\u0119d\u0105 na\u00a0naprawd\u0119 zadowalaj\u0105cym poziomie i\u00a0przed\u00a0nami kolejny bardzo dobry transfer dla Rakowa. Czy\u00a0tak\u00a0si\u0119\u00a0wydarzy? Mamy przed\u00a0sob\u0105 jeszcze trzy mecze. To\u00a0te\u017c kwestia rynku.<\/p>\n<p>\u2013 My, podobnie jak z\u00a0Ante Crnacem, nie\u00a0musimy sprzedawa\u0107. To\u00a0wielka si\u0142a Rakowa i\u00a0jego zaplecza finansowego, kt\u00f3re zapewnia Micha\u0142 \u015awierczewski. Nie\u00a0jeste\u015bmy na\u00a0musie i\u00a0rynek doskonale to\u00a0wie, przez\u00a0co\u00a0nie\u00a0stawia nas w\u00a0\u017caden spos\u00f3b pod\u00a0\u015bcian\u0105 \u2013 twierdzi Obidzi\u0144ski.<\/p>\n<p class=\"p2\">Jonatan Braut Brunes zdoby\u0142 jesieni\u0105 tego roku ju\u017c\u00a0pi\u0119tna\u015bcie bramek (wszystkie rozgrywki), czyli o\u00a0jedn\u0105\u00a0wi\u0119cej ni\u017c\u00a0w zesz\u0142ym sezonie.<\/p>\n<p>WI\u0118CEJ O\u00a0RAKOWIE CZ\u0118STOCHOWA:<\/p>\n<p>Fot.\u00a0newspix.pl<\/p>\n","protected":false},"excerpt":{"rendered":"Marek Papszun zostanie w\u00a0Rakowie Cz\u0119stochowa na\u00a0wszystkie mecze do\u00a0ko\u0144ca 2025 roku. Takie potwierdzenie pad\u0142o z\u00a0ust Piotra Obidzi\u0144skiego w\u00a0programie na\u00a0\u017cywo&hellip;\n","protected":false},"author":2,"featured_media":142227,"comment_status":"","ping_status":"","sticky":false,"template":"","format":"standard","meta":{"footnotes":""},"categories":[24],"tags":[713,2221,9670,42,38,40,39,41,2369,127,126],"class_list":{"0":"post-142226","1":"post","2":"type-post","3":"status-publish","4":"format-standard","5":"has-post-thumbnail","7":"category-sport","8":"tag-legia-warszawa","9":"tag-marek-papszun","10":"tag-piotr-obidzinski","11":"tag-pl","12":"tag-poland","13":"tag-polish","14":"tag-polska","15":"tag-polski","16":"tag-rakow-czestochowa","17":"tag-sport","18":"tag-sports"},"share_on_mastodon":{"url":"https:\/\/pubeurope.com\/@pl\/115693623914962218","error":""},"_links":{"self":[{"href":"https:\/\/www.europesays.com\/pl\/wp-json\/wp\/v2\/posts\/142226","targetHints":{"allow":["GET"]}}],"collection":[{"href":"https:\/\/www.europesays.com\/pl\/wp-json\/wp\/v2\/posts"}],"about":[{"href":"https:\/\/www.europesays.com\/pl\/wp-json\/wp\/v2\/types\/post"}],"author":[{"embeddable":true,"href":"https:\/\/www.europesays.com\/pl\/wp-json\/wp\/v2\/users\/2"}],"replies":[{"embeddable":true,"href":"https:\/\/www.europesays.com\/pl\/wp-json\/wp\/v2\/comments?post=142226"}],"version-history":[{"count":0,"href":"https:\/\/www.europesays.com\/pl\/wp-json\/wp\/v2\/posts\/142226\/revisions"}],"wp:featuredmedia":[{"embeddable":true,"href":"https:\/\/www.europesays.com\/pl\/wp-json\/wp\/v2\/media\/142227"}],"wp:attachment":[{"href":"https:\/\/www.europesays.com\/pl\/wp-json\/wp\/v2\/media?parent=142226"}],"wp:term":[{"taxonomy":"category","embeddable":true,"href":"https:\/\/www.europesays.com\/pl\/wp-json\/wp\/v2\/categories?post=142226"},{"taxonomy":"post_tag","embeddable":true,"href":"https:\/\/www.europesays.com\/pl\/wp-json\/wp\/v2\/tags?post=142226"}],"curies":[{"name":"wp","href":"https:\/\/api.w.org\/{rel}","templated":true}]}}