{"id":142254,"date":"2025-12-10T05:54:10","date_gmt":"2025-12-10T05:54:10","guid":{"rendered":"https:\/\/www.europesays.com\/pl\/142254\/"},"modified":"2025-12-10T05:54:10","modified_gmt":"2025-12-10T05:54:10","slug":"pracownicy-wypowiedzieli-sie-w-filmie","status":"publish","type":"post","link":"https:\/\/www.europesays.com\/pl\/142254\/","title":{"rendered":"Pracownicy wypowiedzieli si\u0119 w filmie"},"content":{"rendered":"\n<p>&#13;<br \/>\nGinekolog Gizela Jagielska, lekarka dokonuj\u0105ca aborcji i\u00a0wyznaj\u0105ca proaborcyjne pogl\u0105dy, straci\u0142a prac\u0119 w\u00a0szpitalu w\u00a0Ole\u015bnicy. Jak powiedzia\u0142a &#8222;Gazecie Wyborczej&#8221;, to\u00a0szpital &#8222;zrezygnowa\u0142 z\u00a0niej&#8221;. Posad\u0119 traci tak\u017ce m\u0105\u017c Jagielskiej. \u2013\u00a031 grudnia ko\u0144cz\u0105 nam si\u0119 kontrakty. Przygotowali\u015bmy oferty, by\u00a0je\u00a0przed\u0142u\u017cy\u0107. Nasi zast\u0119pcy, znaj\u0105c je, przygotowali swoje i\u00a0z\u0142o\u017cyli je\u00a0dyrekcji. Z\u00a0premedytacj\u0105 wysadzili nas w\u00a0ten spos\u00f3b ze\u00a0stanowisk \u2013\u00a0m\u00f3wi aborterka. W\u0142adze szpitala po\u00a0zapoznaniu si\u0119 z\u00a0ofertami zdecydowa\u0142y, \u017ce\u00a0nie przed\u0142u\u017c\u0105 umowy Jagielskim. Podpisz\u0105 j\u0105 z\u00a0dotychczasowym zast\u0119pc\u0105 kierownika oddzia\u0142u ginekologii i\u00a0zast\u0119pczyni\u0105 koordynatora bloku porodowego. &#13;\n<\/p>\n<p>Godek triumfuje. Wskaza\u0142a przyczyny zwolnienia<\/p>\n<p>&#13;<br \/>\nDzia\u0142aczka pro-life Kaja Godek nie\u00a0kryje rado\u015bci. \u2013\u00a0Wygra\u0142o \u017cycie. Gizela Jagielska od\u00a0stycznia ostatecznie odchodzi ze\u00a0szpitala w\u00a0Ole\u015bnicy. Jak sama m\u00f3wi, nie\u00a0by\u0142a to\u00a0jej decyzja. I\u00a0jak sama twierdzi, dzieje si\u0119 to\u00a0ze wzgl\u0119du na\u00a0jej wsp\u00f3\u0142pracownik\u00f3w i\u00a0m\u00f3wi o\u00a0tym, \u017ce\u00a0nie s\u0105dzi\u0142a, \u017ce\u00a0ludzie maj\u0105 tyle tupetu \u2013\u00a0m\u00f3wi na\u00a0nagraniu opublikowany w\u00a0serwisie X. &#13;\n<\/p>\n<p>&#13;<br \/>\n\u2013 Ja Pa\u0144stwu powiem, co\u00a0si\u0119 sta\u0142o. Pracownicy byli i\u00a0obecni szpitala w\u00a0Ole\u015bnicy wypowiedzieli si\u0119 wreszcie o\u00a0tym, co\u00a0dzieje si\u0119 w\u00a0murach plac\u00f3wki. Wypowiedzieli si\u0119 do\u00a0filmu &#8222;Ole\u015bnica. \u015aledztwo w\u00a0sprawie zbrodni&#8221;. Filmu, kt\u00f3ry jest na\u00a0ko\u0144cowym etapie monta\u017cu i\u00a0za chwil\u0119 ca\u0142a Polska zobaczy, co\u00a0naprawd\u0119 robi\u0142a Gizela Jagielska za\u00a0murami tego szpitala. I\u00a0ju\u017c sam trailer wystarczy\u0142, \u017ceby w\u00a0Ole\u015bnicy zrozumieli, o\u00a0jakich sytuacjach b\u0119dzie mowa w\u00a0filmie. Tak powiedzieli ludzie, kt\u00f3rzy byli wielokrotnie zmuszani, nak\u0142aniani, po\u015brednio, bezpo\u015brednio do\u00a0tego, \u017ceby uczestniczy\u0107 w\u00a0aborcjach albo przynajmniej, \u017ceby po\u00a0tych aborcjach sprz\u0105ta\u0107. Widzieli zabite dzieci, co\u00a0z\u00a0tymi dzie\u0107mi si\u0119 dzia\u0142o \u2013\u00a0wskazuje przedstawicielka Fundacji \u017bycie i\u00a0Rodzina. &#13;\n<\/p>\n<p>&#13;<br \/>\n\u2013 Dalej monitorujemy sytuacj\u0119 w\u00a0Ole\u015bnicy, b\u0119dziemy pod\u00a0szpitalem, b\u0119dziemy zadawa\u0107 pytania, czy\u00a0zabijaj\u0105 dzieci. Mam informacj\u0119 do\u00a0aborter\u00f3w w\u00a0ca\u0142ej Polsce: obro\u0144cy \u017cycia id\u0105 za\u00a0wami. I\u00a0wy ju\u017c wiecie, \u017ce\u00a0my wiemy. B\u0119d\u0105 pikiety, publiczne r\u00f3\u017ca\u0144ce, pisma do\u00a0szpitali. Je\u015bli nie\u00a0b\u0119dziecie odpowiadali, b\u0119d\u0105 sprawy w\u00a0s\u0105dach. Odpowiecie za\u00a0ka\u017cde zabite dziecko \u2013\u00a0zapowiada Godek. &#13;\n<\/p>\n<p>&#13;<br \/>\nCzytaj te\u017c:<br \/><a href=\"https:\/\/dorzeczy.pl\/opinie\/817592\/aborcja-9-miesiecznego-dziecka-prokuratura-umarza-sledztwo.html\" rel=\"follow nofollow noopener\" data-schema=\"DORZECZY\" data-image=\"https:\/\/img.dorzeczy.pl\/_thumb\/2d\/7b\/166ebcbec5b09706f4e851517faa.jpeg\" target=\"_blank\">Prokuratura umorzy\u0142a \u015bledztwo w\u00a0sprawie aborcji dokonanej przez Gizel\u0119 Jagielsk\u0105<\/a>&#13;<\/p>\n","protected":false},"excerpt":{"rendered":"&#13; Ginekolog Gizela Jagielska, lekarka dokonuj\u0105ca aborcji i\u00a0wyznaj\u0105ca proaborcyjne pogl\u0105dy, straci\u0142a prac\u0119 w\u00a0szpitalu w\u00a0Ole\u015bnicy. Jak powiedzia\u0142a &#8222;Gazecie Wyborczej&#8221;,&hellip;\n","protected":false},"author":2,"featured_media":142255,"comment_status":"","ping_status":"","sticky":false,"template":"","format":"standard","meta":{"footnotes":""},"categories":[12],"tags":[4434,32,33,98,36,37,29016,27,29001,49,34,35,28,31,25,6854,102,42,38,40,39,41,2612,5602,29,30,26],"class_list":{"0":"post-142254","1":"post","2":"type-post","3":"status-publish","4":"format-standard","5":"has-post-thumbnail","7":"category-polska","8":"tag-aborcja","9":"tag-breaking-news","10":"tag-breakingnews","11":"tag-dorzeczy","12":"tag-featured-news","13":"tag-featurednews","14":"tag-godek","15":"tag-headlines","16":"tag-jagielska","17":"tag-kraj","18":"tag-latest-news","19":"tag-latestnews","20":"tag-naglowki","21":"tag-najwazniejsze-artykuly","22":"tag-news","23":"tag-olesnica","24":"tag-opinie","25":"tag-pl","26":"tag-poland","27":"tag-polish","28":"tag-polska","29":"tag-polski","30":"tag-rodzina","31":"tag-szpital","32":"tag-top-stories","33":"tag-topstories","34":"tag-wiadomosci"},"share_on_mastodon":{"url":"https:\/\/pubeurope.com\/@pl\/115693726190100203","error":""},"_links":{"self":[{"href":"https:\/\/www.europesays.com\/pl\/wp-json\/wp\/v2\/posts\/142254","targetHints":{"allow":["GET"]}}],"collection":[{"href":"https:\/\/www.europesays.com\/pl\/wp-json\/wp\/v2\/posts"}],"about":[{"href":"https:\/\/www.europesays.com\/pl\/wp-json\/wp\/v2\/types\/post"}],"author":[{"embeddable":true,"href":"https:\/\/www.europesays.com\/pl\/wp-json\/wp\/v2\/users\/2"}],"replies":[{"embeddable":true,"href":"https:\/\/www.europesays.com\/pl\/wp-json\/wp\/v2\/comments?post=142254"}],"version-history":[{"count":0,"href":"https:\/\/www.europesays.com\/pl\/wp-json\/wp\/v2\/posts\/142254\/revisions"}],"wp:featuredmedia":[{"embeddable":true,"href":"https:\/\/www.europesays.com\/pl\/wp-json\/wp\/v2\/media\/142255"}],"wp:attachment":[{"href":"https:\/\/www.europesays.com\/pl\/wp-json\/wp\/v2\/media?parent=142254"}],"wp:term":[{"taxonomy":"category","embeddable":true,"href":"https:\/\/www.europesays.com\/pl\/wp-json\/wp\/v2\/categories?post=142254"},{"taxonomy":"post_tag","embeddable":true,"href":"https:\/\/www.europesays.com\/pl\/wp-json\/wp\/v2\/tags?post=142254"}],"curies":[{"name":"wp","href":"https:\/\/api.w.org\/{rel}","templated":true}]}}