{"id":142422,"date":"2025-12-10T07:38:09","date_gmt":"2025-12-10T07:38:09","guid":{"rendered":"https:\/\/www.europesays.com\/pl\/142422\/"},"modified":"2025-12-10T07:38:09","modified_gmt":"2025-12-10T07:38:09","slug":"oppo-a6l-oficjalnie-tani-wytrzymaly-i-oplacalny-smartfon","status":"publish","type":"post","link":"https:\/\/www.europesays.com\/pl\/142422\/","title":{"rendered":"OPPO A6L oficjalnie. Tani, wytrzyma\u0142y i op\u0142acalny smartfon"},"content":{"rendered":"<p class=\"lead\">OPPO poszerza swoj\u0105 seri\u0119 o nowy model OPPO A6L. Smartfon wyr\u00f3\u017cnia si\u0119 mocn\u0105 bateri\u0105 7000 mAh i solidn\u0105 odporno\u015bci\u0105. To propozycja dla os\u00f3b szukaj\u0105cych wytrzyma\u0142ego smartfona w niskiej cenie.<\/p>\n<p>OPPO A6L debiutuje jako kolejny model z popularnej serii. Telefon oferuje du\u017cy wy\u015bwietlacz OLED, pojemn\u0105 bateri\u0119 i szybkie \u0142adowanie. Nowy \u015bredniak oferuje tak\u017ce wytrzyma\u0142\u0105 konstrukcj\u0119 oraz przyst\u0119pn\u0105 cen\u0119, a oto szczeg\u00f3\u0142y premiery.<\/p>\n<p>OPPO A6L z du\u017cym ekranem i mocn\u0105 bateri\u0105<\/p>\n<p>Nowy OPPO A6L otrzyma\u0142 6,8-calowy ekran OLED o rozdzielczo\u015bci Full HD i od\u015bwie\u017caniu 120 Hz. Panel zapewnia jasno\u015b\u0107 do 1600 nit\u00f3w i bardzo cienkie ramki. Producent zastosowa\u0142 szk\u0142o Crystal Shield, kt\u00f3re poprawia odporno\u015b\u0107 na uszkodzenia. Ca\u0142o\u015b\u0107 prezentuje si\u0119 ca\u0142kiem elegancko, cho\u0107 to kwestia gustu.<\/p>\n<p><a href=\"https:\/\/www.gsmmaniak.pl\/wp-content\/uploads\/gsmmaniak\/2025\/12\/1-5.png\" rel=\"lightbox-post4 nofollow noopener\" target=\"_blank\"><img loading=\"lazy\" decoding=\"async\" aria-describedby=\"caption-attachment-1620121\" class=\"size-medium wp-image-1620121\" src=\"https:\/\/www.europesays.com\/pl\/wp-content\/uploads\/2025\/12\/1-5-medium.png\" alt=\"OPPO A6L\" width=\"500\" height=\"286\"   itemprop=\"image\" \/><\/a><\/p>\n<p id=\"caption-attachment-1620121\" class=\"wp-caption-text\">OPPO A6L \/ fot. producenta<\/p>\n<p>Model korzysta z uk\u0142adu Snapdragon 7 Gen 3, wspieranego przez 12 GB RAM. Do dyspozycji u\u017cytkownika jest 256 GB pami\u0119ci UFS 3.1. Telefon pracuje na ColorOS 15 opartym na Androidzie 15. Szkoda, \u017ce nie pokuszona si\u0119 o nowsz\u0105 wersj\u0119, ale m\u00f3wi si\u0119 trudno.<\/p>\n<p>Poza tym du\u017ca bateria 7000 mAh obs\u0142uguje szybkie \u0142adowanie 80 W. Zaplecze fotograficzne wygl\u0105da nast\u0119puj\u0105co: g\u0142\u00f3wny aparat ma 50 MP i OIS, a dodatkowy sensor korzysta z 2 MP. Z przodu za\u015b umieszczono kamer\u0119 selfie 32 MP. Konstrukcja spe\u0142nia normy IP68\/IP69, co potwierdza jej wytrzyma\u0142o\u015b\u0107.<\/p>\n<p>Cena oraz dost\u0119pno\u015b\u0107<\/p>\n<p>Nasz bohater debiutuje w jednej wersji 12\/256 GB. Smartfon kosztuje 1799 juan\u00f3w, czyli oko\u0142o 930 z\u0142otych. Model dost\u0119pny jest w trzech kolorach: bia\u0142ym, r\u00f3\u017cowym i niebieskim. Chi\u0144ska sprzeda\u017c w\u0142a\u015bnie ruszy\u0142a.<\/p>\n<p>Nie oczekuje si\u0119 globalnej dost\u0119pno\u015bci OPPO A6L. I to jest bardzo z\u0142a informacja. Dobra specyfikacja, rozs\u0105dna cena i wysoka op\u0142acalno\u015b\u0107 zrobi\u0142yby ze smartfona HIT w Polsce. Brakuje nam takich modeli, kt\u00f3re posiadaj\u0105 \u015bwietn\u0105 bateri\u0119 i mocn\u0105 obudow\u0119.<\/p>\n<p style=\"text-align: center;\"><a href=\"https:\/\/www.gsmmaniak.pl\/1619446\/redmi-note-15-pro-4g-specyfikacja-cena-w-europie-przed-premiera\/\" rel=\"nofollow noopener\" target=\"_blank\">Nowy Redmi z aparatem 200 MP i 6500 mAh zrobi furor\u0119 w\u015br\u00f3d Polak\u00f3w.<\/a><\/p>\n<blockquote class=\"wp-embedded-content\" data-secret=\"j2XGu3kXwO\">\n<p><a href=\"https:\/\/www.gsmmaniak.pl\/1619446\/redmi-note-15-pro-4g-specyfikacja-cena-w-europie-przed-premiera\/\" rel=\"nofollow noopener\" target=\"_blank\">Nowy Redmi z aparatem 200 MP i 6500 mAh zrobi furor\u0119 w\u015br\u00f3d Polak\u00f3w<\/a><\/p>\n<\/blockquote>\n<p>\u0179r\u00f3d\u0142o: <a href=\"https:\/\/www.gizmochina.com\/2025\/12\/09\/oppo-a6i-launch-price-specifications\/\" rel=\"nofollow noopener\" target=\"_blank\">gizmochina<\/a><\/p>\n<p>Na stronie mog\u0105 wyst\u0119powa\u0107 linki afiliacyjne lub reklamowe.<\/p>\n","protected":false},"excerpt":{"rendered":"OPPO poszerza swoj\u0105 seri\u0119 o nowy model OPPO A6L. Smartfon wyr\u00f3\u017cnia si\u0119 mocn\u0105 bateri\u0105 7000 mAh i solidn\u0105&hellip;\n","protected":false},"author":2,"featured_media":142423,"comment_status":"","ping_status":"","sticky":false,"template":"","format":"standard","meta":{"footnotes":""},"categories":[20],"tags":[120,118,119,29039,29034,29037,29038,29035,29036,42,38,40,39,41,116,114,115,27126,121,117,29040],"class_list":{"0":"post-142422","1":"post","2":"type-post","3":"status-publish","4":"format-standard","5":"has-post-thumbnail","7":"category-nauka-i-technika","8":"tag-nauka","9":"tag-nauka-i-technika","10":"tag-naukatechnika","11":"tag-nowy-oppo","12":"tag-oppo-a6l","13":"tag-oppo-a6l-cena","14":"tag-oppo-a6l-dostepnosc","15":"tag-oppo-a6l-premiera","16":"tag-oppo-a6l-specyfikacja","17":"tag-pl","18":"tag-poland","19":"tag-polish","20":"tag-polska","21":"tag-polski","22":"tag-science","23":"tag-science-and-technology","24":"tag-sciencetechnology","25":"tag-tani-telefon","26":"tag-technika","27":"tag-technology","28":"tag-wytrzymaly-telefon"},"share_on_mastodon":{"url":"https:\/\/pubeurope.com\/@pl\/115694135596766575","error":""},"_links":{"self":[{"href":"https:\/\/www.europesays.com\/pl\/wp-json\/wp\/v2\/posts\/142422","targetHints":{"allow":["GET"]}}],"collection":[{"href":"https:\/\/www.europesays.com\/pl\/wp-json\/wp\/v2\/posts"}],"about":[{"href":"https:\/\/www.europesays.com\/pl\/wp-json\/wp\/v2\/types\/post"}],"author":[{"embeddable":true,"href":"https:\/\/www.europesays.com\/pl\/wp-json\/wp\/v2\/users\/2"}],"replies":[{"embeddable":true,"href":"https:\/\/www.europesays.com\/pl\/wp-json\/wp\/v2\/comments?post=142422"}],"version-history":[{"count":0,"href":"https:\/\/www.europesays.com\/pl\/wp-json\/wp\/v2\/posts\/142422\/revisions"}],"wp:featuredmedia":[{"embeddable":true,"href":"https:\/\/www.europesays.com\/pl\/wp-json\/wp\/v2\/media\/142423"}],"wp:attachment":[{"href":"https:\/\/www.europesays.com\/pl\/wp-json\/wp\/v2\/media?parent=142422"}],"wp:term":[{"taxonomy":"category","embeddable":true,"href":"https:\/\/www.europesays.com\/pl\/wp-json\/wp\/v2\/categories?post=142422"},{"taxonomy":"post_tag","embeddable":true,"href":"https:\/\/www.europesays.com\/pl\/wp-json\/wp\/v2\/tags?post=142422"}],"curies":[{"name":"wp","href":"https:\/\/api.w.org\/{rel}","templated":true}]}}