{"id":142432,"date":"2025-12-10T07:43:08","date_gmt":"2025-12-10T07:43:08","guid":{"rendered":"https:\/\/www.europesays.com\/pl\/142432\/"},"modified":"2025-12-10T07:43:08","modified_gmt":"2025-12-10T07:43:08","slug":"artur-boruc-szokuje-swoim-wyznaniem-sam-jestem-sobie-winien","status":"publish","type":"post","link":"https:\/\/www.europesays.com\/pl\/142432\/","title":{"rendered":"Artur Boruc szokuje swoim wyznaniem. &#8222;Sam jestem sobie winien&#8221;"},"content":{"rendered":"<p class=\"Paragraph_desktopParagraph__Fd2e9\">By\u0142y bramkarz reprezentacji Polski otwarcie przyznaje dzi\u015b, \u017ce sportowa emerytura nie przynios\u0142a od razu upragnionej ulgi. Wr\u0119cz przeciwnie, przynios\u0142a zderzenie z pustk\u0105 i narastaj\u0105cymi problemami natury psychicznej.<\/p>\n<p class=\"Paragraph_desktopParagraph__Fd2e9\">&#8222;Spodziewa\u0142em si\u0119, \u017ce okres przej\u015bciowy b\u0119dzie \u0142atwiejszy. My\u015bla\u0142em, \u017ce po pi\u0142ce b\u0119dzie sielanka. Tymczasem by\u0142em lekko przyduszony przez \u017cycie i sam jestem sobie winien. Mam na my\u015bli to, czym si\u0119 zajmowa\u0142em, czyli brak zaj\u0119\u0107. By\u0142o to obci\u0105\u017caj\u0105ce dla mojej g\u0142owy. Mog\u0119 powiedzie\u0107, \u017ce pojawi\u0142a si\u0119 ma\u0142a depresja&#8221; \u2014 wyzna\u0142 w rozmowie z WP SportoweFakty.<\/p>\n<p class=\"Paragraph_desktopParagraph__Fd2e9\">Trudny okres trwa\u0142 oko\u0142o roku. Dopiero si\u0119gni\u0119cie po profesjonaln\u0105 pomoc pozwoli\u0142o Borucowi stopniowo wyj\u015b\u0107 z mentalnego kryzysu. Podkre\u015bla, \u017ce jednym z najtrudniejszych do\u015bwiadcze\u0144 by\u0142 nag\u0142y spadek zainteresowania jego osob\u0105 \u2014 zjawisko, z kt\u00f3rym wcze\u015bniej nie mia\u0142 styczno\u015bci.<\/p>\n<p class=\"Paragraph_desktopParagraph__Fd2e9\">&#8222;Czujesz, jakby\u015b z dnia na dzie\u0144 stawa\u0142 si\u0119 po prostu mniej potrzebny. Ludzie, kt\u00f3rzy interesuj\u0105 si\u0119 sportem, przestaj\u0105 si\u0119 do ciebie odzywa\u0107, dzwoni\u0107. Chodzi nawet o zwyczajne rzeczy: nie prosz\u0105 o bilety, nie gratuluj\u0105, nie krytykuj\u0105, nie rozmawiaj\u0105 z tob\u0105 o przebiegu meczu. Nagle ubywa os\u00f3b wok\u00f3\u0142 ciebie. Zainteresowanie twoj\u0105 osob\u0105 topnieje i blednie. Do\u015bwiadczy\u0142em tego. Przesta\u0142em czu\u0107 si\u0119 a\u017c tak potrzebny, jak w trakcie kariery&#8221; \u2014 doda\u0142.<\/p>\n<p class=\"VideoPlayerText_videoPlayerText__zrtJk\">Dalszy ci\u0105g materia\u0142u pod wideo<\/p>\n<p class=\"Paragraph_desktopParagraph__Fd2e9\">By\u0142y bramkarz zwr\u00f3ci\u0142 te\u017c uwag\u0119 na aspekt fizyczny i wp\u0142yw otoczenia na codzienne samopoczucie. Przeprowadzka do Hiszpanii okaza\u0142a si\u0119 mie\u0107 ogromne znaczenie dla jego energii i nastroju.<\/p>\n<p class=\"Paragraph_desktopParagraph__Fd2e9\">&#8222;S\u0142o\u0144ce, ciep\u0142o \u2014 daje inn\u0105 energi\u0119. R\u00f3\u017cnica jest naprawd\u0119 du\u017ca. Nie zdawa\u0142em sobie sprawy, jakim lekarstwem jest witamina D&#8221; \u2014 opowiedzia\u0142.<\/p>\n<p class=\"Paragraph_desktopParagraph__Fd2e9\">Boruc przyznaje, \u017ce przez wi\u0119kszo\u015b\u0107 kariery regularnie korzysta\u0142 ze wsparcia psychologa, jednak po zako\u0144czeniu gry na pewien czas odsun\u0105\u0142 od siebie t\u0119 form\u0119 pomocy. Dopiero \u017cyciowy kryzys sprawi\u0142, \u017ce ponownie po ni\u0105 si\u0119gn\u0105\u0142.<\/p>\n<p class=\"Paragraph_desktopParagraph__Fd2e9\">&#8222;Przez wiele lat kariery pracowa\u0142em z psychologiem. Po pi\u0142ce zapomnia\u0142em o tej pomocy, jednak w okresie, w kt\u00f3rym \u017cycie przycisn\u0119\u0142o mnie troch\u0119 bardziej, musia\u0142em skierowa\u0107 si\u0119 ponownie w t\u0119 stron\u0119. Du\u017co \u0142atwiej jest przegada\u0107 z kim\u015b taki temat. Samemu nie do ko\u0144ca mo\u017cemy wyt\u0142umaczy\u0107 sobie pewne kwestie i p\u00f3j\u015b\u0107 dalej&#8221; \u2014 zako\u0144czy\u0142 Boruc.<\/p>\n","protected":false},"excerpt":{"rendered":"By\u0142y bramkarz reprezentacji Polski otwarcie przyznaje dzi\u015b, \u017ce sportowa emerytura nie przynios\u0142a od razu upragnionej ulgi. Wr\u0119cz przeciwnie,&hellip;\n","protected":false},"author":2,"featured_media":142433,"comment_status":"","ping_status":"","sticky":false,"template":"","format":"standard","meta":{"footnotes":""},"categories":[24],"tags":[29013,7345,67,746,948,42,38,40,39,41,136,128,47,127,135,126],"class_list":{"0":"post-142432","1":"post","2":"type-post","3":"status-publish","4":"format-standard","5":"has-post-thumbnail","7":"category-sport","8":"tag-artur_boruc","9":"tag-depresja","10":"tag-intextvideo_splayer","11":"tag-lysy","12":"tag-pilka_nozna","13":"tag-pl","14":"tag-poland","15":"tag-polish","16":"tag-polska","17":"tag-polski","18":"tag-ps_detal_new","19":"tag-psv2","20":"tag-screening_general","21":"tag-sport","22":"tag-sport_sport","23":"tag-sports"},"share_on_mastodon":{"url":"https:\/\/pubeurope.com\/@pl\/115694154774557023","error":""},"_links":{"self":[{"href":"https:\/\/www.europesays.com\/pl\/wp-json\/wp\/v2\/posts\/142432","targetHints":{"allow":["GET"]}}],"collection":[{"href":"https:\/\/www.europesays.com\/pl\/wp-json\/wp\/v2\/posts"}],"about":[{"href":"https:\/\/www.europesays.com\/pl\/wp-json\/wp\/v2\/types\/post"}],"author":[{"embeddable":true,"href":"https:\/\/www.europesays.com\/pl\/wp-json\/wp\/v2\/users\/2"}],"replies":[{"embeddable":true,"href":"https:\/\/www.europesays.com\/pl\/wp-json\/wp\/v2\/comments?post=142432"}],"version-history":[{"count":0,"href":"https:\/\/www.europesays.com\/pl\/wp-json\/wp\/v2\/posts\/142432\/revisions"}],"wp:featuredmedia":[{"embeddable":true,"href":"https:\/\/www.europesays.com\/pl\/wp-json\/wp\/v2\/media\/142433"}],"wp:attachment":[{"href":"https:\/\/www.europesays.com\/pl\/wp-json\/wp\/v2\/media?parent=142432"}],"wp:term":[{"taxonomy":"category","embeddable":true,"href":"https:\/\/www.europesays.com\/pl\/wp-json\/wp\/v2\/categories?post=142432"},{"taxonomy":"post_tag","embeddable":true,"href":"https:\/\/www.europesays.com\/pl\/wp-json\/wp\/v2\/tags?post=142432"}],"curies":[{"name":"wp","href":"https:\/\/api.w.org\/{rel}","templated":true}]}}