{"id":142448,"date":"2025-12-10T07:54:10","date_gmt":"2025-12-10T07:54:10","guid":{"rendered":"https:\/\/www.europesays.com\/pl\/142448\/"},"modified":"2025-12-10T07:54:10","modified_gmt":"2025-12-10T07:54:10","slug":"trump-dni-maduro-sa-policzone-na-celowniku-takze-kolumbia-i-meksyk-bankier-pl","status":"publish","type":"post","link":"https:\/\/www.europesays.com\/pl\/142448\/","title":{"rendered":"Trump: Dni Maduro s\u0105 policzone. Na celowniku tak\u017ce Kolumbia i Meksyk &#8211; Bankier.pl"},"content":{"rendered":"<ol>\n<li><a href=\"https:\/\/news.google.com\/rss\/articles\/CBMisgFBVV95cUxOdUtfNXVCMFYybWxjNlludmJBdTNQY1VsNUZhNW5wUVVacGNYVUxiQVZlWi1lWG5SbHBlY0Y0ekg0OV84Y3drUVNMMEZ1THczMDVNcWYtejA1ZEs4U0NfMW4tQ2MxNU9LNzl6MWJmWHVzaWw0M3FwYXJNamFkX3daSWVROUNpdFdYeVdmTndHOUFWb0RnQTlrWm5kclJ1eWVqUkdETmp3U19lcFljdUpzLWN30gGwAUFVX3lxTE1mUWNiaXRvTTN4cDlpOUhQUU9pa3NVMUNzaC15Y0dxa1FWOHNqS0F2ejlWcEhvNkE3Z3ljd25DQzlYN1luU1RKLXVXZ0dpNEJFRmtkcmxOUFNhVVlRVkNnb1VlWEVQbVpuVmpMcEJ4Zld5RHZEOUt3RGhDei1FSUdwTVBHdXlWOGxWUjRmVU9VdU1LdHlEcGZhX3FJMkIwRGZjenN3NG5kd09YZ2xYQVZZ?oc=5\" target=\"_blank\" rel=\"nofollow noopener\">Trump: Dni Maduro s\u0105 policzone. Na celowniku tak\u017ce Kolumbia i Meksyk<\/a>&nbsp;&nbsp;Bankier.pl<\/li>\n<li><a href=\"https:\/\/news.google.com\/rss\/articles\/CBMiugFBVV95cUxONmFpa2Vfd1pTeVhzdHFyOXBqem1hc0E3R2R5MnRzZkF4MTdxSzhFVkZNc2pONGExUkJ2REpTakJYQ3FVdUFJekdXaEhacG9MTEc3TDBRWTZvdDhWQVJwQjhhTFFwUGI5TXNja3JjdGg5a2ZZVllQWGFBYWVNZ243SWNnTVdhQk1BWDBjZEhQUEVoNE1yVXgyTVRLNXhHTzl3b2NtMV9UMFA4R1RzYkFVeEZRdGZhdWw5ZlE?oc=5\" target=\"_blank\" rel=\"nofollow noopener\">Ataki na l\u0105dzie, rozszerzenie dzia\u0142a\u0144 na Meksyk i Kolumbi\u0119? Trump o walce z kartelami<\/a>&nbsp;&nbsp;Rzeczpospolita<\/li>\n<li><a href=\"https:\/\/news.google.com\/rss\/articles\/CBMisgFBVV95cUxNVlVNeXlVV01tVzcycHZ0Sk9vejdCNHdqaEhDNVgzYjRWcG1MeHhkT2FwS25UMG9nWGJfVy1TRjNUTERmTjJaZXYwa2J2R2lSWGxwcVA0bjVjUVYxdmNELXFwRC13MUVQN1VaNy0wR2RoaVRxcVh2dzdnUUNyNFhVLTg3MjhNU0huLUdCa1FTOXVxdFZxSHhQU2V3Rko0X3k2RWRpUVIta3dCRjlXUWFrZmh3?oc=5\" target=\"_blank\" rel=\"nofollow noopener\">&#8222;Ostatnie tchnienie karykaturalnego re\u017cimu&#8221;. Ekipa Trumpa powiedzia\u0142a &#8222;do\u015b\u0107&#8221;<\/a>&nbsp;&nbsp;Onet Wiadomo\u015bci<\/li>\n<li><a href=\"https:\/\/news.google.com\/rss\/articles\/CBMirwFBVV95cUxQRmNheUwxLWdyM2pfY1pmR1AxdkdDTE1tVnVtSHlyVTU2NGVNYmRCMHBLMGFMbzFVbkpVNEpCUGRjZTU4U295VmJYOTB3YVFRenQ0c3ZRYnlRV00wa3NIa1Y2LTdYcFNKb0pOSnhwdHNqLXhNTmpDM0V1T0pVWmxKY2laZU5kV2hlT19ZSmp5ZHEtSUxVazlHT2VkYVp4b0JXT1RmdlU4bVVMTWM1c3E0?oc=5\" target=\"_blank\" rel=\"nofollow noopener\">M\u00f3wi\u0105 o tajnym planie USA wobec obcego rz\u0105du. Ludzie Trumpa robi\u0105 to &#8222;po cichu&#8221;<\/a>&nbsp;&nbsp;Wydarzenia Interia<\/li>\n<li><a href=\"https:\/\/news.google.com\/rss\/articles\/CBMijwFBVV95cUxPNHRHQ3VFc29hYjI5WDUxWmgwRW9ZQUF2Wm5RX0laZ2tfdGM3LVpUWFB6TVBrcXN4T0dVeFp0LXRZQmY4QkNVdExWdDNVYU4zZXhiRFZxYUxRd2k1cFo4eGxpNXVWT0JOVlE0R055cFhXTDQ3RlZuMWFTNXN4S3R0bjJUSEJSNmxBN3FubmpVNA?oc=5\" target=\"_blank\" rel=\"nofollow noopener\">&#8222;Jego dni s\u0105 policzone&#8221;<\/a>&nbsp;&nbsp;TVN24<\/li>\n<\/ol>\n","protected":false},"excerpt":{"rendered":"Trump: Dni Maduro s\u0105 policzone. Na celowniku tak\u017ce Kolumbia i Meksyk&nbsp;&nbsp;Bankier.pl Ataki na l\u0105dzie, rozszerzenie dzia\u0142a\u0144 na Meksyk&hellip;\n","protected":false},"author":2,"featured_media":56210,"comment_status":"","ping_status":"","sticky":false,"template":"","format":"standard","meta":{"footnotes":""},"categories":[14],"tags":[32,33,27,34,35,28,31,25,40,41,80,29,30,26,82,83,84],"class_list":{"0":"post-142448","1":"post","2":"type-post","3":"status-publish","4":"format-standard","5":"has-post-thumbnail","7":"category-swiat","8":"tag-breaking-news","9":"tag-breakingnews","10":"tag-headlines","11":"tag-latest-news","12":"tag-latestnews","13":"tag-naglowki","14":"tag-najwazniejsze-artykuly","15":"tag-news","16":"tag-polish","17":"tag-polski","18":"tag-swiat","19":"tag-top-stories","20":"tag-topstories","21":"tag-wiadomosci","22":"tag-world","23":"tag-world-news","24":"tag-worldnews"},"share_on_mastodon":{"url":"https:\/\/pubeurope.com\/@pl\/115694198032328233","error":""},"_links":{"self":[{"href":"https:\/\/www.europesays.com\/pl\/wp-json\/wp\/v2\/posts\/142448","targetHints":{"allow":["GET"]}}],"collection":[{"href":"https:\/\/www.europesays.com\/pl\/wp-json\/wp\/v2\/posts"}],"about":[{"href":"https:\/\/www.europesays.com\/pl\/wp-json\/wp\/v2\/types\/post"}],"author":[{"embeddable":true,"href":"https:\/\/www.europesays.com\/pl\/wp-json\/wp\/v2\/users\/2"}],"replies":[{"embeddable":true,"href":"https:\/\/www.europesays.com\/pl\/wp-json\/wp\/v2\/comments?post=142448"}],"version-history":[{"count":0,"href":"https:\/\/www.europesays.com\/pl\/wp-json\/wp\/v2\/posts\/142448\/revisions"}],"wp:featuredmedia":[{"embeddable":true,"href":"https:\/\/www.europesays.com\/pl\/wp-json\/wp\/v2\/media\/56210"}],"wp:attachment":[{"href":"https:\/\/www.europesays.com\/pl\/wp-json\/wp\/v2\/media?parent=142448"}],"wp:term":[{"taxonomy":"category","embeddable":true,"href":"https:\/\/www.europesays.com\/pl\/wp-json\/wp\/v2\/categories?post=142448"},{"taxonomy":"post_tag","embeddable":true,"href":"https:\/\/www.europesays.com\/pl\/wp-json\/wp\/v2\/tags?post=142448"}],"curies":[{"name":"wp","href":"https:\/\/api.w.org\/{rel}","templated":true}]}}